{"id":155159,"date":"2017-07-13T10:00:19","date_gmt":"2017-07-13T08:00:19","guid":{"rendered":"http:\/\/www.albinfo.ch\/?p=155159\/"},"modified":"2017-07-13T16:08:24","modified_gmt":"2017-07-13T14:08:24","slug":"10-gruende-kosova-zu-besuchen-2","status":"publish","type":"post","link":"https:\/\/www.albinfo.at\/fr\/10-gruende-kosova-zu-besuchen-2\/","title":{"rendered":"10 raisons de visiter le Kosovo"},"content":{"rendered":"<p>Le Kosovo est riche en beaut\u00e9s naturelles et en sites historiques et culturels. Les Kosovars sont accueillants et les prix sont abordables, en particulier pour les touristes \u00e9trangers. La nourriture est aussi une bonne raison de visiter le pays. Albinfo.ch d\u00e9veloppe dix raisons pour lesquelles vous devriez visiter le Kosovo.<\/p>\n<p>1.Les beaut\u00e9s naturelles\u00a0: ce sont l\u2019une des principales raisons de visiter le Kosovo, en particulier pendant l\u2019\u00e9t\u00e9. Le Kosovo est riche de tr\u00e9sors tels que les gorges de Rugova, la vall\u00e9e de Sharri, la cascade de Mirusha, la bifurcation de Neredim\u00eb et de Prevalla, ainsi que la source de Drini. Ce ne sont l\u00e0 que quelques-uns des magnifiques endroits que vous pouvez visiter, mais il y\u2019en a beaucoup d\u2019autres.<\/p>\n<p><a href=\"http:\/\/www.albinfo.ch\/wp-content\/uploads\/2017\/07\/mirusha-gjakov\u00bd.jpg\"><img loading=\"lazy\" decoding=\"async\" class=\"alignnone size-large wp-image-155194\" src=\"http:\/\/www.albinfo.ch\/wp-content\/uploads\/2017\/07\/mirusha-gjakov\u00bd-1024x683.jpg\" alt=\"\" width=\"640\" height=\"427\" srcset=\"https:\/\/www.albinfo.at\/wp-content\/uploads\/2017\/07\/mirusha-gjakov\u00bd-1024x683.jpg 1024w, https:\/\/www.albinfo.at\/wp-content\/uploads\/2017\/07\/mirusha-gjakov\u00bd-300x200.jpg 300w, https:\/\/www.albinfo.at\/wp-content\/uploads\/2017\/07\/mirusha-gjakov\u00bd-768x512.jpg 768w, https:\/\/www.albinfo.at\/wp-content\/uploads\/2017\/07\/mirusha-gjakov\u00bd-210x141.jpg 210w, https:\/\/www.albinfo.at\/wp-content\/uploads\/2017\/07\/mirusha-gjakov\u00bd-587x391.jpg 587w, https:\/\/www.albinfo.at\/wp-content\/uploads\/2017\/07\/mirusha-gjakov\u00bd.jpg 1620w\" sizes=\"auto, (max-width: 640px) 100vw, 640px\" \/><\/a><\/p>\n<p><a href=\"http:\/\/www.albinfo.ch\/wp-content\/uploads\/2017\/07\/gjeravica_141.jpg\"><img loading=\"lazy\" decoding=\"async\" class=\"alignnone size-large wp-image-155185\" src=\"http:\/\/www.albinfo.ch\/wp-content\/uploads\/2017\/07\/gjeravica_141-1024x683.jpg\" alt=\"\" width=\"640\" height=\"427\" srcset=\"https:\/\/www.albinfo.at\/wp-content\/uploads\/2017\/07\/gjeravica_141-1024x683.jpg 1024w, https:\/\/www.albinfo.at\/wp-content\/uploads\/2017\/07\/gjeravica_141-300x200.jpg 300w, https:\/\/www.albinfo.at\/wp-content\/uploads\/2017\/07\/gjeravica_141-768x512.jpg 768w, https:\/\/www.albinfo.at\/wp-content\/uploads\/2017\/07\/gjeravica_141-210x141.jpg 210w, https:\/\/www.albinfo.at\/wp-content\/uploads\/2017\/07\/gjeravica_141-587x391.jpg 587w, https:\/\/www.albinfo.at\/wp-content\/uploads\/2017\/07\/gjeravica_141.jpg 1620w\" sizes=\"auto, (max-width: 640px) 100vw, 640px\" \/><\/a><a href=\"http:\/\/www.albinfo.ch\/wp-content\/uploads\/2017\/07\/drini-panorama2-1.jpg\"><img loading=\"lazy\" decoding=\"async\" class=\"alignnone size-large wp-image-155181\" src=\"http:\/\/www.albinfo.ch\/wp-content\/uploads\/2017\/07\/drini-panorama2-1-1024x399.jpg\" alt=\"\" width=\"640\" height=\"249\" srcset=\"https:\/\/www.albinfo.at\/wp-content\/uploads\/2017\/07\/drini-panorama2-1-1024x399.jpg 1024w, https:\/\/www.albinfo.at\/wp-content\/uploads\/2017\/07\/drini-panorama2-1-300x117.jpg 300w, https:\/\/www.albinfo.at\/wp-content\/uploads\/2017\/07\/drini-panorama2-1-768x300.jpg 768w, https:\/\/www.albinfo.at\/wp-content\/uploads\/2017\/07\/drini-panorama2-1-587x229.jpg 587w, https:\/\/www.albinfo.at\/wp-content\/uploads\/2017\/07\/drini-panorama2-1.jpg 1920w\" sizes=\"auto, (max-width: 640px) 100vw, 640px\" \/><\/a><\/p>\n<p><a href=\"http:\/\/www.albinfo.ch\/wp-content\/uploads\/2017\/07\/uj\u00bdvara-e-drinit-bardh\u00bd-radavc.jpg\"><img loading=\"lazy\" decoding=\"async\" class=\"alignnone size-large wp-image-155170\" src=\"http:\/\/www.albinfo.ch\/wp-content\/uploads\/2017\/07\/uj\u00bdvara-e-drinit-bardh\u00bd-radavc-683x1024.jpg\" alt=\"\" width=\"640\" height=\"960\" srcset=\"https:\/\/www.albinfo.at\/wp-content\/uploads\/2017\/07\/uj\u00bdvara-e-drinit-bardh\u00bd-radavc-683x1024.jpg 683w, https:\/\/www.albinfo.at\/wp-content\/uploads\/2017\/07\/uj\u00bdvara-e-drinit-bardh\u00bd-radavc-200x300.jpg 200w, https:\/\/www.albinfo.at\/wp-content\/uploads\/2017\/07\/uj\u00bdvara-e-drinit-bardh\u00bd-radavc-768x1152.jpg 768w, https:\/\/www.albinfo.at\/wp-content\/uploads\/2017\/07\/uj\u00bdvara-e-drinit-bardh\u00bd-radavc-264x396.jpg 264w, https:\/\/www.albinfo.at\/wp-content\/uploads\/2017\/07\/uj\u00bdvara-e-drinit-bardh\u00bd-radavc.jpg 1080w\" sizes=\"auto, (max-width: 640px) 100vw, 640px\" \/><\/a><\/p>\n<p>2.Les lieux historiques\u00a0: l\u2019Albanie est l\u2019une des nations les plus anciennes d\u2019Europe et elle poss\u00e8de une histoire riche. Si vous aimez visiter les sites historiques, vous serez vite satisfait. La ville de Prizren avec son ch\u00e2teau caract\u00e9ristique et la maison de la ligue albanaise de Prizren sont deux des endroits \u00e0 ne pas manquer de visiter. Il convient \u00e9galement de citer le Ch\u00e2teau de Novobord\u00eb et l\u2019ancienne ville d\u2019Ulpiana, les monast\u00e8res de De\u00e7an et le monast\u00e8re patriarcal de Pej\u00eb.<\/p>\n<p><a href=\"http:\/\/www.albinfo.ch\/wp-content\/uploads\/2017\/07\/112.png\"><img loading=\"lazy\" decoding=\"async\" class=\"alignnone size-large wp-image-155176\" src=\"http:\/\/www.albinfo.ch\/wp-content\/uploads\/2017\/07\/112-1024x680.png\" alt=\"\" width=\"640\" height=\"425\" srcset=\"https:\/\/www.albinfo.at\/wp-content\/uploads\/2017\/07\/112-1024x680.png 1024w, https:\/\/www.albinfo.at\/wp-content\/uploads\/2017\/07\/112-300x199.png 300w, https:\/\/www.albinfo.at\/wp-content\/uploads\/2017\/07\/112-768x510.png 768w, https:\/\/www.albinfo.at\/wp-content\/uploads\/2017\/07\/112-586x389.png 586w, https:\/\/www.albinfo.at\/wp-content\/uploads\/2017\/07\/112-587x390.png 587w, https:\/\/www.albinfo.at\/wp-content\/uploads\/2017\/07\/112.png 1574w\" sizes=\"auto, (max-width: 640px) 100vw, 640px\" \/><\/a><\/p>\n<p><a href=\"http:\/\/www.albinfo.ch\/wp-content\/uploads\/2017\/07\/new-panorama6.jpg\"><img loading=\"lazy\" decoding=\"async\" class=\"alignnone size-large wp-image-155167\" src=\"http:\/\/www.albinfo.ch\/wp-content\/uploads\/2017\/07\/new-panorama6-1024x641.jpg\" alt=\"\" width=\"640\" height=\"401\" srcset=\"https:\/\/www.albinfo.at\/wp-content\/uploads\/2017\/07\/new-panorama6-1024x641.jpg 1024w, https:\/\/www.albinfo.at\/wp-content\/uploads\/2017\/07\/new-panorama6-300x188.jpg 300w, https:\/\/www.albinfo.at\/wp-content\/uploads\/2017\/07\/new-panorama6-768x481.jpg 768w, https:\/\/www.albinfo.at\/wp-content\/uploads\/2017\/07\/new-panorama6-87x56.jpg 87w, https:\/\/www.albinfo.at\/wp-content\/uploads\/2017\/07\/new-panorama6-587x368.jpg 587w, https:\/\/www.albinfo.at\/wp-content\/uploads\/2017\/07\/new-panorama6.jpg 1725w\" sizes=\"auto, (max-width: 640px) 100vw, 640px\" \/><\/a><\/p>\n<p><a href=\"http:\/\/www.albinfo.ch\/wp-content\/uploads\/2017\/07\/kalaja-e-novoberdes-1.jpg\"><img loading=\"lazy\" decoding=\"async\" class=\"alignnone size-large wp-image-155192\" src=\"http:\/\/www.albinfo.ch\/wp-content\/uploads\/2017\/07\/kalaja-e-novoberdes-1-1024x575.jpg\" alt=\"\" width=\"640\" height=\"359\" srcset=\"https:\/\/www.albinfo.at\/wp-content\/uploads\/2017\/07\/kalaja-e-novoberdes-1-1024x575.jpg 1024w, https:\/\/www.albinfo.at\/wp-content\/uploads\/2017\/07\/kalaja-e-novoberdes-1-300x169.jpg 300w, https:\/\/www.albinfo.at\/wp-content\/uploads\/2017\/07\/kalaja-e-novoberdes-1-768x431.jpg 768w, https:\/\/www.albinfo.at\/wp-content\/uploads\/2017\/07\/kalaja-e-novoberdes-1-182x101.jpg 182w, https:\/\/www.albinfo.at\/wp-content\/uploads\/2017\/07\/kalaja-e-novoberdes-1-790x443.jpg 790w, https:\/\/www.albinfo.at\/wp-content\/uploads\/2017\/07\/kalaja-e-novoberdes-1-587x330.jpg 587w\" sizes=\"auto, (max-width: 640px) 100vw, 640px\" \/><\/a><a href=\"http:\/\/www.albinfo.ch\/wp-content\/uploads\/2017\/07\/kalaja-e-prizrenti.jpg\"><img loading=\"lazy\" decoding=\"async\" class=\"alignnone size-large wp-image-155193\" src=\"http:\/\/www.albinfo.ch\/wp-content\/uploads\/2017\/07\/kalaja-e-prizrenti-681x1024.jpg\" alt=\"\" width=\"640\" height=\"962\" srcset=\"https:\/\/www.albinfo.at\/wp-content\/uploads\/2017\/07\/kalaja-e-prizrenti-681x1024.jpg 681w, https:\/\/www.albinfo.at\/wp-content\/uploads\/2017\/07\/kalaja-e-prizrenti-200x300.jpg 200w, https:\/\/www.albinfo.at\/wp-content\/uploads\/2017\/07\/kalaja-e-prizrenti-768x1154.jpg 768w, https:\/\/www.albinfo.at\/wp-content\/uploads\/2017\/07\/kalaja-e-prizrenti-264x396.jpg 264w\" sizes=\"auto, (max-width: 640px) 100vw, 640px\" \/><\/a><\/p>\n<p>3. Les randonn\u00e9es\u00a0: pour les amateurs de randonn\u00e9, le Kosovo est l\u2019endroit id\u00e9al. De nombreuses montagnes au Kosovo se pr\u00eatent \u00e0 cette activit\u00e9, et l\u2019on trouve de nombreuses offres pour les \u00e9trangers, il n\u2019est donc pas difficile de s\u2019y adonner et vous ne serez certainement pas d\u00e9\u00e7u.<\/p>\n<p><a href=\"http:\/\/www.albinfo.ch\/wp-content\/uploads\/2017\/07\/radavc-2.jpg\"><img loading=\"lazy\" decoding=\"async\" class=\"alignnone size-large wp-image-155197\" src=\"http:\/\/www.albinfo.ch\/wp-content\/uploads\/2017\/07\/radavc-2-1024x682.jpg\" alt=\"\" width=\"640\" height=\"426\" srcset=\"https:\/\/www.albinfo.at\/wp-content\/uploads\/2017\/07\/radavc-2-1024x682.jpg 1024w, https:\/\/www.albinfo.at\/wp-content\/uploads\/2017\/07\/radavc-2-300x200.jpg 300w, https:\/\/www.albinfo.at\/wp-content\/uploads\/2017\/07\/radavc-2-768x511.jpg 768w, https:\/\/www.albinfo.at\/wp-content\/uploads\/2017\/07\/radavc-2-586x389.jpg 586w, https:\/\/www.albinfo.at\/wp-content\/uploads\/2017\/07\/radavc-2-210x141.jpg 210w, https:\/\/www.albinfo.at\/wp-content\/uploads\/2017\/07\/radavc-2-587x391.jpg 587w\" sizes=\"auto, (max-width: 640px) 100vw, 640px\" \/><\/a><a href=\"http:\/\/www.albinfo.ch\/wp-content\/uploads\/2017\/07\/img_8292.jpg\"><img loading=\"lazy\" decoding=\"async\" class=\"alignnone size-large wp-image-155190\" src=\"http:\/\/www.albinfo.ch\/wp-content\/uploads\/2017\/07\/img_8292-1024x683.jpg\" alt=\"\" width=\"640\" height=\"427\" srcset=\"https:\/\/www.albinfo.at\/wp-content\/uploads\/2017\/07\/img_8292-1024x683.jpg 1024w, https:\/\/www.albinfo.at\/wp-content\/uploads\/2017\/07\/img_8292-300x200.jpg 300w, https:\/\/www.albinfo.at\/wp-content\/uploads\/2017\/07\/img_8292-768x512.jpg 768w, https:\/\/www.albinfo.at\/wp-content\/uploads\/2017\/07\/img_8292-210x141.jpg 210w, https:\/\/www.albinfo.at\/wp-content\/uploads\/2017\/07\/img_8292-587x391.jpg 587w, https:\/\/www.albinfo.at\/wp-content\/uploads\/2017\/07\/img_8292.jpg 1620w\" sizes=\"auto, (max-width: 640px) 100vw, 640px\" \/><\/a><\/p>\n<p><a href=\"http:\/\/www.albinfo.ch\/wp-content\/uploads\/2017\/07\/104.png\"><img loading=\"lazy\" decoding=\"async\" class=\"alignnone size-full wp-image-155146\" src=\"http:\/\/www.albinfo.ch\/wp-content\/uploads\/2017\/07\/104.png\" alt=\"\" width=\"341\" height=\"612\" srcset=\"https:\/\/www.albinfo.at\/wp-content\/uploads\/2017\/07\/104.png 341w, https:\/\/www.albinfo.at\/wp-content\/uploads\/2017\/07\/104-167x300.png 167w, https:\/\/www.albinfo.at\/wp-content\/uploads\/2017\/07\/104-221x396.png 221w\" sizes=\"auto, (max-width: 341px) 100vw, 341px\" \/><\/a><\/p>\n<p>4. Les stations de ski\u00a0: si vous aimez skier, il existe plusieurs possibilit\u00e9s, comme les stations de ski de Brezovica et Bog\u00eb. Dans la vall\u00e9e de Sharri, on trouve les r\u00e9gions suivantes pour skier\u00a0: Brezovica, Livadhet Mbret\u00ebrore, Skarpa, Radesha, Restelica, Lybeteni, Piribegu et Maja e zez\u00eb. Ces montagnes atteignent une altitude de 2\u00a0522 m\u00e8tres.<\/p>\n<p><a href=\"http:\/\/www.albinfo.ch\/wp-content\/uploads\/2017\/07\/20151130-ndf_7788-bearbeitet.jpg\"><img loading=\"lazy\" decoding=\"async\" class=\"size-large wp-image-155177\" src=\"http:\/\/www.albinfo.ch\/wp-content\/uploads\/2017\/07\/20151130-ndf_7788-bearbeitet-1024x512.jpg\" alt=\"\" width=\"640\" height=\"320\" srcset=\"https:\/\/www.albinfo.at\/wp-content\/uploads\/2017\/07\/20151130-ndf_7788-bearbeitet-1024x512.jpg 1024w, https:\/\/www.albinfo.at\/wp-content\/uploads\/2017\/07\/20151130-ndf_7788-bearbeitet-300x150.jpg 300w, https:\/\/www.albinfo.at\/wp-content\/uploads\/2017\/07\/20151130-ndf_7788-bearbeitet-768x384.jpg 768w, https:\/\/www.albinfo.at\/wp-content\/uploads\/2017\/07\/20151130-ndf_7788-bearbeitet-587x294.jpg 587w\" sizes=\"auto, (max-width: 640px) 100vw, 640px\" \/><\/a><\/p>\n<p><a href=\"http:\/\/www.albinfo.ch\/wp-content\/uploads\/2017\/07\/dsc_2370.jpg\"><img loading=\"lazy\" decoding=\"async\" class=\"alignnone size-large wp-image-155182\" src=\"http:\/\/www.albinfo.ch\/wp-content\/uploads\/2017\/07\/dsc_2370-1024x619.jpg\" alt=\"\" width=\"640\" height=\"387\" srcset=\"https:\/\/www.albinfo.at\/wp-content\/uploads\/2017\/07\/dsc_2370-1024x619.jpg 1024w, https:\/\/www.albinfo.at\/wp-content\/uploads\/2017\/07\/dsc_2370-300x181.jpg 300w, https:\/\/www.albinfo.at\/wp-content\/uploads\/2017\/07\/dsc_2370-768x464.jpg 768w, https:\/\/www.albinfo.at\/wp-content\/uploads\/2017\/07\/dsc_2370-587x355.jpg 587w\" sizes=\"auto, (max-width: 640px) 100vw, 640px\" \/><\/a><\/p>\n<p>5. La grotte de Gadim\u00eb: elle est vieille d\u2019environ 80 mille ans et compte parmi les plus belles grottes de la r\u00e9gion. La beaut\u00e9 de ses cristaux est \u00e0 couper le souffle et il faut absolument la visiter pour profiter de sa splendeur.<\/p>\n<p><a href=\"http:\/\/www.albinfo.ch\/wp-content\/uploads\/2017\/07\/radavc-3.jpg\"><img loading=\"lazy\" decoding=\"async\" class=\"alignnone size-large wp-image-155171\" src=\"http:\/\/www.albinfo.ch\/wp-content\/uploads\/2017\/07\/radavc-3-1024x663.jpg\" alt=\"\" width=\"640\" height=\"414\" srcset=\"https:\/\/www.albinfo.at\/wp-content\/uploads\/2017\/07\/radavc-3-1024x663.jpg 1024w, https:\/\/www.albinfo.at\/wp-content\/uploads\/2017\/07\/radavc-3-300x194.jpg 300w, https:\/\/www.albinfo.at\/wp-content\/uploads\/2017\/07\/radavc-3-768x497.jpg 768w, https:\/\/www.albinfo.at\/wp-content\/uploads\/2017\/07\/radavc-3-540x350.jpg 540w, https:\/\/www.albinfo.at\/wp-content\/uploads\/2017\/07\/radavc-3-87x56.jpg 87w, https:\/\/www.albinfo.at\/wp-content\/uploads\/2017\/07\/radavc-3-587x380.jpg 587w\" sizes=\"auto, (max-width: 640px) 100vw, 640px\" \/><\/a><\/p>\n<p>6. Les gens sont sympathiques\u00a0: tous les touristes \u00e9trangers qui se rendent au Kosovo sont \u00e9tonn\u00e9s de voir combien les habitants se montrent chaleureux. L\u2019hospitalit\u00e9 est une tradition chez les Albanais et une particularit\u00e9 nationale. Pour s\u2019en convaincre, il suffit de s\u2019arr\u00eater dans un endroit quelconque et de se laisser surprendre par l\u2019attention que les habitants vous porteront.<\/p>\n<p><a href=\"http:\/\/www.albinfo.ch\/wp-content\/uploads\/2017\/07\/etno-fest1.jpg\"><img loading=\"lazy\" decoding=\"async\" class=\"alignnone size-large wp-image-155172\" src=\"http:\/\/www.albinfo.ch\/wp-content\/uploads\/2017\/07\/etno-fest1-1024x681.jpg\" alt=\"\" width=\"640\" height=\"426\" srcset=\"https:\/\/www.albinfo.at\/wp-content\/uploads\/2017\/07\/etno-fest1-1024x681.jpg 1024w, https:\/\/www.albinfo.at\/wp-content\/uploads\/2017\/07\/etno-fest1-300x200.jpg 300w, https:\/\/www.albinfo.at\/wp-content\/uploads\/2017\/07\/etno-fest1-768x511.jpg 768w, https:\/\/www.albinfo.at\/wp-content\/uploads\/2017\/07\/etno-fest1-586x389.jpg 586w, https:\/\/www.albinfo.at\/wp-content\/uploads\/2017\/07\/etno-fest1-210x141.jpg 210w, https:\/\/www.albinfo.at\/wp-content\/uploads\/2017\/07\/etno-fest1-587x391.jpg 587w\" sizes=\"auto, (max-width: 640px) 100vw, 640px\" \/><\/a><\/p>\n<p>7. La tol\u00e9rance religieuse\u00a0: la majorit\u00e9 de la population kosovare est de confession musulmane sunnite d\u2019ob\u00e9dience hanafite. Cependant, la tol\u00e9rance religieuse est une tradition s\u00e9culaire chez les Albanais, et ils appartiennent \u00e0 trois religions. Au Kosovo on observe tr\u00e8s peu de probl\u00e8mes religieux. Pour s\u2019en convaincre, il suffit de se rendre dans la ville de Ferizaj, o\u00f9 les mosqu\u00e9es et les \u00e9glises sont c\u00f4te \u00e0 c\u00f4te. Les Albanais du Kosovo ont prot\u00e9g\u00e9 les monast\u00e8res et les \u00e9glises orthodoxes tout au long de la domination ottomane.<\/p>\n<p><a href=\"http:\/\/www.albinfo.ch\/wp-content\/uploads\/2017\/07\/102.png\"><img loading=\"lazy\" decoding=\"async\" class=\"alignnone size-full wp-image-155143\" src=\"http:\/\/www.albinfo.ch\/wp-content\/uploads\/2017\/07\/102.png\" alt=\"\" width=\"576\" height=\"696\" srcset=\"https:\/\/www.albinfo.at\/wp-content\/uploads\/2017\/07\/102.png 576w, https:\/\/www.albinfo.at\/wp-content\/uploads\/2017\/07\/102-248x300.png 248w, https:\/\/www.albinfo.at\/wp-content\/uploads\/2017\/07\/102-328x396.png 328w\" sizes=\"auto, (max-width: 576px) 100vw, 576px\" \/><\/a><\/p>\n<p>8. Les prix sont raisonnables\u00a0: si vous habitez en Allemagne, en Suisse, en Espagne o\u00f9 aux \u00c9tats-Unis, l\u2019une des raisons pour lesquelles vous devriez visiter le Kosovo est que les prix sont tr\u00e8s abordables. Le Kosovo poss\u00e8de de nombreux h\u00f4tels qui r\u00e9pondent \u00e0 toutes les normes modernes de confort, mais \u00e0 des prix beaucoup plus abordables que dans les pays occidentaux. Vous pouvez passer sept \u00e0 dix jours dans le pays et visiter tous les endroits mentionn\u00e9s ci-dessus sans que votre porte-monnaie n\u2019en souffre outre mesure.<\/p>\n<p>9. Les merveilleux repas\u00a0: si vous vous rendez au Kosovo, alors vous n\u2019avez pas \u00e0 vous soucier de la nourriture. Vous trouverez si besoin de la restauration rapide (fast-food), de la cuisine occidentale avec des produits de haute qualit\u00e9 et, surtout, des plats traditionnels. Il ne faut pas quitter le pays sans avoir d\u00e9gust\u00e9 ces plats traditionnels, qui sont parmi les meilleurs de la r\u00e9gion et au-del\u00e0. On recense par exemple la \u00ab\u00a0tave gjakovare\u00a0\u00bb, le suchuk fait maison, le flije, le pasul, le gullash, les poivrons farcis, l\u2019agneau \u00e0 la broche ou le burek, qui sont quelques-uns des mets \u00e0 d\u00e9guster absolument. N\u2019oubliez pas de vous rafraichir avec la bi\u00e8re de Peja, les vins rouges du Kosovo \u00e0 fort caract\u00e8re et le raki fait maison.<\/p>\n<p>10. La\u00a0vie nocturne\u00a0: au Kosovo, vous pouvez aussi vous divertir jusqu\u2019au bout de la nuit. La majorit\u00e9 de la population est jeune, et les bo\u00eetes de nuit restent ouvertes tard dans la nuit. Il y a aussi de nombreux festivals au cours de l\u2019\u00e9t\u00e9, en particulier celui de Dukufesti i Prizrenit.<\/p>\n<p><a href=\"http:\/\/www.albinfo.ch\/wp-content\/uploads\/2017\/07\/dokufest-2.jpg\"><img loading=\"lazy\" decoding=\"async\" class=\"alignnone size-large wp-image-155179\" src=\"http:\/\/www.albinfo.ch\/wp-content\/uploads\/2017\/07\/dokufest-2-1024x682.jpg\" alt=\"\" width=\"640\" height=\"426\" srcset=\"https:\/\/www.albinfo.at\/wp-content\/uploads\/2017\/07\/dokufest-2-1024x682.jpg 1024w, https:\/\/www.albinfo.at\/wp-content\/uploads\/2017\/07\/dokufest-2-300x200.jpg 300w, https:\/\/www.albinfo.at\/wp-content\/uploads\/2017\/07\/dokufest-2-768x511.jpg 768w, https:\/\/www.albinfo.at\/wp-content\/uploads\/2017\/07\/dokufest-2-586x389.jpg 586w, https:\/\/www.albinfo.at\/wp-content\/uploads\/2017\/07\/dokufest-2-210x141.jpg 210w, https:\/\/www.albinfo.at\/wp-content\/uploads\/2017\/07\/dokufest-2-587x391.jpg 587w\" sizes=\"auto, (max-width: 640px) 100vw, 640px\" \/><\/a><a href=\"http:\/\/www.albinfo.ch\/wp-content\/uploads\/2017\/07\/dokufest.jpg\"><img loading=\"lazy\" decoding=\"async\" class=\"alignnone size-large wp-image-155180\" src=\"http:\/\/www.albinfo.ch\/wp-content\/uploads\/2017\/07\/dokufest-1024x681.jpg\" alt=\"\" width=\"640\" height=\"426\" srcset=\"https:\/\/www.albinfo.at\/wp-content\/uploads\/2017\/07\/dokufest-1024x681.jpg 1024w, https:\/\/www.albinfo.at\/wp-content\/uploads\/2017\/07\/dokufest-300x200.jpg 300w, https:\/\/www.albinfo.at\/wp-content\/uploads\/2017\/07\/dokufest-768x511.jpg 768w, https:\/\/www.albinfo.at\/wp-content\/uploads\/2017\/07\/dokufest-586x389.jpg 586w, https:\/\/www.albinfo.at\/wp-content\/uploads\/2017\/07\/dokufest-210x141.jpg 210w, https:\/\/www.albinfo.at\/wp-content\/uploads\/2017\/07\/dokufest-587x391.jpg 587w\" sizes=\"auto, (max-width: 640px) 100vw, 640px\" \/><\/a><\/p>\n<p><a href=\"http:\/\/www.albinfo.ch\/wp-content\/uploads\/2017\/07\/a_04_ura-prizren_2.jpg\"><img loading=\"lazy\" decoding=\"async\" class=\"alignnone size-large wp-image-155178\" src=\"http:\/\/www.albinfo.ch\/wp-content\/uploads\/2017\/07\/a_04_ura-prizren_2-704x1024.jpg\" alt=\"\" width=\"640\" height=\"931\" srcset=\"https:\/\/www.albinfo.at\/wp-content\/uploads\/2017\/07\/a_04_ura-prizren_2-704x1024.jpg 704w, https:\/\/www.albinfo.at\/wp-content\/uploads\/2017\/07\/a_04_ura-prizren_2-206x300.jpg 206w, https:\/\/www.albinfo.at\/wp-content\/uploads\/2017\/07\/a_04_ura-prizren_2-768x1117.jpg 768w, https:\/\/www.albinfo.at\/wp-content\/uploads\/2017\/07\/a_04_ura-prizren_2-272x396.jpg 272w, https:\/\/www.albinfo.at\/wp-content\/uploads\/2017\/07\/a_04_ura-prizren_2.jpg 1080w\" sizes=\"auto, (max-width: 640px) 100vw, 640px\" \/><\/a><\/p>\n<p><a href=\"http:\/\/www.albinfo.ch\/wp-content\/uploads\/2017\/07\/new-panorama3-final.jpg\"><img loading=\"lazy\" decoding=\"async\" class=\"alignnone size-large wp-image-155196\" src=\"http:\/\/www.albinfo.ch\/wp-content\/uploads\/2017\/07\/new-panorama3-final-1024x438.jpg\" alt=\"\" width=\"640\" height=\"274\" srcset=\"https:\/\/www.albinfo.at\/wp-content\/uploads\/2017\/07\/new-panorama3-final-1024x438.jpg 1024w, https:\/\/www.albinfo.at\/wp-content\/uploads\/2017\/07\/new-panorama3-final-300x128.jpg 300w, https:\/\/www.albinfo.at\/wp-content\/uploads\/2017\/07\/new-panorama3-final-768x328.jpg 768w, https:\/\/www.albinfo.at\/wp-content\/uploads\/2017\/07\/new-panorama3-final-587x251.jpg 587w, https:\/\/www.albinfo.at\/wp-content\/uploads\/2017\/07\/new-panorama3-final.jpg 1920w\" sizes=\"auto, (max-width: 640px) 100vw, 640px\" \/><\/a><\/p>\n<p>&nbsp;<\/p>\n<p><em><strong>Comment voyager au Kosovo<\/strong> &#8211; Pour se rendre au Kosovo, il faut d\u00e9tenir un passeport en cours de validit\u00e9. Il n\u2019est pas n\u00e9cessaire de se procurer de visa.<br \/>\n<\/em><em>Le Kosovo est desservi par des lignes a\u00e9riennes r\u00e9guli\u00e8res assurant la liaison avec de nombreux pays occidentaux. L\u2019a\u00e9roport international est situ\u00e9 \u00e0 15\u00a0km au sud-ouest de Prishtina. Le co\u00fbt du taxi est d\u2019environ 15\u00a0euros jusqu\u2019\u00e0 la ville de Prishtina.<br \/>\n<\/em><em><strong>Les routes terrestres<\/strong> &#8211; Depuis l\u2019Albanie\u00a0: V\u00ebrmica, Morina et Qaf\u00eb Prushi. Depuis la Mac\u00e9doine\u00a0: Hani i Elezit et Gllobo\u00e7ica. Depuis le Mont\u00e9n\u00e9gro\u00a0: Gryka e \u00c7akorit et Zhlebi. Depuis la Serbie\u00a0: Merdari, Dheu i Bardh\u00eb, Muqibaba, Jarinje et Gazivoda. Les automobilistes dont les v\u00e9hicules sont immatricul\u00e9s \u00e0 l\u2019\u00e9tranger doivent s\u2019acquitter d\u2019une taxe, appel\u00e9e aussi \u00ab\u00a0carte verte\u00a0\u00bb, pour assurer leur v\u00e9hicule.<br \/>\n<\/em><em><strong>La monnaie officielle<\/strong> utilis\u00e9e au Kosovo est l\u2019euro.<\/em><\/p>\n<p>&nbsp;<\/p>\n<p>&nbsp;<\/p>\n","protected":false},"excerpt":{"rendered":"<p>En \u00e9t\u00e9 ou en hiver\u00a0? Pourquoi choisir\u00a0? Vous pouvez visiter le Kosovo tout au long des quatre saisons et vous serez impressionn\u00e9 par sa beaut\u00e9, sa population et la nourriture.<\/p>\n","protected":false},"author":11,"featured_media":0,"comment_status":"open","ping_status":"open","sticky":false,"template":"","format":"standard","meta":{"footnotes":""},"categories":[3924,1159,1411,2014],"tags":[],"vendi":[],"content_country":[],"class_list":["post-155159","post","type-post","status-publish","format-standard","hentry","category-10-raisons-de-visiter-le-kosovo","category-ch-balkans","category-newsletter-fr","category-newsletter-media-fr"],"acf":[],"_links":{"self":[{"href":"https:\/\/www.albinfo.at\/fr\/wp-json\/wp\/v2\/posts\/155159","targetHints":{"allow":["GET"]}}],"collection":[{"href":"https:\/\/www.albinfo.at\/fr\/wp-json\/wp\/v2\/posts"}],"about":[{"href":"https:\/\/www.albinfo.at\/fr\/wp-json\/wp\/v2\/types\/post"}],"author":[{"embeddable":true,"href":"https:\/\/www.albinfo.at\/fr\/wp-json\/wp\/v2\/users\/11"}],"replies":[{"embeddable":true,"href":"https:\/\/www.albinfo.at\/fr\/wp-json\/wp\/v2\/comments?post=155159"}],"version-history":[{"count":0,"href":"https:\/\/www.albinfo.at\/fr\/wp-json\/wp\/v2\/posts\/155159\/revisions"}],"wp:attachment":[{"href":"https:\/\/www.albinfo.at\/fr\/wp-json\/wp\/v2\/media?parent=155159"}],"wp:term":[{"taxonomy":"category","embeddable":true,"href":"https:\/\/www.albinfo.at\/fr\/wp-json\/wp\/v2\/categories?post=155159"},{"taxonomy":"post_tag","embeddable":true,"href":"https:\/\/www.albinfo.at\/fr\/wp-json\/wp\/v2\/tags?post=155159"},{"taxonomy":"vendi","embeddable":true,"href":"https:\/\/www.albinfo.at\/fr\/wp-json\/wp\/v2\/vendi?post=155159"},{"taxonomy":"content_country","embeddable":true,"href":"https:\/\/www.albinfo.at\/fr\/wp-json\/wp\/v2\/content_country?post=155159"}],"curies":[{"name":"wp","href":"https:\/\/api.w.org\/{rel}","templated":true}]}}