{"id":155139,"date":"2017-07-13T08:30:53","date_gmt":"2017-07-13T06:30:53","guid":{"rendered":"http:\/\/www.albinfo.ch\/?p=155139\/"},"modified":"2017-07-13T09:44:36","modified_gmt":"2017-07-13T07:44:36","slug":"soyez-les-bienvenus","status":"publish","type":"post","link":"https:\/\/www.albinfo.at\/fr\/soyez-les-bienvenus\/","title":{"rendered":"Soyez les bienvenus!"},"content":{"rendered":"<p>Tous les Suisses que je connais, mais aussi d&#8217;autres ressortissants qui ont travaill\u00e9 ou visit\u00e9 le Kosovo, l&#8217;Albanie, la Mac\u00e9doine et les alentours, adoptent naturellement le superlatif lorsqu\u2019ils d\u00e9crivent ces r\u00e9gions. Le t\u00e9moignage de Lukas Baschung et Sophie Condrau illustre pr\u00e9cis\u00e9ment ce penchant. En effet, ces derniers ont pass\u00e9 deux semaines enti\u00e8res sur ces terres, et ont choisi de partager leurs impressions avec les lecteurs d\u2019albinfo.ch. Tous les deux ont \u00e9t\u00e9 impressionn\u00e9s par la beaut\u00e9 naturelle des contr\u00e9es albanaises ainsi que le patrimoine historique et architectural byzantin, ottoman, mais aussi (post) communiste. Ce qui frappe particuli\u00e8rement les visiteurs occidentaux, c\u2019est surtout l&#8217;hospitalit\u00e9 albanaise caract\u00e9ris\u00e9e par sa chaleur humaine, mais aussi par la perception tr\u00e8s positive des locaux \u00e0 l\u2019\u00e9gard des Occidentaux. Cette sp\u00e9cificit\u00e9 nourrit g\u00e9n\u00e9ralement un sentiment de s\u00e9curit\u00e9 des touristes qu\u2019ils disent ne plus pouvoir ressentir partout, surtout lorsque l\u2019on tient compte du contexte international actuel ternit par les attaques perverses et barbares commises contre les touristes.<\/p>\n<p>Lorsque les \u00e9trangers d\u00e9crivent le Kosovo, l&#8217;Albanie ou encore la Mac\u00e9doine, ils en arrivent rapidement \u00e0 \u00e9voquer les saveurs des aliments qu\u2019ils attestent n\u2019avoir jamais pu d\u00e9guster ailleurs. Si la fra\u00eecheur des fruits et l\u00e9gumes et fort appr\u00e9ci\u00e9e, c\u2019est surtout le rapport qualit\u00e9-prix qui constitue un r\u00e9el attrait pour le budget des visiteurs europ\u00e9ens. Les avantages et atouts r\u00e9unis renforcent l&#8217;attractivit\u00e9 des touristes pour les r\u00e9gions albanaises. De plus, gr\u00e2ce aux vols \u00e0 bas prix \u00e0 destination du Kosovo, de la Mac\u00e9doine, et nous esp\u00e9rons tr\u00e8s prochainement de l&#8217;Albanie, ces pays semblent vou\u00e9s \u00e0 devenir des r\u00e9gions de destinations touristiques privil\u00e9gi\u00e9es pour les visiteurs occidentaux, et ce, aussi bien pour les s\u00e9jours de haute saison que durant toute l\u2019ann\u00e9e pour les longs week-ends.<\/p>\n<p>Dans cette \u00e9volution, les membres de la diaspora jouent un r\u00f4le de catalyseur avec leurs fr\u00e9quents voyages et leur pouvoir d&#8217;achat. Mais bien \u00e9videmment, entre en ligne de compte \u00e9galement les liens et contact priv\u00e9s et professionnels que la diaspora continue \u00e0 nourrir gr\u00e2ce aux nombreuses visites annuelles. La curiosit\u00e9 des \u00e9trangers est associ\u00e9e \u00e0 un d\u00e9sir de comprendre de plus pr\u00e8s la culture albanaise, avec laquelle ils ont commenc\u00e9 \u00e0 faire connaissance gr\u00e2ce \u00e0 des contacts avec les Albanais \u00e9tablit en occident. Cependant, le d\u00e9veloppement d\u2019un tourisme dit de qualit\u00e9 exige un engagement et une pr\u00e9paration professionnelle, et ce, dans tous les secteurs affili\u00e9s \u00e0 cette branche.<\/p>\n<p>Parall\u00e8lement, il faudrait mieux r\u00e9fl\u00e9chir aux besoins et aux actions \u00e0 mener pour l&#8217;assainissement de l&#8217;environnement (en particulier le long des routes, des rivi\u00e8res, sans oublier les d\u00e9charges de d\u00e9chets \u00e0 ciel ouvert), la mise en place d&#8217;infrastructures ad\u00e9quates permettant d\u2019accueillir des \u00e9v\u00e9nements culturels \u00e9trangers (mus\u00e9es, galeries, expositions, festivals, et jeux sportifs). Tous ces investissements ne pourront qu\u2019\u00e9largir la viabilit\u00e9 \u00e9conomique de ce secteur touristique.<\/p>\n<p>Les r\u00e9gions albanophones ont besoin d&#8217;une approche globale en faveur du d\u00e9veloppement d\u2019un tourisme durable afin que ces derni\u00e8res puissent se pr\u00e9valoir d\u2019un label touristique moderne et valoriser toujours un peu plus cette belle expression d\u2019hospitalit\u00e9 albanaise \u00ab Mir\u00eb se vini \/Soyez les bienvenus \u00bb.<\/p>\n","protected":false},"excerpt":{"rendered":"<p>Tous les Suisses que je connais, mais aussi d&#8217;autres ressortissants qui ont travaill\u00e9 ou visit\u00e9 le Kosovo, l&#8217;Albanie, la Mac\u00e9doine et les alentours, adoptent naturellement le superlatif lorsqu\u2019ils d\u00e9crivent ces r\u00e9gions. Le t\u00e9moignage de Lukas Baschung et Sophie Condrau illustre pr\u00e9cis\u00e9ment ce penchant. En effet, ces derniers ont pass\u00e9 deux semaines enti\u00e8res sur ces terres, [&hellip;]<\/p>\n","protected":false},"author":10,"featured_media":0,"comment_status":"open","ping_status":"open","sticky":false,"template":"","format":"standard","meta":{"footnotes":""},"categories":[1160,3924,1159,2233,1411,2014],"tags":[],"vendi":[],"content_country":[],"class_list":["post-155139","post","type-post","status-publish","format-standard","hentry","category-actuel","category-10-raisons-de-visiter-le-kosovo","category-ch-balkans","category-les-dossiers","category-newsletter-fr","category-newsletter-media-fr"],"acf":[],"_links":{"self":[{"href":"https:\/\/www.albinfo.at\/fr\/wp-json\/wp\/v2\/posts\/155139","targetHints":{"allow":["GET"]}}],"collection":[{"href":"https:\/\/www.albinfo.at\/fr\/wp-json\/wp\/v2\/posts"}],"about":[{"href":"https:\/\/www.albinfo.at\/fr\/wp-json\/wp\/v2\/types\/post"}],"author":[{"embeddable":true,"href":"https:\/\/www.albinfo.at\/fr\/wp-json\/wp\/v2\/users\/10"}],"replies":[{"embeddable":true,"href":"https:\/\/www.albinfo.at\/fr\/wp-json\/wp\/v2\/comments?post=155139"}],"version-history":[{"count":0,"href":"https:\/\/www.albinfo.at\/fr\/wp-json\/wp\/v2\/posts\/155139\/revisions"}],"wp:attachment":[{"href":"https:\/\/www.albinfo.at\/fr\/wp-json\/wp\/v2\/media?parent=155139"}],"wp:term":[{"taxonomy":"category","embeddable":true,"href":"https:\/\/www.albinfo.at\/fr\/wp-json\/wp\/v2\/categories?post=155139"},{"taxonomy":"post_tag","embeddable":true,"href":"https:\/\/www.albinfo.at\/fr\/wp-json\/wp\/v2\/tags?post=155139"},{"taxonomy":"vendi","embeddable":true,"href":"https:\/\/www.albinfo.at\/fr\/wp-json\/wp\/v2\/vendi?post=155139"},{"taxonomy":"content_country","embeddable":true,"href":"https:\/\/www.albinfo.at\/fr\/wp-json\/wp\/v2\/content_country?post=155139"}],"curies":[{"name":"wp","href":"https:\/\/api.w.org\/{rel}","templated":true}]}}