{"id":138633,"date":"2017-01-07T14:16:35","date_gmt":"2017-01-07T13:16:35","guid":{"rendered":"http:\/\/www.albinfo.ch\/fr\/schneeschuhwanderung-in-kosova\/"},"modified":"2017-01-25T11:28:23","modified_gmt":"2017-01-25T10:28:23","slug":"le-kosovo-fait-fort-en-raquettes","status":"publish","type":"post","link":"https:\/\/www.albinfo.at\/fr\/le-kosovo-fait-fort-en-raquettes\/","title":{"rendered":"Le Kosovo fait fort en raquettes"},"content":{"rendered":"<div class=\"galery-slider\"><ul class=\"slides\"><li>\n\t\t\t\t\t\t\t<a data-litebox-text=\"\" data-litebox-group=\"article-gallery\" href=\"https:\/\/www.albinfo.at\/wp-content\/uploads\/2017\/01\/dscf4150-copy-1.jpg\" class=\"litebox\"><img decoding=\"async\" loading=\"lazy\" src=\"https:\/\/www.albinfo.at\/wp-content\/uploads\/2017\/01\/dscf4150-copy-1-586x389.jpg\"\/><\/a>\n\t\t\t\t\t\t\t<div class=\"articleIntro articleText\">\n\t\t\t\t\t\t\t\t<p><\/p>\n\t\t\t\t\t\t\t<\/div>\n                        <\/li><li>\n\t\t\t\t\t\t\t<a data-litebox-text=\"\" data-litebox-group=\"article-gallery\" href=\"https:\/\/www.albinfo.at\/wp-content\/uploads\/2017\/01\/dscf4236-copy-1.jpg\" class=\"litebox\"><img decoding=\"async\" loading=\"lazy\" src=\"https:\/\/www.albinfo.at\/wp-content\/uploads\/2017\/01\/dscf4236-copy-1-586x389.jpg\"\/><\/a>\n\t\t\t\t\t\t\t<div class=\"articleIntro articleText\">\n\t\t\t\t\t\t\t\t<p><\/p>\n\t\t\t\t\t\t\t<\/div>\n                        <\/li><li>\n\t\t\t\t\t\t\t<a data-litebox-text=\"\" data-litebox-group=\"article-gallery\" href=\"https:\/\/www.albinfo.at\/wp-content\/uploads\/2017\/01\/snowshoes4.jpg\" class=\"litebox\"><img decoding=\"async\" loading=\"lazy\" src=\"https:\/\/www.albinfo.at\/wp-content\/uploads\/2017\/01\/snowshoes4-576x389.jpg\"\/><\/a>\n\t\t\t\t\t\t\t<div class=\"articleIntro articleText\">\n\t\t\t\t\t\t\t\t<p><\/p>\n\t\t\t\t\t\t\t<\/div>\n                        <\/li><li>\n\t\t\t\t\t\t\t<a data-litebox-text=\"\" data-litebox-group=\"article-gallery\" href=\"https:\/\/www.albinfo.at\/wp-content\/uploads\/2017\/01\/snowshoes10.jpg\" class=\"litebox\"><img decoding=\"async\" loading=\"lazy\" src=\"https:\/\/www.albinfo.at\/wp-content\/uploads\/2017\/01\/snowshoes10-576x389.jpg\"\/><\/a>\n\t\t\t\t\t\t\t<div class=\"articleIntro articleText\">\n\t\t\t\t\t\t\t\t<p><\/p>\n\t\t\t\t\t\t\t<\/div>\n                        <\/li><li>\n\t\t\t\t\t\t\t<a data-litebox-text=\"\" data-litebox-group=\"article-gallery\" href=\"https:\/\/www.albinfo.at\/wp-content\/uploads\/2017\/01\/thumbnail_dscf4196-copy.jpg\" class=\"litebox\"><img decoding=\"async\" loading=\"lazy\" src=\"https:\/\/www.albinfo.at\/wp-content\/uploads\/2017\/01\/thumbnail_dscf4196-copy-586x389.jpg\"\/><\/a>\n\t\t\t\t\t\t\t<div class=\"articleIntro articleText\">\n\t\t\t\t\t\t\t\t<p><\/p>\n\t\t\t\t\t\t\t<\/div>\n                        <\/li><\/ul><div class=\"slidesounter\"><span class=\"slide-current-slide\"><\/span><span class=\"slide-total-slides\"><\/span><\/div><\/div><link href=\"https:\/\/www.albinfo.at\/wp-content\/themes\/albinfo\/assets\/css\/litebox.css\" rel=\"stylesheet\" type=\"text\/css\" media=\"all\" \/><script src=\"https:\/\/www.albinfo.at\/wp-content\/themes\/albinfo\/assets\/js\/images-loaded.min.js\" type=\"text\/javascript\"><\/script><script src=\"https:\/\/www.albinfo.at\/wp-content\/themes\/albinfo\/assets\/js\/litebox.min.js\" type=\"text\/javascript\"><\/script>\n        <script type=\"text\/javascript\">\n            jQuery(window).load(function() {\n              jQuery(\".flexslider7\").flexslider({\n                animation: \"slide\",\n                controlNav: false,\n                animationLoop: false,\n                slideshow: false,\n              });\n            });\n\t\t\tjQuery(\".litebox\").liteBox();\n        <\/script>\n<p>L\u2019excursion d\u2019un jour d\u00e9bute au village de Boge et apr\u00e8s un 1\u00a0km de remont\u00e9e m\u00e9canique, vous entrerez dans une belle r\u00e9gion bucolique prot\u00e9g\u00e9e des constructions et de l\u2019abattage d\u2019arbres.<\/p>\n<p>L\u2019excursion, qui dure de 2 \u00e0 4\u00a0heures, offre une exp\u00e9rience hivernale unique et permet de d\u00e9couvrir des beaux paysages, le long d\u2019un sentier s\u00fbr et hors de danger des avalanches. Ces activit\u00e9s sont tr\u00e8s appr\u00e9ci\u00e9es par les r\u00e9sidents locaux et les diplomates bas\u00e9s \u00e0 Prishtina.<\/p>\n<p>\u00ab\u00a0Nous avons commenc\u00e9 \u00e0 proposer des excursions en raquettes au cours de l\u2019ann\u00e9e pass\u00e9e. Avant, nous n\u2019avions que peu de personnes qui pratiquaient cette activit\u00e9 en groupe, mais nous avons renforc\u00e9 notre marketing et sommes parvenus \u00e0 attirer plus de visiteurs durant l\u2019ann\u00e9e derni\u00e8re\u00a0\u00bb, a d\u00e9clar\u00e9 Nol Krasniqi, originaire de Peja et propri\u00e9taire de la soci\u00e9t\u00e9 \u00ab\u00a0Balkan Natural Adventure\u00a0\u00bb.<\/p>\n<p>L\u2019activit\u00e9 principale de la compagnie est de proposer les randonn\u00e9es \u00ab\u00a0Peaks of the Balkans\u00a0\u00bb, une activit\u00e9 estivale, mais les activit\u00e9s hivernales commencent \u00e0 avoir le vent en poupe.<\/p>\n<p>\u00ab\u00a0Nous proposons aussi des excursions sur une journ\u00e9e, qui permettent de visiter des lieux beaux et isol\u00e9s du Kosovo ainsi que dans le nord de l\u2019Albanie\u00a0\u00bb, a ajout\u00e9 Nol Krasniqi.<\/p>\n<p>\u00ab\u00a0Nous avons men\u00e9 une exp\u00e9rience et avons trouv\u00e9 des chemins appropri\u00e9s \u00e0 la pratique des raquettes avec l\u2019aide d\u2019experts. Ensuite, nous avons augment\u00e9 la qualit\u00e9 de service et n\u2019avons que des clients satisfaits. Nous entendons continuer sur la m\u00eame lign\u00e9e en 2017\u00a0\u00bb, dit-il.<\/p>\n<p>La soci\u00e9t\u00e9 a eu plusieurs clients suisses, mais ils ont tous test\u00e9 le paquet estival \u00ab\u00a0Peaks of the Balkans\u00a0\u00bb. Cette ann\u00e9e, elle continue \u00e0 proposer des excursions courtes, mais \u00e0 l\u2019avenir, elle pr\u00e9voit d\u2019augmenter le domaine sur lequel s\u2019\u00e9tendent les excursions en raquettes et les randonn\u00e9es \u00e0 ski afin de fournir des services de niveau international.<\/p>\n","protected":false},"excerpt":{"rendered":"<p> Le Kosovo n\u2019est pas tr\u00e8s connu pour ses infrastructures sportives, mais le pays propose une offre sup\u00e9rieure aux autres pays de la r\u00e9gion pour ce qui est des excursions hivernales en raquettes, un sport qui a pris son envol dans l\u2019industrie du tourisme des Balkans, surtout dans Bjeshk\u00ebt e Nemuna, qui se trouvent entre le Kosovo, l\u2019Albanie et le Mont\u00e9n\u00e9gro.<\/p>\n","protected":false},"author":4,"featured_media":0,"comment_status":"open","ping_status":"open","sticky":false,"template":"","format":"standard","meta":{"footnotes":""},"categories":[1159,1184,1186],"tags":[],"vendi":[],"content_country":[],"class_list":["post-138633","post","type-post","status-publish","format-standard","hentry","category-ch-balkans","category-fotolajmi-fr","category-couverture-de-terrain"],"acf":[],"_links":{"self":[{"href":"https:\/\/www.albinfo.at\/fr\/wp-json\/wp\/v2\/posts\/138633","targetHints":{"allow":["GET"]}}],"collection":[{"href":"https:\/\/www.albinfo.at\/fr\/wp-json\/wp\/v2\/posts"}],"about":[{"href":"https:\/\/www.albinfo.at\/fr\/wp-json\/wp\/v2\/types\/post"}],"author":[{"embeddable":true,"href":"https:\/\/www.albinfo.at\/fr\/wp-json\/wp\/v2\/users\/4"}],"replies":[{"embeddable":true,"href":"https:\/\/www.albinfo.at\/fr\/wp-json\/wp\/v2\/comments?post=138633"}],"version-history":[{"count":0,"href":"https:\/\/www.albinfo.at\/fr\/wp-json\/wp\/v2\/posts\/138633\/revisions"}],"wp:attachment":[{"href":"https:\/\/www.albinfo.at\/fr\/wp-json\/wp\/v2\/media?parent=138633"}],"wp:term":[{"taxonomy":"category","embeddable":true,"href":"https:\/\/www.albinfo.at\/fr\/wp-json\/wp\/v2\/categories?post=138633"},{"taxonomy":"post_tag","embeddable":true,"href":"https:\/\/www.albinfo.at\/fr\/wp-json\/wp\/v2\/tags?post=138633"},{"taxonomy":"vendi","embeddable":true,"href":"https:\/\/www.albinfo.at\/fr\/wp-json\/wp\/v2\/vendi?post=138633"},{"taxonomy":"content_country","embeddable":true,"href":"https:\/\/www.albinfo.at\/fr\/wp-json\/wp\/v2\/content_country?post=138633"}],"curies":[{"name":"wp","href":"https:\/\/api.w.org\/{rel}","templated":true}]}}