{"id":123128,"date":"2016-08-26T08:59:44","date_gmt":"2016-08-26T06:59:44","guid":{"rendered":"http:\/\/www.albinfo.ch\/fr\/?p=123128"},"modified":"2016-08-26T09:06:11","modified_gmt":"2016-08-26T07:06:11","slug":"national-geographic-visitez-le-kosovo","status":"publish","type":"post","link":"https:\/\/www.albinfo.at\/fr\/national-geographic-visitez-le-kosovo\/","title":{"rendered":"\u00ab National Geographic \u00bb : Visitez le Kosovo"},"content":{"rendered":"<p>Le <em>National Geographic<\/em>, par le biais d\u2019une vid\u00e9o de trois minutes, loue la beaut\u00e9 des sites \u00e0 visiter du Kosovo. Les tournages ont \u00e9t\u00e9 r\u00e9alis\u00e9s \u00e0 Prizren, Brod, Uj\u00ebvar\u00ebn e Mirush\u00ebs (la cascade de Mirush\u00eb), Peja et Gryk\u00ebn e Rugov\u00ebs.<\/p>\n<p>Le <em>National Geographic<\/em> est un des plus prestigieux m\u00e9dias du monde sur le th\u00e8me des voyages et de la nature. Il a consacr\u00e9 sa chronique hebdomadaire \u00ab\u00a0Le petit grand monde\u00a0\u00bb au Kosovo, transmet albinfo.ch.<\/p>\n<p>Cette semaine, il sugg\u00e8re \u00e0 ses lecteurs de visiter le Kosovo. Dans une vid\u00e9o de trois minutes on voit d\u00e9filer des images de plusieurs lieux du Kosovo sous forme de miniatures en kal\u00e9idoscope.<\/p>\n<p>Dans une description qui commente la vid\u00e9o, le <em>National Geographic<\/em> \u00e9crit\u00a0: \u00ab\u00a0Le Kosovo n\u2019est probablement pas sur la liste de voyage de la plupart des gens. L\u2019ombre de la guerre semble peu lointaine et le manque de plages rend ce pays moins attractif. Toutefois, si vous vous y rendez, vous serez agr\u00e9ablement surpris par l\u2019extraordinaire beaut\u00e9 de ses terres, la vitalit\u00e9 de la ville et par le caract\u00e8re sympathique des habitants\u00a0\u00bb.<\/p>\n<p><iframe loading=\"lazy\" title=\"Kosovo Kaleidoscope in 4k | Little Big World | Time lapse &amp; Tilt shift\" width=\"587\" height=\"330\" src=\"https:\/\/www.youtube.com\/embed\/ux5Ah174TY0?feature=oembed\" frameborder=\"0\" allow=\"accelerometer; autoplay; clipboard-write; encrypted-media; gyroscope; picture-in-picture; web-share\" referrerpolicy=\"strict-origin-when-cross-origin\" allowfullscreen><\/iframe><\/p>\n","protected":false},"excerpt":{"rendered":"<p>Le National Geographic, par le biais d\u2019une vid\u00e9o de trois minutes, loue la beaut\u00e9 des sites \u00e0 visiter du Kosovo. Les tournages ont \u00e9t\u00e9 r\u00e9alis\u00e9s \u00e0 Prizren, Brod, Uj\u00ebvar\u00ebn e Mirush\u00ebs (la cascade de Mirush\u00eb), Peja et Gryk\u00ebn e Rugov\u00ebs. Le National Geographic est un des plus prestigieux m\u00e9dias du monde sur le th\u00e8me des [&hellip;]<\/p>\n","protected":false},"author":10,"featured_media":0,"comment_status":"open","ping_status":"open","sticky":false,"template":"","format":"standard","meta":{"footnotes":""},"categories":[1160,1161,1159,1411,2014],"tags":[],"vendi":[],"content_country":[],"class_list":["post-123128","post","type-post","status-publish","format-standard","hentry","category-actuel","category-investissement","category-ch-balkans","category-newsletter-fr","category-newsletter-media-fr"],"acf":[],"_links":{"self":[{"href":"https:\/\/www.albinfo.at\/fr\/wp-json\/wp\/v2\/posts\/123128","targetHints":{"allow":["GET"]}}],"collection":[{"href":"https:\/\/www.albinfo.at\/fr\/wp-json\/wp\/v2\/posts"}],"about":[{"href":"https:\/\/www.albinfo.at\/fr\/wp-json\/wp\/v2\/types\/post"}],"author":[{"embeddable":true,"href":"https:\/\/www.albinfo.at\/fr\/wp-json\/wp\/v2\/users\/10"}],"replies":[{"embeddable":true,"href":"https:\/\/www.albinfo.at\/fr\/wp-json\/wp\/v2\/comments?post=123128"}],"version-history":[{"count":0,"href":"https:\/\/www.albinfo.at\/fr\/wp-json\/wp\/v2\/posts\/123128\/revisions"}],"wp:attachment":[{"href":"https:\/\/www.albinfo.at\/fr\/wp-json\/wp\/v2\/media?parent=123128"}],"wp:term":[{"taxonomy":"category","embeddable":true,"href":"https:\/\/www.albinfo.at\/fr\/wp-json\/wp\/v2\/categories?post=123128"},{"taxonomy":"post_tag","embeddable":true,"href":"https:\/\/www.albinfo.at\/fr\/wp-json\/wp\/v2\/tags?post=123128"},{"taxonomy":"vendi","embeddable":true,"href":"https:\/\/www.albinfo.at\/fr\/wp-json\/wp\/v2\/vendi?post=123128"},{"taxonomy":"content_country","embeddable":true,"href":"https:\/\/www.albinfo.at\/fr\/wp-json\/wp\/v2\/content_country?post=123128"}],"curies":[{"name":"wp","href":"https:\/\/api.w.org\/{rel}","templated":true}]}}