{"id":110620,"date":"2016-04-07T19:31:48","date_gmt":"2016-04-07T17:31:48","guid":{"rendered":"http:\/\/www.albinfo.ch\/fr\/?p=110620"},"modified":"2016-04-07T19:31:48","modified_gmt":"2016-04-07T17:31:48","slug":"etude-sur-la-traite-des-etres-humains-aussi-une-realite-dans-le-monde-du-travail-2","status":"publish","type":"post","link":"https:\/\/www.albinfo.at\/fr\/etude-sur-la-traite-des-etres-humains-aussi-une-realite-dans-le-monde-du-travail-2\/","title":{"rendered":"\u00c9tude sur la traite des \u00eatres humains : aussi une r\u00e9alit\u00e9 dans le monde du travail"},"content":{"rendered":"<p>Une \u00e9tude exploratoire de l\u2019universit\u00e9 de Neuch\u00e2tel publi\u00e9e aujourd\u2019hui et mandat\u00e9e par fedpol a \u00e9tudi\u00e9 le ph\u00e9nom\u00e8ne de l\u2019exploitation du travail dans le contexte de la traite d\u2019\u00eatres humains en Suisse. Si l&#8217;\u00e9tude ne peut pas donner d&#8217;indications quantitatives sur l&#8217;ampleur du probl\u00e8me en Suisse, elle confirme l&#8217;existence du ph\u00e9nom\u00e8ne et en particulier dans certains secteurs \u00e0 risque. Avec ses partenaires, fedpol va analyser ces r\u00e9sultats et int\u00e9grer cette analyse dans un prochain Plan d&#8217;action national suisse contre la traite des \u00eatres humains.<\/p>\n<p>La traite des \u00eatres humains \u00e0 des fins d&#8217;exploitations de la force de travail est moins bien connue et document\u00e9e que celle associ\u00e9e \u00e0 l&#8217;exploitation sexuelle des femmes. Dans le cadre de la lutte contre la traite d&#8217;\u00eatres humains, fedpol a mandat\u00e9 le Forum suisse pour l&#8217;\u00e9tude des migrations et de la population de l&#8217;universit\u00e9 de Neuch\u00e2tel pour faire une premi\u00e8re \u00e9tude exploratoire sur le sujet. L&#8217;\u00e9tude devait r\u00e9pondre \u00e0 trois objectifs\u00a0: caract\u00e9riser le ph\u00e9nom\u00e8ne dans le contexte suisse, identifier les secteurs \u00e9conomiques pr\u00e9sentant un risque, ainsi que le profil des auteurs et des victimes.<\/p>\n<p><strong>Certains secteurs \u00e0 risque<\/strong><\/p>\n<p>Cette recherche, bas\u00e9e sur trois m\u00e9thodes qualitatives, a \u00e9t\u00e9 men\u00e9e en partie dans toute la Suisse et de mani\u00e8re plus pouss\u00e9e dans les cantons de Berne, Gen\u00e8ve, Zurich et du Tessin. Si l&#8217;\u00e9tude ne peut pas donner d&#8217;indications quantitatives sur l&#8217;ampleur du ph\u00e9nom\u00e8ne, elle confirme l&#8217;existence de l&#8217;exploitation de la force du travail. Les secteurs de l&#8217;\u00e9conomie domestique, l&#8217;h\u00f4tellerie, la restauration, la construction et l&#8217;agriculture semblent particuli\u00e8rement \u00e0 risque. A cela s&#8217;ajoutent les d\u00e9lits commis sous la contrainte (vols, mendicit\u00e9,&#8230;). L&#8217;\u00e9tude rel\u00e8ve aussi que le genre et la nationalit\u00e9 des victimes sont corr\u00e9l\u00e9s avec les secteurs \u00e9conomiques concern\u00e9s. Par exemple, on trouve une majorit\u00e9 de femmes provenant de pays africains et sud-am\u00e9ricains exploit\u00e9es dans l&#8217;\u00e9conomie domestique et une majorit\u00e9 d&#8217;hommes provenant principalement d&#8217;Europe de l&#8217;Est et des Balkans dans le secteur de la construction.<\/p>\n<p>En outre, l&#8217;\u00e9tude remarque un manque d&#8217;outils th\u00e9oriques pour identifier les victimes, une sensibilisation et une coordination des organisations comp\u00e9tentes lacunaires.<\/p>\n<p><strong>R\u00e9sultats pris en compte dans un prochain Plan d&#8217;action national<\/strong><\/p>\n<p>Pour fedpol, ces r\u00e9sultats confirment que le ph\u00e9nom\u00e8ne doit \u00eatre pris au s\u00e9rieux et qu&#8217;il faut am\u00e9liorer la sensibilisation des diff\u00e9rents acteurs sur ce sujet. fedpol examinera les r\u00e9sultats de l&#8217;\u00e9tude dans le d\u00e9tail avec ses partenaires dans le cadre de l&#8217;\u00e9laboration du nouveau Plan d&#8217;action national suisse contre la traite des \u00eatres humains.<\/p>\n","protected":false},"excerpt":{"rendered":"<p>La traite des \u00eatres humains \u00e0 des fins d&#8217;exploitations de la force de travail est moins bien connue et document\u00e9e que celle associ\u00e9e \u00e0 l&#8217;exploitation sexuelle des femmes<\/p>\n","protected":false},"author":4,"featured_media":0,"comment_status":"open","ping_status":"open","sticky":false,"template":"","format":"standard","meta":{"footnotes":""},"categories":[1187,1170],"tags":[1671],"vendi":[],"content_country":[],"class_list":["post-110620","post","type-post","status-publish","format-standard","hentry","category-breves","category-vivre-en-suisse","tag-zvicer-fr"],"acf":[],"_links":{"self":[{"href":"https:\/\/www.albinfo.at\/fr\/wp-json\/wp\/v2\/posts\/110620","targetHints":{"allow":["GET"]}}],"collection":[{"href":"https:\/\/www.albinfo.at\/fr\/wp-json\/wp\/v2\/posts"}],"about":[{"href":"https:\/\/www.albinfo.at\/fr\/wp-json\/wp\/v2\/types\/post"}],"author":[{"embeddable":true,"href":"https:\/\/www.albinfo.at\/fr\/wp-json\/wp\/v2\/users\/4"}],"replies":[{"embeddable":true,"href":"https:\/\/www.albinfo.at\/fr\/wp-json\/wp\/v2\/comments?post=110620"}],"version-history":[{"count":0,"href":"https:\/\/www.albinfo.at\/fr\/wp-json\/wp\/v2\/posts\/110620\/revisions"}],"wp:attachment":[{"href":"https:\/\/www.albinfo.at\/fr\/wp-json\/wp\/v2\/media?parent=110620"}],"wp:term":[{"taxonomy":"category","embeddable":true,"href":"https:\/\/www.albinfo.at\/fr\/wp-json\/wp\/v2\/categories?post=110620"},{"taxonomy":"post_tag","embeddable":true,"href":"https:\/\/www.albinfo.at\/fr\/wp-json\/wp\/v2\/tags?post=110620"},{"taxonomy":"vendi","embeddable":true,"href":"https:\/\/www.albinfo.at\/fr\/wp-json\/wp\/v2\/vendi?post=110620"},{"taxonomy":"content_country","embeddable":true,"href":"https:\/\/www.albinfo.at\/fr\/wp-json\/wp\/v2\/content_country?post=110620"}],"curies":[{"name":"wp","href":"https:\/\/api.w.org\/{rel}","templated":true}]}}