{"id":105630,"date":"2016-02-10T13:50:36","date_gmt":"2016-02-10T12:50:36","guid":{"rendered":"http:\/\/www.albinfo.ch\/fr\/?p=105630"},"modified":"2016-02-10T13:52:32","modified_gmt":"2016-02-10T12:52:32","slug":"asile-statistiques-de-janvier-2016","status":"publish","type":"post","link":"https:\/\/www.albinfo.at\/fr\/asile-statistiques-de-janvier-2016\/","title":{"rendered":"Asile : statistiques de janvier 2016"},"content":{"rendered":"<p>Berne-Wabern, 10.02.2016 &#8211; En janvier 2016, 3618 demandes d\u2019asile ont \u00e9t\u00e9 d\u00e9pos\u00e9es en Suisse, soit pr\u00e8s d\u2019un quart de moins qu\u2019en d\u00e9cembre 2015. Ce recul est principalement d\u00fb \u00e0 la baisse du nombre des demandes de ressortissants afghans et syriens.<\/p>\n<p>Les principaux pays de provenance des requ\u00e9rants d&#8217;asile arriv\u00e9s en Suisse en janvier \u00e9taient l&#8217;Afghanistan (1224\u00a0demandes\u00a0; -759), la Syrie (488\u00a0demandes\u00a0; -308), l&#8217;Irak (367\u00a0demandes\u00a0; -107) et l&#8217;Erythr\u00e9e (233 demandes\u00a0; +63).<\/p>\n<p>Les requ\u00e9rants sont un peu moins nombreux les mois d&#8217;hiver. Cependant, en Europe comme en Suisse, la situation en mati\u00e8re de r\u00e9fugi\u00e9s restera tendue cette ann\u00e9e encore en raison de la persistance des guerres et des foyers de crise actuels.<\/p>\n<p>En janvier 2016, le Secr\u00e9tariat d&#8217;Etat aux migrations a r\u00e9gl\u00e9 2429\u00a0demandes d&#8217;asile en premi\u00e8re instance. Parmi elles, 848 ont abouti \u00e0 une d\u00e9cision de non-entr\u00e9e en mati\u00e8re sur la base de l&#8217;accord de Dublin, 466 \u00e0 l&#8217;octroi de l&#8217;asile et 537 \u00e0 l&#8217;admission provisoire. Le nombre de dossiers en suspens en premi\u00e8re instance a augment\u00e9 de 1378 par rapport au mois pr\u00e9c\u00e9dent.<\/p>\n<p>Durant le mois sous revue, 715 personnes ont quitt\u00e9 la Suisse ou \u00e9t\u00e9 rapatri\u00e9es. Notre pays a demand\u00e9 la prise en charge de 2127 requ\u00e9rants \u00e0 d&#8217;autres Etats Dublin, et 268 ont \u00e9t\u00e9 transf\u00e9r\u00e9s dans l&#8217;Etat comp\u00e9tent. La Suisse a quant \u00e0 elle re\u00e7u 201 demandes de prise en charge \u00e9manant d&#8217;autres Etats Dublin, et 39 personnes ont \u00e9t\u00e9 transf\u00e9r\u00e9es dans notre pays.<\/p>\n","protected":false},"excerpt":{"rendered":"<p>Les principaux pays de provenance des requ\u00e9rants d&#8217;asile arriv\u00e9s en Suisse en janvier \u00e9taient l&#8217;Afghanistan (1224 demandes ; -759), la Syrie (488 demandes ; -308), l&#8217;Irak (367 demandes ; -107) et l&#8217;Erythr\u00e9e (233 demandes ; +63)<\/p>\n","protected":false},"author":4,"featured_media":0,"comment_status":"open","ping_status":"open","sticky":false,"template":"","format":"standard","meta":{"footnotes":""},"categories":[1187,1170],"tags":[1671,1916],"vendi":[],"content_country":[],"class_list":["post-105630","post","type-post","status-publish","format-standard","hentry","category-breves","category-vivre-en-suisse","tag-zvicer-fr","tag-azil-fr"],"acf":[],"_links":{"self":[{"href":"https:\/\/www.albinfo.at\/fr\/wp-json\/wp\/v2\/posts\/105630","targetHints":{"allow":["GET"]}}],"collection":[{"href":"https:\/\/www.albinfo.at\/fr\/wp-json\/wp\/v2\/posts"}],"about":[{"href":"https:\/\/www.albinfo.at\/fr\/wp-json\/wp\/v2\/types\/post"}],"author":[{"embeddable":true,"href":"https:\/\/www.albinfo.at\/fr\/wp-json\/wp\/v2\/users\/4"}],"replies":[{"embeddable":true,"href":"https:\/\/www.albinfo.at\/fr\/wp-json\/wp\/v2\/comments?post=105630"}],"version-history":[{"count":0,"href":"https:\/\/www.albinfo.at\/fr\/wp-json\/wp\/v2\/posts\/105630\/revisions"}],"wp:attachment":[{"href":"https:\/\/www.albinfo.at\/fr\/wp-json\/wp\/v2\/media?parent=105630"}],"wp:term":[{"taxonomy":"category","embeddable":true,"href":"https:\/\/www.albinfo.at\/fr\/wp-json\/wp\/v2\/categories?post=105630"},{"taxonomy":"post_tag","embeddable":true,"href":"https:\/\/www.albinfo.at\/fr\/wp-json\/wp\/v2\/tags?post=105630"},{"taxonomy":"vendi","embeddable":true,"href":"https:\/\/www.albinfo.at\/fr\/wp-json\/wp\/v2\/vendi?post=105630"},{"taxonomy":"content_country","embeddable":true,"href":"https:\/\/www.albinfo.at\/fr\/wp-json\/wp\/v2\/content_country?post=105630"}],"curies":[{"name":"wp","href":"https:\/\/api.w.org\/{rel}","templated":true}]}}