{"id":103144,"date":"2016-01-14T09:19:17","date_gmt":"2016-01-14T08:19:17","guid":{"rendered":"http:\/\/www.albinfo.ch\/?p=103144"},"modified":"2016-01-14T09:19:17","modified_gmt":"2016-01-14T08:19:17","slug":"vengeance-de-clans-kosovars-en-suisse","status":"publish","type":"post","link":"https:\/\/www.albinfo.at\/fr\/vengeance-de-clans-kosovars-en-suisse\/","title":{"rendered":"Vengeance de clans Kosovars en Suisse"},"content":{"rendered":"<p><span style=\"font-size: 16px; line-height: 1.5;\">L\u2019assassinat qui a eu lieu au printemps 2013 en Suisse tire ses origines du Kosovo. Apr\u00e8s la guerre, 14 membres de deux familles de Peja ont \u00e9t\u00e9 assassin\u00e9s dans le cadre d\u2019une vendetta.<\/span><\/p>\n<p>Les autorit\u00e9s suisses ont traduit en justice l\u2019accus\u00e9 de l\u2019assassinat de S. Elshani, tu\u00e9 en mai\u00a02013 \u00e0 Frasses, \u00e0 Fribourg. Cet assassinat avait constern\u00e9 le public suisse, notamment parce que la victime a \u00e9t\u00e9 ex\u00e9cut\u00e9e en pr\u00e9sence de membres de sa famille. Il s\u2019agit d\u2019un acte de vengeance entre les familles Kelmendi et Elshani.<\/p>\n<p>La police et les enqu\u00eateurs suisses ont men\u00e9 leurs investigations sur l\u2019assassinat et apr\u00e8s deux ans et demi, ont d\u00e9cid\u00e9 de traduire en justice l\u2019accus\u00e9.<\/p>\n<p>Elshani, originaire du village Ozdrim \u00e0 Peja, vivait dans le canton de Fribourg et sa famille \u00e9tait en conflit depuis des ann\u00e9es avec la famille Kelmendi.<\/p>\n<p>Les conflits entre les deux familles ont commenc\u00e9 apr\u00e8s la guerre au Kosovo. La famille Elshani pense que l\u2019assassinat en Suisse \u00e9tait un acte de vengeance. S.\u00a0Elshani \u00e9tait la 12eme victime, portant le nombre total de morts parmi les deux familles \u00e0 14.<\/p>\n<p>Apr\u00e8s l\u2019assassinat \u00e0 Fribourg de S. Elshani, la vendetta entre ces familles a continu\u00e9 au Kosovo. Le 13\u00a0octobre 2013, dans le centre de Peja, Xh. Kelmendi et K. Kukaj ont \u00e9t\u00e9 ex\u00e9cut\u00e9s devant un bar, tombant sous les balles de Kalachnikovs.<\/p>\n<p>Kelmendi et Kukaj ont \u00e9t\u00e9 abattus depuis un v\u00e9hicule en mouvement, qui a ensuite \u00e9t\u00e9 retrouv\u00e9 br\u00fbl\u00e9 par la police. Les m\u00e9dias du Kosovo ont d\u00e9clar\u00e9 que le motif de cet assassinat \u00e9tait la vengeance.<\/p>\n<p>Le 21\u00a0mars 2014, la ville de Peja a \u00e9t\u00e9 \u00e0 nouveau choqu\u00e9e, parce que plusieurs personnes \u00e0 bord d\u2019une voiture de type \u00ab\u00a0jeep\u00a0\u00bb ont tir\u00e9 des coups de Kalachnikov dans une caf\u00e9t\u00e9ria remplie de monde. Deux personnes ont \u00e9t\u00e9 tu\u00e9es et six bless\u00e9es. Parmi les personnes tu\u00e9es se trouvait V. Kelmendi, connu sous le nom de Lara, 28 ans, et F.B. (ce dernier a pu \u00eatre tu\u00e9 accidentellement). Selon la police, les bless\u00e9s\u00a0\u00e9taient\u00a0: V.\u00a0Mala (1987), B.\u00a0Lajqi (1984), G.\u00a0Kelmendi (1957), P.\u00a0Gashi (1992), D.\u00a0Berisha (1991) et F. Dervishi.<\/p>\n<p>Kelmendi a \u00e9t\u00e9 la cible d\u2019attaques \u00e0 plusieurs reprises. Il \u00e9tait le fils de Sh. Kelmendi, qui a \u00e9t\u00e9 tu\u00e9 en mars\u00a02013 et le petit-fils de Xh. Kelmendi, qui avait \u00e9t\u00e9 tu\u00e9 le 13\u00a0octobre dans le centre de Peja.<\/p>\n<p>Les assassinats entre les familles Elshani et Kelmendi de Peja ont commenc\u00e9 en 2000.<\/p>\n<p>La personne qui a \u00e9t\u00e9 tu\u00e9e \u00e0 Fribourg en mai\u00a02013, avait aussi perdu un fr\u00e8re en 2000, V.\u00a0Elshani, ancien soldat de l\u2019UCK. Le meurtre a eu lieu alors que la famille Elshani revenait d\u2019un proc\u00e8s, o\u00f9 elle accusait plusieurs personnes d\u2019avoir pos\u00e9 une bombe \u00e0 leur domicile.<\/p>\n<p>Les personnes ayant attaqu\u00e9 la famille Elshani avaient \u00e9t\u00e9 captur\u00e9es par la police d\u2019UNMIK. Les gens qui ont particip\u00e9 \u00e0 l\u2019assassinat \u00e9taient de l\u2019Albanie. Bien plus tard, il a \u00e9t\u00e9 confirm\u00e9 que cette affaire l\u2019attaque \u00e9tait li\u00e9e \u00e0 une autre famille, celle de Sh. Kelmendi de Peja.<\/p>\n<p>Ce dernier a \u00e9t\u00e9 tu\u00e9 myst\u00e9rieusement \u00e0 Peja, deux mois avant l\u2019assassinat de S. Elshani en Suisse. Malgr\u00e9 toutes ces tueries, pas m\u00eame une seule et unique personne n\u2019a \u00e9t\u00e9 plac\u00e9e sous arrestation\u00a0!<\/p>\n<p>Quand la loi ne r\u00e9sout pas les probl\u00e8mes, les familles utilisent le Kanunin de Lek\u00eb Dukagjin (loi traditionnelle albanaise). Selon ce dernier, le sang se lave par le sang. Cela signifie que pour une personne morte, une autre doit \u00eatre tu\u00e9e pour venger la famille. Bien qu\u2019elle soit consid\u00e9r\u00e9e comme archa\u00efque, malheureusement, cette loi est encore appliqu\u00e9e dans le nord de l\u2019Albanie et le Kosovo.<\/p>\n","protected":false},"excerpt":{"rendered":"<p>L\u2019assassinat qui a eu lieu au printemps 2013 en Suisse tire ses origines du Kosovo. Apr\u00e8s la guerre, 14 membres de deux familles de Peja ont \u00e9t\u00e9 assassin\u00e9s dans le cadre d\u2019une vendetta. Les autorit\u00e9s suisses ont traduit en justice l\u2019accus\u00e9 de l\u2019assassinat de S. Elshani, tu\u00e9 en mai\u00a02013 \u00e0 Frasses, \u00e0 Fribourg. Cet assassinat [&hellip;]<\/p>\n","protected":false},"author":10,"featured_media":0,"comment_status":"open","ping_status":"open","sticky":false,"template":"","format":"standard","meta":{"footnotes":""},"categories":[1161,1159,1411,2014,1481],"tags":[],"vendi":[],"content_country":[],"class_list":["post-103144","post","type-post","status-publish","format-standard","hentry","category-investissement","category-ch-balkans","category-newsletter-fr","category-newsletter-media-fr","category-uncategorized-fr"],"acf":[],"_links":{"self":[{"href":"https:\/\/www.albinfo.at\/fr\/wp-json\/wp\/v2\/posts\/103144","targetHints":{"allow":["GET"]}}],"collection":[{"href":"https:\/\/www.albinfo.at\/fr\/wp-json\/wp\/v2\/posts"}],"about":[{"href":"https:\/\/www.albinfo.at\/fr\/wp-json\/wp\/v2\/types\/post"}],"author":[{"embeddable":true,"href":"https:\/\/www.albinfo.at\/fr\/wp-json\/wp\/v2\/users\/10"}],"replies":[{"embeddable":true,"href":"https:\/\/www.albinfo.at\/fr\/wp-json\/wp\/v2\/comments?post=103144"}],"version-history":[{"count":0,"href":"https:\/\/www.albinfo.at\/fr\/wp-json\/wp\/v2\/posts\/103144\/revisions"}],"wp:attachment":[{"href":"https:\/\/www.albinfo.at\/fr\/wp-json\/wp\/v2\/media?parent=103144"}],"wp:term":[{"taxonomy":"category","embeddable":true,"href":"https:\/\/www.albinfo.at\/fr\/wp-json\/wp\/v2\/categories?post=103144"},{"taxonomy":"post_tag","embeddable":true,"href":"https:\/\/www.albinfo.at\/fr\/wp-json\/wp\/v2\/tags?post=103144"},{"taxonomy":"vendi","embeddable":true,"href":"https:\/\/www.albinfo.at\/fr\/wp-json\/wp\/v2\/vendi?post=103144"},{"taxonomy":"content_country","embeddable":true,"href":"https:\/\/www.albinfo.at\/fr\/wp-json\/wp\/v2\/content_country?post=103144"}],"curies":[{"name":"wp","href":"https:\/\/api.w.org\/{rel}","templated":true}]}}