{"id":101513,"date":"2015-12-22T09:12:00","date_gmt":"2015-12-22T08:12:00","guid":{"rendered":"http:\/\/www.albinfo.ch\/?p=101513"},"modified":"2015-12-22T09:50:37","modified_gmt":"2015-12-22T08:50:37","slug":"la-suisse-donne-625-millions-de-francs-pour-lemploi-en-macedoine","status":"publish","type":"post","link":"https:\/\/www.albinfo.at\/fr\/la-suisse-donne-625-millions-de-francs-pour-lemploi-en-macedoine\/","title":{"rendered":"La Suisse donne 6,25 millions de francs pour l\u2019emploi en Mac\u00e9doine"},"content":{"rendered":"<p>Avec les 6.25 millions de francs donn\u00e9s par la Suisse, il est pr\u00e9vu qu\u2019au cours des quatre prochaines ann\u00e9es plus de 2 000 emplois pourront voir le jour en Mac\u00e9doine. Plus de milles petites et moyennes entreprises augmenteront leur b\u00e9n\u00e9fice net de 1,5 million.<\/p>\n<p>Le projet de l\u2019Agence suisse pour le d\u00e9veloppement et la coop\u00e9ration (DDC) est appel\u00e9 \u00ab Increasing Market Employability \u00bb (IME). Ce projet sera mis en \u0153uvre par Swisskontakt, en coop\u00e9ration avec son partenaire local PREDA Plus.<\/p>\n<p>Le m\u00e9morandum a \u00e9t\u00e9 sign\u00e9 lundi par le vice-Premier ministre de la Mac\u00e9doine pour les affaires \u00e9conomiques, Vladimir Peshevski, et par la vice-ambassadrice Suisse \u00e0 Skopje, Katarina Stocker.<\/p>\n<p>M. Peshevski a soulign\u00e9 que l\u2019accent sera mis tout particuli\u00e8rement sur l\u2019am\u00e9lioration de l\u2019employabilit\u00e9 des jeunes et des femmes, alors que la diplomate suisse, Mme Stocker, a soulign\u00e9 que la croissance de l\u2019emploi est l\u2019un des principaux programmes que la Suisse entend soutenir \u00e0 ce stade, et que cela durera quatre ans avec un \u00e9ventuel prolongement.<\/p>\n<p>\u00ab L\u2019objectif est de cr\u00e9er plus d\u2019emploi permanent ou d\u2019auto emploi pour les jeunes et les femmes, et cela devrait \u00eatre r\u00e9alis\u00e9 par le d\u00e9veloppement du march\u00e9. Le programme en question devrait se traduire par la croissance du secteur priv\u00e9, et il est pr\u00e9vu qu\u2019il g\u00e9n\u00e8re plus de 2000 emplois \u00bb, a d\u00e9clar\u00e9 Stocker.<\/p>\n<p>Les activit\u00e9s du programme sont concentr\u00e9es sur les secteurs du tourisme et de l\u2019industrie cr\u00e9ative.<\/p>\n<p>Des destinations touristiques comme Ohrid, Mavrovo et Krusheva trouveront du soutien afin d\u2019utiliser le plein potentiel du patrimoine historique, naturel et culturel \u00e0 travers une m\u00e9thodologie pour la coop\u00e9ration et la gestion des destinations d\u00e9velopp\u00e9e par l\u2019Universit\u00e9 de St. Gall.<\/p>\n<p>Cela permettra d\u2019am\u00e9liorer les prestations de services et permettra d\u2019enrichir l\u2019offre touristique en attirant plus de touristes. La coop\u00e9ration entre la Suisse et la Mac\u00e9doine est en constante augmentation.<\/p>\n<p>La Suisse est le plus grand partenaire bilat\u00e9ral pour le d\u00e9veloppement \u00e9conomique de la Mac\u00e9doine, avec 80 millions de francs suisses de subventions pour la p\u00e9riode de 2013 \u00e0 2016.<\/p>\n","protected":false},"excerpt":{"rendered":"<p>Avec les 6.25 millions de francs donn\u00e9s par la Suisse, il est pr\u00e9vu qu\u2019au cours des quatre prochaines ann\u00e9es plus de 2 000 emplois pourront voir le jour en Mac\u00e9doine. Plus de milles petites et moyennes entreprises augmenteront leur b\u00e9n\u00e9fice net de 1,5 million  <\/p>\n","protected":false},"author":10,"featured_media":0,"comment_status":"open","ping_status":"open","sticky":false,"template":"","format":"standard","meta":{"footnotes":""},"categories":[1159],"tags":[1671],"vendi":[],"content_country":[],"class_list":["post-101513","post","type-post","status-publish","format-standard","hentry","category-ch-balkans","tag-zvicer-fr"],"acf":[],"_links":{"self":[{"href":"https:\/\/www.albinfo.at\/fr\/wp-json\/wp\/v2\/posts\/101513","targetHints":{"allow":["GET"]}}],"collection":[{"href":"https:\/\/www.albinfo.at\/fr\/wp-json\/wp\/v2\/posts"}],"about":[{"href":"https:\/\/www.albinfo.at\/fr\/wp-json\/wp\/v2\/types\/post"}],"author":[{"embeddable":true,"href":"https:\/\/www.albinfo.at\/fr\/wp-json\/wp\/v2\/users\/10"}],"replies":[{"embeddable":true,"href":"https:\/\/www.albinfo.at\/fr\/wp-json\/wp\/v2\/comments?post=101513"}],"version-history":[{"count":0,"href":"https:\/\/www.albinfo.at\/fr\/wp-json\/wp\/v2\/posts\/101513\/revisions"}],"wp:attachment":[{"href":"https:\/\/www.albinfo.at\/fr\/wp-json\/wp\/v2\/media?parent=101513"}],"wp:term":[{"taxonomy":"category","embeddable":true,"href":"https:\/\/www.albinfo.at\/fr\/wp-json\/wp\/v2\/categories?post=101513"},{"taxonomy":"post_tag","embeddable":true,"href":"https:\/\/www.albinfo.at\/fr\/wp-json\/wp\/v2\/tags?post=101513"},{"taxonomy":"vendi","embeddable":true,"href":"https:\/\/www.albinfo.at\/fr\/wp-json\/wp\/v2\/vendi?post=101513"},{"taxonomy":"content_country","embeddable":true,"href":"https:\/\/www.albinfo.at\/fr\/wp-json\/wp\/v2\/content_country?post=101513"}],"curies":[{"name":"wp","href":"https:\/\/api.w.org\/{rel}","templated":true}]}}