{"id":95814,"date":"2015-10-16T13:52:43","date_gmt":"2015-10-16T11:52:43","guid":{"rendered":"http:\/\/www.albinfo.ch\/?p=95814"},"modified":"2015-10-16T13:53:27","modified_gmt":"2015-10-16T11:53:27","slug":"asylstatistik-3-quartal-2015","status":"publish","type":"post","link":"https:\/\/www.albinfo.at\/de\/asylstatistik-3-quartal-2015\/","title":{"rendered":"Asylstatistik 3. Quartal 2015"},"content":{"rendered":"<p>Die Schweiz verzeichnete von Anfang Juli bis Ende September 2015 total 12 339 Asylgesuche. Europa sah sich im dritten Quartal 2015 mit den gr\u00f6ssten Migrationsbewegungen seit Ende des Zweiten Weltkriegs konfrontiert. Insgesamt wurden in den EU- und EFTA-Staaten mehr als 400 000 Asylsuchende registriert. Aufgrund der Witterung nehmen die Gesuchszahlen ab November voraussichtlich wieder ab. Die Situation bleibt jedoch sowohl in Europa als auch in der Schweiz angespannt.<br \/>\nIm September wurden in der Schweiz 4544 neue Asylgesuche registriert, 645 mehr als im August. Die Zahl der Asylsuchenden aus Eritrea nahm dabei im Vergleich zu August um 14 % auf 1387 ab. Bis Ende September stellten im Jahr 2015 somit 24 212 Personen ein Asylgesuch, 34 % mehr als in den ersten neun Monaten des Vorjahres.<br \/>\nDie wichtigsten Herkunftsl\u00e4nder im dritten Quartal 2015 waren Eritrea (5127 Gesuche), Syrien (1556 Gesuche) und Afghanistan (1373 Gesuche). Zunahmen um mehr als 100 Gesuche gab es zudem bei folgenden Herkunftsl\u00e4ndern: Irak mit 595 Gesuchen (+488 Gesuche), Albanien mit 241 Gesuchen (+152 Gesuche) und Sudan mit 177 Gesuchen (+122 Gesuche).<br \/>\n<strong>Situation in Europa<\/strong><\/p>\n<p>Im dritten Quartal 2015 blieb die Zahl der Personen, die \u00fcber das zentrale Mittelmeer nach Europa gelangten, auf dem Niveau des Vorquartals. Insgesamt erreichten rund 62 000 Menschen S\u00fcditalien, 1500 mehr als im zweiten Quartal 2015. Die genaue Zahl der Personen, welche die Migrationsroute von der T\u00fcrkei \u00fcber das \u00f6stliche Mittelmeer nach Griechenland und anschliessend via Mazedonien, Serbien, Kroatien, Ungarn sowie \u00d6sterreich nach Deutschland nutzten, ist nicht bekannt. Das UNO Hochkommissariat f\u00fcr Fl\u00fcchtlinge UNHCR geht von 330 000 Personen aus, die im dritten Quartal Griechenland erreichten.<br \/>\nDie Schweiz war im dritten Quartal 2015 vergleichsweise wenig von der Migrationsbewegung \u00fcber den Balkan nach Zentral- und Nordeuropa betroffen. Insgesamt nutzte immer noch eine Mehrheit der hier registrierten Asylsuchenden die Route \u00fcber das zentrale Mittelmeer. Allerdings hat sich dies gegen Ende des Quartals ge\u00e4ndert und die Asylsuchenden, welche \u00fcber die Balkanroute in die Schweiz gelangten, waren im September in der Mehrheit.<br \/>\n7079 Gesuche konnten zwischen Juli 2015 und September 2015 in erster Instanz erledigt werden, das sind 315 Gesuche oder rund 5 % mehr als im Vorquartal und 750 Gesuche oder 12 % mehr als in derselben Zeitspanne im Vorjahr (6329 Erledigungen). Ende September 2015 waren 20 973 Asylgesuche in erster Instanz h\u00e4ngig, 5705 Gesuche mehr als im Vorquartal (+37 %).<br \/>\nIm dritten Quartal 2015 sind 2106 Personen aus der Schweiz ausgereist oder wurden r\u00fcckgef\u00fchrt, das sind 2 % mehr als im zweiten Quartal 2015 (2074). Davon wurden 501 im Rahmen des Dublin-Verfahrens an den zust\u00e4ndigen Staat \u00fcberstellt.<\/p>\n<p>(Staatssekretariat f\u00fcr Migration)<\/p>\n","protected":false},"excerpt":{"rendered":"<p>Im September wurden in der Schweiz 4544 neue Asylgesuche registriert, 645 mehr als im August<\/p>\n","protected":false},"author":4,"featured_media":0,"comment_status":"open","ping_status":"open","sticky":false,"template":"","format":"standard","meta":{"footnotes":""},"categories":[1188,1140],"tags":[1633,1918],"vendi":[],"content_country":[],"class_list":["post-95814","post","type-post","status-publish","format-standard","hentry","category-shkurt-ch-de","category-leben-in-der-schweiz","tag-zvicer-de","tag-azil-fr-de"],"acf":[],"_links":{"self":[{"href":"https:\/\/www.albinfo.at\/de\/wp-json\/wp\/v2\/posts\/95814","targetHints":{"allow":["GET"]}}],"collection":[{"href":"https:\/\/www.albinfo.at\/de\/wp-json\/wp\/v2\/posts"}],"about":[{"href":"https:\/\/www.albinfo.at\/de\/wp-json\/wp\/v2\/types\/post"}],"author":[{"embeddable":true,"href":"https:\/\/www.albinfo.at\/de\/wp-json\/wp\/v2\/users\/4"}],"replies":[{"embeddable":true,"href":"https:\/\/www.albinfo.at\/de\/wp-json\/wp\/v2\/comments?post=95814"}],"version-history":[{"count":0,"href":"https:\/\/www.albinfo.at\/de\/wp-json\/wp\/v2\/posts\/95814\/revisions"}],"wp:attachment":[{"href":"https:\/\/www.albinfo.at\/de\/wp-json\/wp\/v2\/media?parent=95814"}],"wp:term":[{"taxonomy":"category","embeddable":true,"href":"https:\/\/www.albinfo.at\/de\/wp-json\/wp\/v2\/categories?post=95814"},{"taxonomy":"post_tag","embeddable":true,"href":"https:\/\/www.albinfo.at\/de\/wp-json\/wp\/v2\/tags?post=95814"},{"taxonomy":"vendi","embeddable":true,"href":"https:\/\/www.albinfo.at\/de\/wp-json\/wp\/v2\/vendi?post=95814"},{"taxonomy":"content_country","embeddable":true,"href":"https:\/\/www.albinfo.at\/de\/wp-json\/wp\/v2\/content_country?post=95814"}],"curies":[{"name":"wp","href":"https:\/\/api.w.org\/{rel}","templated":true}]}}