{"id":949484,"date":"2026-09-05T14:45:41","date_gmt":"2026-09-05T12:45:41","guid":{"rendered":"https:\/\/www.albinfo.ch\/mjeku-shqiptar-nga-zvicra-qe-u-kujdes-per-ekipin-olimpik-te-kosoves-ne-lojerat-mesdhetare\/"},"modified":"2026-09-06T02:05:53","modified_gmt":"2026-09-06T00:05:53","slug":"mjeku-shqiptar-nga-zvicra-qe-u-kujdes-per-ekipin-olimpik-te-kosoves-ne-lojerat-mesdhetare","status":"publish","type":"post","link":"https:\/\/www.albinfo.at\/de\/mjeku-shqiptar-nga-zvicra-qe-u-kujdes-per-ekipin-olimpik-te-kosoves-ne-lojerat-mesdhetare\/","title":{"rendered":"Der albanische Arzt aus der Schweiz, der das kosovarische Olympiateam bei den Mittelmeerspielen betreute"},"content":{"rendered":"<p>Der albanische Arzt Alvin Karaqi, der in der Schweiz lebt und arbeitet, war Teil der kosovarischen Delegation bei den XX. Mittelmeerspielen in Tarent, Italien, wo er zwei Wochen lang als offizieller Arzt des kosovarischen Olympiateams im Einsatz war, schreibt albinfo.ch.<\/p>\n<p>Karaqi war gemeinsam mit dem Physiotherapeuten des Olympischen Komitees des Kosovo, Fatlind Maraj, f\u00fcr rund 160 Sportler, Trainer und Funktion\u00e4re der Delegation verantwortlich.<\/p>\n<p><a href=\"https:\/\/www.albinfo.ch\/wp-content\/uploads\/2026\/09\/img_2831.jpeg\"><img loading=\"lazy\" decoding=\"async\" class=\"wp-image-949296\" src=\"https:\/\/www.albinfo.ch\/wp-content\/uploads\/2026\/09\/img_2831.jpeg\" alt=\"Alvin Karaqi, specializant n\u00eb Schulthess Klinik Z\u00fcrich, sh\u00ebrbeu si mjek zyrtar i ekipit t\u00eb Kosov\u00ebs n\u00eb Loj\u00ebrat Mesdhetare \u201cTaranto 2026\u201d.\" width=\"600\" height=\"900\" srcset=\"https:\/\/www.albinfo.at\/wp-content\/uploads\/2026\/09\/img_2831.jpeg 1365w, https:\/\/www.albinfo.at\/wp-content\/uploads\/2026\/09\/img_2831-200x300.jpeg 200w, https:\/\/www.albinfo.at\/wp-content\/uploads\/2026\/09\/img_2831-683x1024.jpeg 683w, https:\/\/www.albinfo.at\/wp-content\/uploads\/2026\/09\/img_2831-768x1152.jpeg 768w, https:\/\/www.albinfo.at\/wp-content\/uploads\/2026\/09\/img_2831-1024x1536.jpeg 1024w, https:\/\/www.albinfo.at\/wp-content\/uploads\/2026\/09\/img_2831-264x396.jpeg 264w, https:\/\/www.albinfo.at\/wp-content\/uploads\/2026\/09\/img_2831-67x100.jpeg 67w, https:\/\/www.albinfo.at\/wp-content\/uploads\/2026\/09\/img_2831-117x175.jpeg 117w\" sizes=\"auto, (max-width: 600px) 100vw, 600px\" \/><\/a><\/p>\n<p>Alvin Karaqi, Assistenzarzt in Weiterbildung an der Schulthess Klinik Z\u00fcrich, war bei den Mittelmeerspielen &#8220;Taranto 2026&#8221; als offizieller Arzt des kosovarischen Teams im Einsatz.<\/p>\n<p>Sein beruflicher Weg begann im Kosovo, wo er sein Studium an der Fakult\u00e4t f\u00fcr Allgemeinmedizin der Universit\u00e4t Prishtina abschloss. Anschliessend setzte er seine Weiterbildung in der Schweiz im Bereich Orthop\u00e4dische Chirurgie und Traumatologie fort und arbeitet heute an der Schulthess Klinik Z\u00fcrich.<\/p>\n<p><a href=\"https:\/\/www.albinfo.ch\/wp-content\/uploads\/2026\/09\/img_2833.jpeg\"><img loading=\"lazy\" decoding=\"async\" class=\"wp-image-949299\" src=\"https:\/\/www.albinfo.ch\/wp-content\/uploads\/2026\/09\/img_2833.jpeg\" alt=\"Alvin Karaqi, specializant n\u00eb Schulthess Klinik Z\u00fcrich, sh\u00ebrbeu si mjek zyrtar i ekipit t\u00eb Kosov\u00ebs n\u00eb Loj\u00ebrat Mesdhetare \u201cTaranto 2026\u201d.\" width=\"587\" height=\"330\" srcset=\"https:\/\/www.albinfo.at\/wp-content\/uploads\/2026\/09\/img_2833.jpeg 960w, https:\/\/www.albinfo.at\/wp-content\/uploads\/2026\/09\/img_2833-300x169.jpeg 300w, https:\/\/www.albinfo.at\/wp-content\/uploads\/2026\/09\/img_2833-768x432.jpeg 768w, https:\/\/www.albinfo.at\/wp-content\/uploads\/2026\/09\/img_2833-182x101.jpeg 182w, https:\/\/www.albinfo.at\/wp-content\/uploads\/2026\/09\/img_2833-790x443.jpeg 790w, https:\/\/www.albinfo.at\/wp-content\/uploads\/2026\/09\/img_2833-587x330.jpeg 587w, https:\/\/www.albinfo.at\/wp-content\/uploads\/2026\/09\/img_2833-178x100.jpeg 178w, https:\/\/www.albinfo.at\/wp-content\/uploads\/2026\/09\/img_2833-265x149.jpeg 265w\" sizes=\"auto, (max-width: 587px) 100vw, 587px\" \/><\/a><\/p>\n<p>Alvin Karaqi, Assistenzarzt in Weiterbildung an der Schulthess Klinik Z\u00fcrich, war bei den Mittelmeerspielen &#8220;Taranto 2026&#8221; als offizieller Arzt des kosovarischen Teams im Einsatz.<\/p>\n<p>Doch Karaqi verbindet noch etwas anderes eng mit dem Sport. Rund 20 Jahre lang war er Profisportler und vertrat Kosovo und Albanien im Karate. Im Jahr 2023 wurde er Europameister und gewann die Goldmedaille f\u00fcr Albanien.<\/p>\n<p>Heute erlebt Karaqi den Sport aus einer anderen Perspektive. Vom Sportler ist er in die Rolle des Arztes gewechselt und leistet nun einen direkten Beitrag zur medizinischen Betreuung der kosovarischen Athleten.<\/p>\n<p>F\u00fcr ihn war dieses Engagement eine Ehre, zugleich aber auch eine grosse Verantwortung, insbesondere mit Blick auf die Mittelmeerspiele &#8220;Prishtina 2030&#8221;.\/Albinfo.ch<\/p>\n<p class=\"p1\"><a href=\"https:\/\/www.albinfo.ch\/wp-content\/uploads\/2026\/09\/img_2834.jpeg\"><img loading=\"lazy\" decoding=\"async\" class=\"wp-image-949302\" src=\"https:\/\/www.albinfo.ch\/wp-content\/uploads\/2026\/09\/img_2834.jpeg\" alt=\"Ekipi olimpik i kosoves ne Taranto\" width=\"600\" height=\"400\" srcset=\"https:\/\/www.albinfo.at\/wp-content\/uploads\/2026\/09\/img_2834.jpeg 1800w, https:\/\/www.albinfo.at\/wp-content\/uploads\/2026\/09\/img_2834-300x200.jpeg 300w, https:\/\/www.albinfo.at\/wp-content\/uploads\/2026\/09\/img_2834-1024x683.jpeg 1024w, https:\/\/www.albinfo.at\/wp-content\/uploads\/2026\/09\/img_2834-768x512.jpeg 768w, https:\/\/www.albinfo.at\/wp-content\/uploads\/2026\/09\/img_2834-1536x1024.jpeg 1536w, https:\/\/www.albinfo.at\/wp-content\/uploads\/2026\/09\/img_2834-210x141.jpeg 210w, https:\/\/www.albinfo.at\/wp-content\/uploads\/2026\/09\/img_2834-587x391.jpeg 587w, https:\/\/www.albinfo.at\/wp-content\/uploads\/2026\/09\/img_2834-150x100.jpeg 150w, https:\/\/www.albinfo.at\/wp-content\/uploads\/2026\/09\/img_2834-263x175.jpeg 263w\" sizes=\"auto, (max-width: 600px) 100vw, 600px\" \/><\/a><\/p>\n<p>Photo by: Shpend Ahmeti<\/p>\n","protected":false},"excerpt":{"rendered":"<p>Alvin Karaqi, Assistenzarzt in Weiterbildung an der Schulthess Klinik Z\u00fcrich, war bei den Mittelmeerspielen &#8220;Taranto 2026&#8221; als offizieller Mannschaftsarzt des Kosovo im Einsatz.<\/p>\n","protected":false},"author":31,"featured_media":949307,"comment_status":"closed","ping_status":"closed","sticky":false,"template":"","format":"standard","meta":{"footnotes":""},"categories":[24636,24641,24670,3952,24631,1129,1133,1139],"tags":[],"vendi":[],"content_country":[29888,31836,31837],"class_list":["post-949484","post","type-post","status-publish","format-standard","has-post-thumbnail","hentry","category-nachrichten-de-4","category-andere-de-2","category-martiale-sportarten","category-kosova-de","category-nachrichten-de-2","category-ch-balkan","category-e-diaspora-de","category-sport","content_country-zvicer","content_country-austria-de","content_country-germany-de"],"acf":[],"_links":{"self":[{"href":"https:\/\/www.albinfo.at\/de\/wp-json\/wp\/v2\/posts\/949484","targetHints":{"allow":["GET"]}}],"collection":[{"href":"https:\/\/www.albinfo.at\/de\/wp-json\/wp\/v2\/posts"}],"about":[{"href":"https:\/\/www.albinfo.at\/de\/wp-json\/wp\/v2\/types\/post"}],"author":[{"embeddable":true,"href":"https:\/\/www.albinfo.at\/de\/wp-json\/wp\/v2\/users\/31"}],"replies":[{"embeddable":true,"href":"https:\/\/www.albinfo.at\/de\/wp-json\/wp\/v2\/comments?post=949484"}],"version-history":[{"count":2,"href":"https:\/\/www.albinfo.at\/de\/wp-json\/wp\/v2\/posts\/949484\/revisions"}],"predecessor-version":[{"id":949486,"href":"https:\/\/www.albinfo.at\/de\/wp-json\/wp\/v2\/posts\/949484\/revisions\/949486"}],"wp:featuredmedia":[{"embeddable":true,"href":"https:\/\/www.albinfo.at\/de\/wp-json\/wp\/v2\/media\/949307"}],"wp:attachment":[{"href":"https:\/\/www.albinfo.at\/de\/wp-json\/wp\/v2\/media?parent=949484"}],"wp:term":[{"taxonomy":"category","embeddable":true,"href":"https:\/\/www.albinfo.at\/de\/wp-json\/wp\/v2\/categories?post=949484"},{"taxonomy":"post_tag","embeddable":true,"href":"https:\/\/www.albinfo.at\/de\/wp-json\/wp\/v2\/tags?post=949484"},{"taxonomy":"vendi","embeddable":true,"href":"https:\/\/www.albinfo.at\/de\/wp-json\/wp\/v2\/vendi?post=949484"},{"taxonomy":"content_country","embeddable":true,"href":"https:\/\/www.albinfo.at\/de\/wp-json\/wp\/v2\/content_country?post=949484"}],"curies":[{"name":"wp","href":"https:\/\/api.w.org\/{rel}","templated":true}]}}