{"id":949477,"date":"2026-09-05T13:45:47","date_gmt":"2026-09-05T11:45:47","guid":{"rendered":"https:\/\/www.albinfo.ch\/rahoveci-hap-dyert-per-festivalin-hardh-fest-festa-e-rrushit\/"},"modified":"2026-09-06T01:59:20","modified_gmt":"2026-09-05T23:59:20","slug":"rahoveci-hap-dyert-per-festivalin-hardh-fest-festa-e-rrushit","status":"publish","type":"post","link":"https:\/\/www.albinfo.at\/de\/rahoveci-hap-dyert-per-festivalin-hardh-fest-festa-e-rrushit\/","title":{"rendered":"Rahovec \u00f6ffnet seine T\u00fcren f\u00fcr das Festival &#8220;Hardh Fest&#8221;, das Fest der Trauben"},"content":{"rendered":"<p>In Rahovec hat &#8220;Hardh Fest&#8221; begonnen, ein dreit\u00e4giges Festival, das der Tradition des Weinbaus, dem Wein, der Kultur und der Gastfreundschaft dieser Region Kosovos gewidmet ist, berichtet albinfo.ch.<\/p>\n<p>Drei Tage lang wird die Stadt Rahovec zu einem Treffpunkt von Tradition und zeitgen\u00f6ssischer Kultur, mit einem vielf\u00e4ltigen Programm rund um lokale Weine, Gastronomie, Kunst und Musik.<\/p>\n<p>Das Festival bietet tags\u00fcber verschiedene Aktivit\u00e4ten, w\u00e4hrend die Abende von Konzerten und einer festlichen Atmosph\u00e4re gepr\u00e4gt sind.<\/p>\n<p>&#8220;Hardh Fest&#8221; hat sich inzwischen zu einer der Veranstaltungen entwickelt, die die Trauben und Weinkultur von Rahovec besonders stark f\u00f6rdern und dabei die Tradition der Region mit dem kulturellen und k\u00fcnstlerischen Leben verbinden.<\/p>\n<p>Mit Aktivit\u00e4ten am Tag und Musik am Abend wird Rahovec f\u00fcr drei Tage zu einem der wichtigsten Festziele im Kosovo.<\/p>\n<p>&#8220;Hardh Fest&#8221; ist mehr als nur ein Festival. Es ist ein Fest der Identit\u00e4t, der Tradition und des kulturellen Reichtums Kosovos.\/Albinfo.ch<\/p>\n","protected":false},"excerpt":{"rendered":"<p>Drei Tage lang verwandelt sich Rahovec in ein Zentrum f\u00fcr Tradition, Kultur, Gastronomie und Musik und r\u00fcckt das reiche Erbe dieser Region in den Mittelpunkt.<\/p>\n","protected":false},"author":31,"featured_media":949276,"comment_status":"closed","ping_status":"closed","sticky":false,"template":"","format":"standard","meta":{"footnotes":""},"categories":[34918,23263,3952,23262,24631,1129,1138],"tags":[],"vendi":[],"content_country":[],"class_list":["post-949477","post","type-post","status-publish","format-standard","has-post-thumbnail","hentry","category-andere-de-5","category-kosova-de-2","category-kosova-de","category-at-balkani-de","category-nachrichten-de-2","category-ch-balkan","category-kultur"],"acf":[],"_links":{"self":[{"href":"https:\/\/www.albinfo.at\/de\/wp-json\/wp\/v2\/posts\/949477","targetHints":{"allow":["GET"]}}],"collection":[{"href":"https:\/\/www.albinfo.at\/de\/wp-json\/wp\/v2\/posts"}],"about":[{"href":"https:\/\/www.albinfo.at\/de\/wp-json\/wp\/v2\/types\/post"}],"author":[{"embeddable":true,"href":"https:\/\/www.albinfo.at\/de\/wp-json\/wp\/v2\/users\/31"}],"replies":[{"embeddable":true,"href":"https:\/\/www.albinfo.at\/de\/wp-json\/wp\/v2\/comments?post=949477"}],"version-history":[{"count":1,"href":"https:\/\/www.albinfo.at\/de\/wp-json\/wp\/v2\/posts\/949477\/revisions"}],"predecessor-version":[{"id":949478,"href":"https:\/\/www.albinfo.at\/de\/wp-json\/wp\/v2\/posts\/949477\/revisions\/949478"}],"wp:featuredmedia":[{"embeddable":true,"href":"https:\/\/www.albinfo.at\/de\/wp-json\/wp\/v2\/media\/949276"}],"wp:attachment":[{"href":"https:\/\/www.albinfo.at\/de\/wp-json\/wp\/v2\/media?parent=949477"}],"wp:term":[{"taxonomy":"category","embeddable":true,"href":"https:\/\/www.albinfo.at\/de\/wp-json\/wp\/v2\/categories?post=949477"},{"taxonomy":"post_tag","embeddable":true,"href":"https:\/\/www.albinfo.at\/de\/wp-json\/wp\/v2\/tags?post=949477"},{"taxonomy":"vendi","embeddable":true,"href":"https:\/\/www.albinfo.at\/de\/wp-json\/wp\/v2\/vendi?post=949477"},{"taxonomy":"content_country","embeddable":true,"href":"https:\/\/www.albinfo.at\/de\/wp-json\/wp\/v2\/content_country?post=949477"}],"curies":[{"name":"wp","href":"https:\/\/api.w.org\/{rel}","templated":true}]}}