{"id":949468,"date":"2026-09-05T12:45:25","date_gmt":"2026-09-05T10:45:25","guid":{"rendered":"https:\/\/www.albinfo.ch\/aeroporti-i-shkupit-shpallet-me-i-miri-ne-evrope-per-pervojen-e-udhetareve\/"},"modified":"2026-09-06T01:51:01","modified_gmt":"2026-09-05T23:51:01","slug":"aeroporti-i-shkupit-shpallet-me-i-miri-ne-evrope-per-pervojen-e-udhetareve","status":"publish","type":"post","link":"https:\/\/www.albinfo.at\/de\/aeroporti-i-shkupit-shpallet-me-i-miri-ne-evrope-per-pervojen-e-udhetareve\/","title":{"rendered":"Flughafen Skopje als bester Europas f\u00fcr das Passagiererlebnis ausgezeichnet"},"content":{"rendered":"<p>Der internationale Flughafen Skopje wurde mit dem renommierten ASQ-Preis (Airport Service Quality) 2025 in der Kategorie &#8220;Angenehmstes Flughafenerlebnis in Europa&#8221; ausgezeichnet, berichtet albinfo.ch.<\/p>\n<p>Die vom Airports Council International (ACI World) vergebene Auszeichnung wurde den Vertretern des Flughafens am 2. September in Istanbul im Rahmen des globalen ACI-Gipfels zum Passagiererlebnis \u00fcberreicht.<\/p>\n<p>Es ist bereits der 11. ASQ-Preis f\u00fcr den internationalen Flughafen Skopje, der von TAV Macedonia betrieben wird.<\/p>\n<p>Die Bewertung basiert direkt auf den Eindr\u00fccken der Passagiere und umfasst verschiedene Aspekte der Flughafendienstleistungen, darunter den Check-in-Prozess, die Sicherheitskontrollen, die Orientierung und Beschilderung, die Sauberkeit und den Komfort des Terminals sowie das gesamte Reiseerlebnis.<\/p>\n<p>&#8220;Das ist eine au\u00dfergew\u00f6hnliche Leistung und ein gro\u00dfer Grund zum Stolz f\u00fcr TAV Macedonia. Diese Auszeichnung ist f\u00fcr uns von besonderer Bedeutung, weil sie direkt von unseren Passagieren kommt und ihr Vertrauen in die von uns angebotenen Dienstleistungen widerspiegelt&#8221;, erkl\u00e4rte der Generaldirektor von TAV Macedonia, Nexhat Kurt.<\/p>\n<p>Bei dieser Auszeichnung wurde der Flughafen Skopje gemeinsam mit drei weiteren von TAV Airports betriebenen Flugh\u00e4fen ber\u00fccksichtigt: dem Flughafen Esenbo\u011fa in Ankara, dem Flughafen Adnan Menderes in Izmir und dem internationalen Flughafen Tiflis.<\/p>\n<p>Laut TAV Airports z\u00e4hlen die ASQ-Auszeichnungen zu den wichtigsten Anerkennungen in der internationalen Luftfahrtbranche, da die Ergebnisse auf den Erfahrungen und Meinungen der Passagiere selbst beruhen.\/Albinfo.ch<\/p>\n","protected":false},"excerpt":{"rendered":"<p>Der internationale Flughafen Skopje wurde mit dem renommierten ASQ-Preis f\u00fcr das Jahr 2025 ausgezeichnet, basierend auf den Bewertungen der Passagiere zur Servicequalit\u00e4t und zum Flughafenerlebnis.<\/p>\n","protected":false},"author":31,"featured_media":948332,"comment_status":"closed","ping_status":"closed","sticky":false,"template":"","format":"standard","meta":{"footnotes":""},"categories":[24626,23265,23262,24631,1129],"tags":[],"vendi":[],"content_country":[29888,31836,31837],"class_list":["post-949468","post","type-post","status-publish","format-standard","has-post-thumbnail","hentry","category-nord-macedonia-de-2","category-nord-macedonia","category-at-balkani-de","category-nachrichten-de-2","category-ch-balkan","content_country-zvicer","content_country-austria-de","content_country-germany-de"],"acf":[],"_links":{"self":[{"href":"https:\/\/www.albinfo.at\/de\/wp-json\/wp\/v2\/posts\/949468","targetHints":{"allow":["GET"]}}],"collection":[{"href":"https:\/\/www.albinfo.at\/de\/wp-json\/wp\/v2\/posts"}],"about":[{"href":"https:\/\/www.albinfo.at\/de\/wp-json\/wp\/v2\/types\/post"}],"author":[{"embeddable":true,"href":"https:\/\/www.albinfo.at\/de\/wp-json\/wp\/v2\/users\/31"}],"replies":[{"embeddable":true,"href":"https:\/\/www.albinfo.at\/de\/wp-json\/wp\/v2\/comments?post=949468"}],"version-history":[{"count":1,"href":"https:\/\/www.albinfo.at\/de\/wp-json\/wp\/v2\/posts\/949468\/revisions"}],"predecessor-version":[{"id":949469,"href":"https:\/\/www.albinfo.at\/de\/wp-json\/wp\/v2\/posts\/949468\/revisions\/949469"}],"wp:featuredmedia":[{"embeddable":true,"href":"https:\/\/www.albinfo.at\/de\/wp-json\/wp\/v2\/media\/948332"}],"wp:attachment":[{"href":"https:\/\/www.albinfo.at\/de\/wp-json\/wp\/v2\/media?parent=949468"}],"wp:term":[{"taxonomy":"category","embeddable":true,"href":"https:\/\/www.albinfo.at\/de\/wp-json\/wp\/v2\/categories?post=949468"},{"taxonomy":"post_tag","embeddable":true,"href":"https:\/\/www.albinfo.at\/de\/wp-json\/wp\/v2\/tags?post=949468"},{"taxonomy":"vendi","embeddable":true,"href":"https:\/\/www.albinfo.at\/de\/wp-json\/wp\/v2\/vendi?post=949468"},{"taxonomy":"content_country","embeddable":true,"href":"https:\/\/www.albinfo.at\/de\/wp-json\/wp\/v2\/content_country?post=949468"}],"curies":[{"name":"wp","href":"https:\/\/api.w.org\/{rel}","templated":true}]}}