{"id":949310,"date":"2026-09-05T12:30:17","date_gmt":"2026-09-05T10:30:17","guid":{"rendered":"https:\/\/www.albinfo.ch\/?p=949310"},"modified":"2026-09-05T12:32:07","modified_gmt":"2026-09-05T10:32:07","slug":"erfolg-ist-mehr-als-karriere","status":"publish","type":"post","link":"https:\/\/www.albinfo.at\/de\/erfolg-ist-mehr-als-karriere\/","title":{"rendered":"Erfolg ist mehr als Karriere"},"content":{"rendered":"<p>Beim Netzwerk Symposium stand dieses Jahr nicht der klassische berufliche Erfolg im Mittelpunkt, sondern die pers\u00f6nliche Frage dahinter: Wann empfindet ein Mensch sein eigenes Leben als erfolgreich?<\/p>\n<p>Die Antworten der G\u00e4ste fielen unterschiedlich aus. Immer wieder ging es jedoch um \u00e4hnliche Begriffe: Leidenschaft, Zufriedenheit, Beziehungen und den Mut, einen eigenen Weg zu gehen.<\/p>\n<p><a href=\"https:\/\/www.albinfo.ch\/wp-content\/uploads\/2026\/09\/nezwerk-simpozium-2.jpg\"><img loading=\"lazy\" decoding=\"async\" class=\"alignnone wp-image-949312\" src=\"https:\/\/www.albinfo.ch\/wp-content\/uploads\/2026\/09\/nezwerk-simpozium-2.jpg\" alt=\"\" width=\"599\" height=\"900\" srcset=\"https:\/\/www.albinfo.at\/wp-content\/uploads\/2026\/09\/nezwerk-simpozium-2.jpg 468w, https:\/\/www.albinfo.at\/wp-content\/uploads\/2026\/09\/nezwerk-simpozium-2-200x300.jpg 200w, https:\/\/www.albinfo.at\/wp-content\/uploads\/2026\/09\/nezwerk-simpozium-2-264x396.jpg 264w, https:\/\/www.albinfo.at\/wp-content\/uploads\/2026\/09\/nezwerk-simpozium-2-67x100.jpg 67w, https:\/\/www.albinfo.at\/wp-content\/uploads\/2026\/09\/nezwerk-simpozium-2-117x175.jpg 117w\" sizes=\"auto, (max-width: 599px) 100vw, 599px\" \/><\/a><\/p>\n<p>Der Filmemacher\u00a0Rob Holub\u00a0sprach \u00fcber seine Suche nach Anerkennung und die Erfahrung, dass \u00e4usserer Erfolg allein nicht zufrieden macht. Seine Erkenntnis fasste er sinngem\u00e4ss so zusammen:\u00a0Erfolg bedeutet, auf das eigene Herz zu h\u00f6ren.<\/p>\n<p>Auch die langj\u00e4hrige Radiomoderatorin\u00a0Judith Wernli\u00a0verband Erfolg mit Freude an der eigenen T\u00e4tigkeit. Solange sie gerne ins Studio gehe, wolle sie ihren Beruf aus\u00fcben. Nach rund 30 Jahren beim Radio ist ihre Geschichte ein Beispiel daf\u00fcr, dass Erfolg auch Best\u00e4ndigkeit und pers\u00f6nliche Zufriedenheit bedeuten kann.<\/p>\n<p><strong>Erfolg hat viele Gesichter<\/strong><\/p>\n<p><a href=\"https:\/\/www.albinfo.ch\/wp-content\/uploads\/2026\/09\/netzwerk-simpozium-3.jpg\"><img loading=\"lazy\" decoding=\"async\" class=\"alignnone wp-image-949330\" src=\"https:\/\/www.albinfo.ch\/wp-content\/uploads\/2026\/09\/netzwerk-simpozium-3.jpg\" alt=\"\" width=\"600\" height=\"900\" srcset=\"https:\/\/www.albinfo.at\/wp-content\/uploads\/2026\/09\/netzwerk-simpozium-3.jpg 533w, https:\/\/www.albinfo.at\/wp-content\/uploads\/2026\/09\/netzwerk-simpozium-3-200x300.jpg 200w, https:\/\/www.albinfo.at\/wp-content\/uploads\/2026\/09\/netzwerk-simpozium-3-264x396.jpg 264w, https:\/\/www.albinfo.at\/wp-content\/uploads\/2026\/09\/netzwerk-simpozium-3-67x100.jpg 67w, https:\/\/www.albinfo.at\/wp-content\/uploads\/2026\/09\/netzwerk-simpozium-3-117x175.jpg 117w\" sizes=\"auto, (max-width: 600px) 100vw, 600px\" \/><\/a><\/p>\n<p>Die Diskussion ber\u00fchrte damit eine Frage, die weit \u00fcber den Anlass hinausgeht. Gerade auch in der albanischen Diaspora wird Erfolg h\u00e4ufig mit Bildung, beruflichem Aufstieg und dem Aufbau einer sicheren Zukunft verbunden. Viele Familien haben \u00fcber Generationen viel investiert, damit ihre Kinder M\u00f6glichkeiten erhalten, die f\u00fcr Eltern oder Grosseltern nicht selbstverst\u00e4ndlich waren.<\/p>\n<p>Doch Erfolg kann heute breiter verstanden werden. Mehrsprachig aufzuwachsen, die albanische Sprache und Herkunft zu bewahren und gleichzeitig seinen Platz in der Schweizer Gesellschaft zu finden, muss kein Widerspruch sein. Auch die F\u00e4higkeit, verschiedene Lebenswelten miteinander zu verbinden, kann eine St\u00e4rke sein.<\/p>\n<p>Eine zweite zentrale Botschaft des Abends war die Bedeutung von Begegnungen. Netzwerke entstehen nicht allein durch den Austausch von Visitenkarten. Sie k\u00f6nnen Menschen zusammenbringen, aus denen sp\u00e4ter Projekte, berufliche M\u00f6glichkeiten, neue Ideen oder Freundschaften entstehen.<\/p>\n<p>Die Organisatorin brachte ihre pers\u00f6nliche Definition entsprechend auf einen einfachen Punkt:\u00a0Erfolg bedeutet f\u00fcr sie, Menschen zusammenzubringen.<\/p>\n<p>Das 6. Netzwerk Symposium lieferte damit keine allgemeing\u00fcltige Antwort auf die Frage, was Erfolg ist. Vielmehr zeigte der Abend: Erfolg sieht f\u00fcr jeden Menschen anders aus.<\/p>\n<p><a href=\"http:\/\/Foto: https:\/\/www.linkedin.com\/in\/angelajetter\/\">Foto: https:\/\/www.linkedin.com\/in\/angelajetter\/<\/a><\/p>\n","protected":false},"excerpt":{"rendered":"<p>Was bedeutet es, erfolgreich zu sein? Dieser Frage widmete sich das 6. Netzwerk Symposium im Verkehrshaus der Schweiz in Luzern. Pers\u00f6nlichkeiten aus Wirtschaft, Medien, Sport und Bildung diskutierten dar\u00fcber, warum Erfolg nicht allein an Karriere, Geld oder Bekanntheit gemessen werden kann.<\/p>\n","protected":false},"author":6,"featured_media":949340,"comment_status":"closed","ping_status":"closed","sticky":false,"template":"","format":"standard","meta":{"footnotes":""},"categories":[1188,24636,1141,1133,1140],"tags":[],"vendi":[],"content_country":[],"class_list":["post-949310","post","type-post","status-publish","format-standard","has-post-thumbnail","hentry","category-shkurt-ch-de","category-nachrichten-de-4","category-themen","category-e-diaspora-de","category-leben-in-der-schweiz"],"acf":[],"_links":{"self":[{"href":"https:\/\/www.albinfo.at\/de\/wp-json\/wp\/v2\/posts\/949310","targetHints":{"allow":["GET"]}}],"collection":[{"href":"https:\/\/www.albinfo.at\/de\/wp-json\/wp\/v2\/posts"}],"about":[{"href":"https:\/\/www.albinfo.at\/de\/wp-json\/wp\/v2\/types\/post"}],"author":[{"embeddable":true,"href":"https:\/\/www.albinfo.at\/de\/wp-json\/wp\/v2\/users\/6"}],"replies":[{"embeddable":true,"href":"https:\/\/www.albinfo.at\/de\/wp-json\/wp\/v2\/comments?post=949310"}],"version-history":[{"count":2,"href":"https:\/\/www.albinfo.at\/de\/wp-json\/wp\/v2\/posts\/949310\/revisions"}],"predecessor-version":[{"id":949345,"href":"https:\/\/www.albinfo.at\/de\/wp-json\/wp\/v2\/posts\/949310\/revisions\/949345"}],"wp:featuredmedia":[{"embeddable":true,"href":"https:\/\/www.albinfo.at\/de\/wp-json\/wp\/v2\/media\/949340"}],"wp:attachment":[{"href":"https:\/\/www.albinfo.at\/de\/wp-json\/wp\/v2\/media?parent=949310"}],"wp:term":[{"taxonomy":"category","embeddable":true,"href":"https:\/\/www.albinfo.at\/de\/wp-json\/wp\/v2\/categories?post=949310"},{"taxonomy":"post_tag","embeddable":true,"href":"https:\/\/www.albinfo.at\/de\/wp-json\/wp\/v2\/tags?post=949310"},{"taxonomy":"vendi","embeddable":true,"href":"https:\/\/www.albinfo.at\/de\/wp-json\/wp\/v2\/vendi?post=949310"},{"taxonomy":"content_country","embeddable":true,"href":"https:\/\/www.albinfo.at\/de\/wp-json\/wp\/v2\/content_country?post=949310"}],"curies":[{"name":"wp","href":"https:\/\/api.w.org\/{rel}","templated":true}]}}