{"id":949248,"date":"2026-09-04T19:45:45","date_gmt":"2026-09-04T17:45:45","guid":{"rendered":"https:\/\/www.albinfo.ch\/talenti-i-bayern-munich-zgjedh-kosoven-ambasadori-i-jep-pasaporten-konfirmon-se-do-te-luaje-per-dardanet\/"},"modified":"2026-09-04T23:20:57","modified_gmt":"2026-09-04T21:20:57","slug":"talenti-i-bayern-munich-zgjedh-kosoven-ambasadori-i-jep-pasaporten-konfirmon-se-do-te-luaje-per-dardanet","status":"publish","type":"post","link":"https:\/\/www.albinfo.at\/de\/talenti-i-bayern-munich-zgjedh-kosoven-ambasadori-i-jep-pasaporten-konfirmon-se-do-te-luaje-per-dardanet\/","title":{"rendered":"Bayern-M\u00fcnchen-Talent entscheidet sich f\u00fcr Kosovo, der Botschafter \u00fcberreicht ihm den Pass und best\u00e4tigt, dass er f\u00fcr die Dardanen spielen wird"},"content":{"rendered":"<p>Der Botschafter Kosovos in Deutschland, Faruk Ajeti, hat mitgeteilt, dass er heute dem Bayern-M\u00fcnchen-Talent Erblin Osmani den Pass der Republik Kosovo \u00fcberreicht hat.<\/p>\n<p>Ajeti best\u00e4tigte zudem, dass Osmani f\u00fcr Kosovo spielen wird.<\/p>\n<p>&#8220;Wir k\u00f6nnen es kaum erwarten, unser Talent im Trikot der Dardanen zu sehen und Kosovo mit Stolz vertreten zu sehen. Vielen Dank an Pr\u00e4sident Agim Ademi und den Fu\u00dfballverband Kosovos f\u00fcr ihr Engagement und ihren Einsatz. Dies ist ein weiterer Beweis daf\u00fcr, dass sich unsere Talente f\u00fcr Kosovo entscheiden und dass die Zukunft unseres Fu\u00dfballs vielversprechend ist!&#8221;, schreibt er, berichtet albinfo.ch.<\/p>\n","protected":false},"excerpt":{"rendered":"<p>Der Botschafter Kosovos in Deutschland, Faruk Ajeti, hat mitgeteilt, dass er heute dem Bayern-M\u00fcnchen-Talent Erblin Osmani den Pass der Republik Kosovo \u00fcberreicht hat. Ajeti best\u00e4tigte zudem, dass Osmani f\u00fcr Kosovo spielen wird. &#8220;Wir k\u00f6nnen es kaum erwarten, unser Talent im Trikot der Dardanen zu sehen und Kosovo mit Stolz vertreten zu sehen. Vielen Dank an [&hellip;]<\/p>\n","protected":false},"author":45,"featured_media":949180,"comment_status":"closed","ping_status":"closed","sticky":false,"template":"","format":"standard","meta":{"footnotes":""},"categories":[4023,24631,1139],"tags":[],"vendi":[],"content_country":[29888,31836,31837],"class_list":["post-949248","post","type-post","status-publish","format-standard","has-post-thumbnail","hentry","category-futboll-de","category-nachrichten-de-2","category-sport","content_country-zvicer","content_country-austria-de","content_country-germany-de"],"acf":[],"_links":{"self":[{"href":"https:\/\/www.albinfo.at\/de\/wp-json\/wp\/v2\/posts\/949248","targetHints":{"allow":["GET"]}}],"collection":[{"href":"https:\/\/www.albinfo.at\/de\/wp-json\/wp\/v2\/posts"}],"about":[{"href":"https:\/\/www.albinfo.at\/de\/wp-json\/wp\/v2\/types\/post"}],"author":[{"embeddable":true,"href":"https:\/\/www.albinfo.at\/de\/wp-json\/wp\/v2\/users\/45"}],"replies":[{"embeddable":true,"href":"https:\/\/www.albinfo.at\/de\/wp-json\/wp\/v2\/comments?post=949248"}],"version-history":[{"count":1,"href":"https:\/\/www.albinfo.at\/de\/wp-json\/wp\/v2\/posts\/949248\/revisions"}],"predecessor-version":[{"id":949249,"href":"https:\/\/www.albinfo.at\/de\/wp-json\/wp\/v2\/posts\/949248\/revisions\/949249"}],"wp:featuredmedia":[{"embeddable":true,"href":"https:\/\/www.albinfo.at\/de\/wp-json\/wp\/v2\/media\/949180"}],"wp:attachment":[{"href":"https:\/\/www.albinfo.at\/de\/wp-json\/wp\/v2\/media?parent=949248"}],"wp:term":[{"taxonomy":"category","embeddable":true,"href":"https:\/\/www.albinfo.at\/de\/wp-json\/wp\/v2\/categories?post=949248"},{"taxonomy":"post_tag","embeddable":true,"href":"https:\/\/www.albinfo.at\/de\/wp-json\/wp\/v2\/tags?post=949248"},{"taxonomy":"vendi","embeddable":true,"href":"https:\/\/www.albinfo.at\/de\/wp-json\/wp\/v2\/vendi?post=949248"},{"taxonomy":"content_country","embeddable":true,"href":"https:\/\/www.albinfo.at\/de\/wp-json\/wp\/v2\/content_country?post=949248"}],"curies":[{"name":"wp","href":"https:\/\/api.w.org\/{rel}","templated":true}]}}