{"id":949241,"date":"2026-09-04T14:45:02","date_gmt":"2026-09-04T12:45:02","guid":{"rendered":"https:\/\/www.albinfo.ch\/filmi-i-regjisorit-kosovar-besim-ugzmajli-perzgjidhet-ne-festivalin-kualifikues-per-oscar\/"},"modified":"2026-09-04T23:16:55","modified_gmt":"2026-09-04T21:16:55","slug":"filmi-i-regjisorit-kosovar-besim-ugzmajli-perzgjidhet-ne-festivalin-kualifikues-per-oscar","status":"publish","type":"post","link":"https:\/\/www.albinfo.at\/de\/filmi-i-regjisorit-kosovar-besim-ugzmajli-perzgjidhet-ne-festivalin-kualifikues-per-oscar\/","title":{"rendered":"Film des kosovarischen Regisseurs Besim Ugzmajli f\u00fcr ein Oscar-qualifizierendes Festival ausgew\u00e4hlt"},"content":{"rendered":"<p>Der Dokumentarfilm &#8220;Two Lives in Tight Socks&#8221; unter der Regie von Besim Ugzmajli wurde f\u00fcr den Dokumentarfilm-Wettbewerb des Tirana International Film Festival 2026 ausgew\u00e4hlt.<\/p>\n<p>Der Film ist eine Koproduktion zwischen Kosovo und Spanien und erz\u00e4hlt eine intime Familiengeschichte, die mit Schwangerschaft, gesundheitlichen Herausforderungen, dem Verlust des Arbeitsplatzes und dem Bem\u00fchen um eine stabilere Zukunft verbunden ist.<\/p>\n<p>Im Mittelpunkt des Dokumentarfilms steht Rilindja, die gemeinsam mit ihrem Ehemann mit zahlreichen Schwierigkeiten konfrontiert ist, w\u00e4hrend beide von einem Neuanfang au\u00dferhalb Kosovos tr\u00e4umen.<\/p>\n<p>Durch diese pers\u00f6nliche Geschichte behandelt der Film Themen wie Familie, Widerstandsf\u00e4higkeit und soziale Unsicherheit.<\/p>\n<p>&#8220;Two Lives in Tight Socks&#8221; feierte seine Weltpremiere beim DokuFest in Prizren, wo er Teil des offiziellen Wettbewerbs des Festivals war.<\/p>\n<p>Die Auswahl f\u00fcr das Tirana International Film Festival markiert einen weiteren wichtigen Schritt auf dem internationalen Weg des Films von Besim Ugzmajli.<\/p>\n","protected":false},"excerpt":{"rendered":"<p>&#8220;Two Lives in Tight Socks&#8221; wird beim Tirana International Film Festival 2026 im Dokumentarfilm-Wettbewerb antreten.<\/p>\n","protected":false},"author":6,"featured_media":949125,"comment_status":"closed","ping_status":"closed","sticky":false,"template":"","format":"standard","meta":{"footnotes":""},"categories":[1138],"tags":[],"vendi":[],"content_country":[],"class_list":["post-949241","post","type-post","status-publish","format-standard","has-post-thumbnail","hentry","category-kultur"],"acf":[],"_links":{"self":[{"href":"https:\/\/www.albinfo.at\/de\/wp-json\/wp\/v2\/posts\/949241","targetHints":{"allow":["GET"]}}],"collection":[{"href":"https:\/\/www.albinfo.at\/de\/wp-json\/wp\/v2\/posts"}],"about":[{"href":"https:\/\/www.albinfo.at\/de\/wp-json\/wp\/v2\/types\/post"}],"author":[{"embeddable":true,"href":"https:\/\/www.albinfo.at\/de\/wp-json\/wp\/v2\/users\/6"}],"replies":[{"embeddable":true,"href":"https:\/\/www.albinfo.at\/de\/wp-json\/wp\/v2\/comments?post=949241"}],"version-history":[{"count":1,"href":"https:\/\/www.albinfo.at\/de\/wp-json\/wp\/v2\/posts\/949241\/revisions"}],"predecessor-version":[{"id":949242,"href":"https:\/\/www.albinfo.at\/de\/wp-json\/wp\/v2\/posts\/949241\/revisions\/949242"}],"wp:featuredmedia":[{"embeddable":true,"href":"https:\/\/www.albinfo.at\/de\/wp-json\/wp\/v2\/media\/949125"}],"wp:attachment":[{"href":"https:\/\/www.albinfo.at\/de\/wp-json\/wp\/v2\/media?parent=949241"}],"wp:term":[{"taxonomy":"category","embeddable":true,"href":"https:\/\/www.albinfo.at\/de\/wp-json\/wp\/v2\/categories?post=949241"},{"taxonomy":"post_tag","embeddable":true,"href":"https:\/\/www.albinfo.at\/de\/wp-json\/wp\/v2\/tags?post=949241"},{"taxonomy":"vendi","embeddable":true,"href":"https:\/\/www.albinfo.at\/de\/wp-json\/wp\/v2\/vendi?post=949241"},{"taxonomy":"content_country","embeddable":true,"href":"https:\/\/www.albinfo.at\/de\/wp-json\/wp\/v2\/content_country?post=949241"}],"curies":[{"name":"wp","href":"https:\/\/api.w.org\/{rel}","templated":true}]}}