{"id":949234,"date":"2026-09-04T12:45:54","date_gmt":"2026-09-04T10:45:54","guid":{"rendered":"https:\/\/www.albinfo.ch\/moment-historik-per-qsu-ne-kadeti-nga-kosova-nis-studimet-ne-shba-me-burse\/"},"modified":"2026-09-04T23:12:52","modified_gmt":"2026-09-04T21:12:52","slug":"moment-historik-per-qsu-ne-kadeti-nga-kosova-nis-studimet-ne-shba-me-burse","status":"publish","type":"post","link":"https:\/\/www.albinfo.at\/de\/moment-historik-per-qsu-ne-kadeti-nga-kosova-nis-studimet-ne-shba-me-burse\/","title":{"rendered":"Historischer Moment f\u00fcr die QSU, ein Kadett aus Kosovo beginnt mit einem Stipendium sein Studium in den USA"},"content":{"rendered":"<p>Ein Kadett des Zentrums f\u00fcr Universit\u00e4tsstudien (QSU) hat mit einem Stipendium ein Studiensemester an der Norwich University in den Vereinigten Staaten von Amerika begonnen, berichtet albinfo.ch.<\/p>\n<p>Es ist das erste Mal in der Geschichte der QSU, dass ein Kadett dieser Institution eine solche M\u00f6glichkeit erh\u00e4lt. Damit wird ein wichtiger Schritt in der Weiterentwicklung der milit\u00e4rischen und akademischen Ausbildung der Kadetten markiert.<\/p>\n<p>Dieser Erfolg wird zugleich als Ergebnis der Vision und des Engagements des KSF-Kommandeurs, General Jashari, sowie des QSU-Kommandeurs, Major Budeci, f\u00fcr die berufliche Entwicklung der Kadetten und die Schaffung neuer M\u00f6glichkeiten f\u00fcr Ausbildung und internationale akademische Erfahrungen gewertet.<\/p>\n<p>Der Erfolg des Kadetten zeigt das akademische, berufliche und milit\u00e4rische Niveau, das die Kadetten der QSU erreicht haben, und erm\u00f6glicht es ihnen, sich mit Gleichaltrigen aus renommierten internationalen Akademien und Universit\u00e4ten zu messen und gemeinsam mit ihnen zu studieren.<\/p>\n<p>\u00dcber die individuelle akademische Erfahrung hinaus stellt diese M\u00f6glichkeit auch eine Investition in die n\u00e4chste Generation von Offizieren der Kosovo Security Force (KSF) dar.<\/p>\n<p>Gleichzeitig zeigt sie das Potenzial kosovarischer Kadetten, Kosovo an angesehenen internationalen akademischen und milit\u00e4rischen Institutionen w\u00fcrdig zu vertreten.\/Albinfo.ch<\/p>\n","protected":false},"excerpt":{"rendered":"<p>Zum ersten Mal in der Geschichte des Zentrums f\u00fcr Universit\u00e4tsstudien wird ein Kadett mit einem Stipendium ein Studiensemester an der Norwich University in den USA absolvieren.<\/p>\n","protected":false},"author":31,"featured_media":949106,"comment_status":"closed","ping_status":"closed","sticky":false,"template":"","format":"standard","meta":{"footnotes":""},"categories":[23263,3952,23262,24631,1129],"tags":[],"vendi":[],"content_country":[29888,31836,31837],"class_list":["post-949234","post","type-post","status-publish","format-standard","has-post-thumbnail","hentry","category-kosova-de-2","category-kosova-de","category-at-balkani-de","category-nachrichten-de-2","category-ch-balkan","content_country-zvicer","content_country-austria-de","content_country-germany-de"],"acf":[],"_links":{"self":[{"href":"https:\/\/www.albinfo.at\/de\/wp-json\/wp\/v2\/posts\/949234","targetHints":{"allow":["GET"]}}],"collection":[{"href":"https:\/\/www.albinfo.at\/de\/wp-json\/wp\/v2\/posts"}],"about":[{"href":"https:\/\/www.albinfo.at\/de\/wp-json\/wp\/v2\/types\/post"}],"author":[{"embeddable":true,"href":"https:\/\/www.albinfo.at\/de\/wp-json\/wp\/v2\/users\/31"}],"replies":[{"embeddable":true,"href":"https:\/\/www.albinfo.at\/de\/wp-json\/wp\/v2\/comments?post=949234"}],"version-history":[{"count":1,"href":"https:\/\/www.albinfo.at\/de\/wp-json\/wp\/v2\/posts\/949234\/revisions"}],"predecessor-version":[{"id":949235,"href":"https:\/\/www.albinfo.at\/de\/wp-json\/wp\/v2\/posts\/949234\/revisions\/949235"}],"wp:featuredmedia":[{"embeddable":true,"href":"https:\/\/www.albinfo.at\/de\/wp-json\/wp\/v2\/media\/949106"}],"wp:attachment":[{"href":"https:\/\/www.albinfo.at\/de\/wp-json\/wp\/v2\/media?parent=949234"}],"wp:term":[{"taxonomy":"category","embeddable":true,"href":"https:\/\/www.albinfo.at\/de\/wp-json\/wp\/v2\/categories?post=949234"},{"taxonomy":"post_tag","embeddable":true,"href":"https:\/\/www.albinfo.at\/de\/wp-json\/wp\/v2\/tags?post=949234"},{"taxonomy":"vendi","embeddable":true,"href":"https:\/\/www.albinfo.at\/de\/wp-json\/wp\/v2\/vendi?post=949234"},{"taxonomy":"content_country","embeddable":true,"href":"https:\/\/www.albinfo.at\/de\/wp-json\/wp\/v2\/content_country?post=949234"}],"curies":[{"name":"wp","href":"https:\/\/api.w.org\/{rel}","templated":true}]}}