{"id":949227,"date":"2026-09-04T11:45:27","date_gmt":"2026-09-04T09:45:27","guid":{"rendered":"https:\/\/www.albinfo.ch\/kosove-efta-marreveshja-e-tregtise-se-lire-hyn-ne-fuqi-me-1-tetor\/"},"modified":"2026-09-04T23:09:25","modified_gmt":"2026-09-04T21:09:25","slug":"kosove-efta-marreveshja-e-tregtise-se-lire-hyn-ne-fuqi-me-1-tetor","status":"publish","type":"post","link":"https:\/\/www.albinfo.at\/de\/kosove-efta-marreveshja-e-tregtise-se-lire-hyn-ne-fuqi-me-1-tetor\/","title":{"rendered":"Kosovo\u2013EFTA: Das Freihandelsabkommen tritt am 1. Oktober in Kraft"},"content":{"rendered":"<p>Das Freihandelsabkommen zwischen Kosovo und der Europ\u00e4ischen Freihandelsassoziation (EFTA) tritt am 1. Oktober 2026 in Kraft, berichtet albinfo.ch.<\/p>\n<p>Das Inkrafttreten des Abkommens, das die Schweiz, Norwegen, Island und Liechtenstein umfasst, soll die wirtschaftlichen und handelspolitischen Beziehungen Kosovos zu diesen L\u00e4ndern st\u00e4rken und neue M\u00f6glichkeiten f\u00fcr Unternehmen schaffen.<\/p>\n<p>Das Abkommen wurde im Januar 2025 in Davos in der Schweiz unterzeichnet. Vor wenigen Tagen hatte der Schweizer Bundesrat die f\u00fcr seine Umsetzung notwendigen \u00c4nderungen genehmigt.<\/p>\n<p><strong>Was ist die EFTA?<\/strong><\/p>\n<p>Die EFTA (European Free Trade Association), auf Deutsch Europ\u00e4ische Freihandelsassoziation, ist eine zwischenstaatliche Organisation, die 1960 mit dem Ziel gegr\u00fcndet wurde, den Freihandel und die wirtschaftliche Zusammenarbeit zu f\u00f6rdern.<\/p>\n<p>Zu Beginn hatte die EFTA sieben Mitgliedstaaten, heute besteht sie aus vier L\u00e4ndern:<\/p>\n<p>\ud83c\udde8\ud83c\udded Schweiz<br \/>\n\ud83c\uddf3\ud83c\uddf4 Norwegen<br \/>\n\ud83c\uddee\ud83c\uddf8 Island<br \/>\n\ud83c\uddf1\ud83c\uddee Liechtenstein<\/p>\n<p>Die EFTA ist kein Teil der Europ\u00e4ischen Union. Durch verschiedene Abkommen hat sie jedoch ein weitreichendes Netz handelspolitischer Zusammenarbeit mit L\u00e4ndern und Regionen auf der ganzen Welt aufgebaut.<\/p>\n<p><strong>Welche Rolle hat die EFTA?<\/strong><\/p>\n<p>Zu ihren wichtigsten Aufgaben geh\u00f6ren die Entwicklung der wirtschaftlichen Beziehungen zwischen den Mitgliedstaaten sowie die Aushandlung und Verwaltung von Freihandelsabkommen mit anderen L\u00e4ndern.<\/p>\n<p>Drei EFTA-Staaten, Norwegen, Island und Liechtenstein, sind Teil des Europ\u00e4ischen Wirtschaftsraums (EWR) und nehmen dadurch am EU-Binnenmarkt teil. Die Schweiz geh\u00f6rt nicht zum EWR.<\/p>\n<p>Die EFTA verf\u00fcgt \u00fcber ein weitreichendes Netz von Freihandelsabkommen, zu dem auch das Abkommen mit Kosovo geh\u00f6rt.<\/p>\n<p><strong>Kosovo und die EFTA<\/strong><\/p>\n<p>Kosovo und die vier EFTA-Mitgliedstaaten unterzeichneten das Abkommen im Januar 2025 in Davos. Damals bezeichneten die Parteien das Abkommen als einen wichtigen Schritt zur Ausweitung der wirtschaftlichen und handelspolitischen Zusammenarbeit.<\/p>\n<p>Mit dem Inkrafttreten am 1. Oktober 2026 soll das Abkommen den Warenhandel erleichtern und g\u00fcnstigere Bedingungen f\u00fcr die Entwicklung der Handelsbeziehungen zwischen Kosovo und den EFTA-Staaten schaffen.\/Albinfo.ch<\/p>\n","protected":false},"excerpt":{"rendered":"<p>Das Abkommen mit den vier EFTA-Staaten soll den Handel erleichtern und kosovarischen Unternehmen neue M\u00f6glichkeiten auf den M\u00e4rkten der Schweiz, Norwegens, Islands und Liechtensteins er\u00f6ffnen.<\/p>\n","protected":false},"author":31,"featured_media":949111,"comment_status":"closed","ping_status":"closed","sticky":false,"template":"","format":"standard","meta":{"footnotes":""},"categories":[23263,24636,3952,23262,24006,24631,1129,1133,1140],"tags":[],"vendi":[],"content_country":[29888,31836,31837],"class_list":["post-949227","post","type-post","status-publish","format-standard","has-post-thumbnail","hentry","category-kosova-de-2","category-nachrichten-de-4","category-kosova-de","category-at-balkani-de","category-lajme-jeta-ne-zvicer-de","category-nachrichten-de-2","category-ch-balkan","category-e-diaspora-de","category-leben-in-der-schweiz","content_country-zvicer","content_country-austria-de","content_country-germany-de"],"acf":[],"_links":{"self":[{"href":"https:\/\/www.albinfo.at\/de\/wp-json\/wp\/v2\/posts\/949227","targetHints":{"allow":["GET"]}}],"collection":[{"href":"https:\/\/www.albinfo.at\/de\/wp-json\/wp\/v2\/posts"}],"about":[{"href":"https:\/\/www.albinfo.at\/de\/wp-json\/wp\/v2\/types\/post"}],"author":[{"embeddable":true,"href":"https:\/\/www.albinfo.at\/de\/wp-json\/wp\/v2\/users\/31"}],"replies":[{"embeddable":true,"href":"https:\/\/www.albinfo.at\/de\/wp-json\/wp\/v2\/comments?post=949227"}],"version-history":[{"count":2,"href":"https:\/\/www.albinfo.at\/de\/wp-json\/wp\/v2\/posts\/949227\/revisions"}],"predecessor-version":[{"id":949229,"href":"https:\/\/www.albinfo.at\/de\/wp-json\/wp\/v2\/posts\/949227\/revisions\/949229"}],"wp:featuredmedia":[{"embeddable":true,"href":"https:\/\/www.albinfo.at\/de\/wp-json\/wp\/v2\/media\/949111"}],"wp:attachment":[{"href":"https:\/\/www.albinfo.at\/de\/wp-json\/wp\/v2\/media?parent=949227"}],"wp:term":[{"taxonomy":"category","embeddable":true,"href":"https:\/\/www.albinfo.at\/de\/wp-json\/wp\/v2\/categories?post=949227"},{"taxonomy":"post_tag","embeddable":true,"href":"https:\/\/www.albinfo.at\/de\/wp-json\/wp\/v2\/tags?post=949227"},{"taxonomy":"vendi","embeddable":true,"href":"https:\/\/www.albinfo.at\/de\/wp-json\/wp\/v2\/vendi?post=949227"},{"taxonomy":"content_country","embeddable":true,"href":"https:\/\/www.albinfo.at\/de\/wp-json\/wp\/v2\/content_country?post=949227"}],"curies":[{"name":"wp","href":"https:\/\/api.w.org\/{rel}","templated":true}]}}