{"id":949219,"date":"2026-09-04T09:45:30","date_gmt":"2026-09-04T07:45:30","guid":{"rendered":"https:\/\/www.albinfo.ch\/kosova-pranon-flamurin-e-lojerave-mesdhetare-nis-rrugetimi-drejt-prishtina-2030\/"},"modified":"2026-09-04T23:01:56","modified_gmt":"2026-09-04T21:01:56","slug":"kosova-pranon-flamurin-e-lojerave-mesdhetare-nis-rrugetimi-drejt-prishtina-2030","status":"publish","type":"post","link":"https:\/\/www.albinfo.at\/de\/kosova-pranon-flamurin-e-lojerave-mesdhetare-nis-rrugetimi-drejt-prishtina-2030\/","title":{"rendered":"Kosovo \u00fcbernimmt die Flagge der Mittelmeerspiele, der Weg zu &#8220;Prishtina 2030&#8221; beginnt"},"content":{"rendered":"<p>Mit dem Abschluss der Schlussfeier der Mittelmeerspiele &#8220;Taranto 2026&#8221; wurde die offizielle Flagge dieser Veranstaltung an Kosovo \u00fcbergeben, das Gastgeber der n\u00e4chsten Ausgabe sein wird, die 2030 in Prishtina stattfinden soll, berichtet albinfo.ch.<\/p>\n<p>Die Flagge wurde vom B\u00fcrgermeister von Prishtina, P\u00ebrparim Rama, entgegengenommen. Damit wurde offiziell der Beginn der Vorbereitungen f\u00fcr die Mittelmeerspiele &#8220;Prishtina 2030&#8221; eingel\u00e4utet.<\/p>\n<p>Vor mehr als 20.000 Fans im Stadion wurde die Flagge Kosovos neben der italienischen Flagge und der Flagge der Mittelmeerspiele platziert.<\/p>\n<p>Der Basketballspieler Adhurim Alijaj \u00fcbergab die Flagge dem Vertreter Kosovos. Anschlie\u00dfend wurde sie im Rahmen der Zeremonie gehisst und die Nationalhymne Kosovos gespielt.<\/p>\n<p>Die Anwesenden hatten zudem die Gelegenheit, das Pr\u00e4sentationsvideo zu &#8220;Prishtina 2030&#8221; zu sehen, in dem Kosovo und seine Hauptstadt als Gastgeber der n\u00e4chsten Ausgabe der Mittelmeerspiele vorgestellt wurden.<\/p>\n<p>Kurz vor der offiziellen \u00dcbergabe wurde die Flagge Kosovos bei der Abschlusszeremonie von &#8220;Taranto 2026&#8221; von den Karatek\u00e4mpfern Islam Selmani und Fortesa Orana getragen.<\/p>\n<p>Im Stadion waren auch Vertreter des Olympischen Komitees Kosovos anwesend, angef\u00fchrt von dessen Pr\u00e4sidenten Ismet Krasniqi.<\/p>\n<p>Mit dieser Zeremonie hat Kosovo nun offiziell den Staffelstab f\u00fcr die Organisation der Mittelmeerspiele &#8220;Prishtina 2030&#8221; \u00fcbernommen, eines bedeutenden internationalen Sportereignisses, das Prishtina und Kosovo in den Mittelpunkt der Aufmerksamkeit des Mittelmeersports r\u00fccken wird.\/Albinfo.ch<\/p>\n","protected":false},"excerpt":{"rendered":"<p>Mit gro\u00dfem Respekt und gro\u00dfer Ehre hat Taranto die Flagge des Kosovo hochgehisst und uns den &#8220;Staffelstab&#8221; f\u00fcr die Mittelmeerspiele Prishtina 2030 \u00fcbergeben.<\/p>\n","protected":false},"author":31,"featured_media":949075,"comment_status":"closed","ping_status":"closed","sticky":false,"template":"","format":"standard","meta":{"footnotes":""},"categories":[24641,24670,3952,24631,1129,1139],"tags":[],"vendi":[],"content_country":[29888,31836,31837],"class_list":["post-949219","post","type-post","status-publish","format-standard","has-post-thumbnail","hentry","category-andere-de-2","category-martiale-sportarten","category-kosova-de","category-nachrichten-de-2","category-ch-balkan","category-sport","content_country-zvicer","content_country-austria-de","content_country-germany-de"],"acf":[],"_links":{"self":[{"href":"https:\/\/www.albinfo.at\/de\/wp-json\/wp\/v2\/posts\/949219","targetHints":{"allow":["GET"]}}],"collection":[{"href":"https:\/\/www.albinfo.at\/de\/wp-json\/wp\/v2\/posts"}],"about":[{"href":"https:\/\/www.albinfo.at\/de\/wp-json\/wp\/v2\/types\/post"}],"author":[{"embeddable":true,"href":"https:\/\/www.albinfo.at\/de\/wp-json\/wp\/v2\/users\/31"}],"replies":[{"embeddable":true,"href":"https:\/\/www.albinfo.at\/de\/wp-json\/wp\/v2\/comments?post=949219"}],"version-history":[{"count":2,"href":"https:\/\/www.albinfo.at\/de\/wp-json\/wp\/v2\/posts\/949219\/revisions"}],"predecessor-version":[{"id":949221,"href":"https:\/\/www.albinfo.at\/de\/wp-json\/wp\/v2\/posts\/949219\/revisions\/949221"}],"wp:featuredmedia":[{"embeddable":true,"href":"https:\/\/www.albinfo.at\/de\/wp-json\/wp\/v2\/media\/949075"}],"wp:attachment":[{"href":"https:\/\/www.albinfo.at\/de\/wp-json\/wp\/v2\/media?parent=949219"}],"wp:term":[{"taxonomy":"category","embeddable":true,"href":"https:\/\/www.albinfo.at\/de\/wp-json\/wp\/v2\/categories?post=949219"},{"taxonomy":"post_tag","embeddable":true,"href":"https:\/\/www.albinfo.at\/de\/wp-json\/wp\/v2\/tags?post=949219"},{"taxonomy":"vendi","embeddable":true,"href":"https:\/\/www.albinfo.at\/de\/wp-json\/wp\/v2\/vendi?post=949219"},{"taxonomy":"content_country","embeddable":true,"href":"https:\/\/www.albinfo.at\/de\/wp-json\/wp\/v2\/content_country?post=949219"}],"curies":[{"name":"wp","href":"https:\/\/api.w.org\/{rel}","templated":true}]}}