{"id":949070,"date":"2026-09-03T23:00:08","date_gmt":"2026-09-03T21:00:08","guid":{"rendered":"https:\/\/www.albinfo.ch\/albanian-engineering-of-switzerland-tre-te-nominuar-per-cmimin-e-ekselences-akademike-2026\/"},"modified":"2026-09-03T23:48:04","modified_gmt":"2026-09-03T21:48:04","slug":"albanian-engineering-of-switzerland-tre-te-nominuar-per-cmimin-e-ekselences-akademike-2026","status":"publish","type":"post","link":"https:\/\/www.albinfo.at\/de\/albanian-engineering-of-switzerland-tre-te-nominuar-per-cmimin-e-ekselences-akademike-2026\/","title":{"rendered":"Albanian Engineering of Switzerland: Drei Nominierte f\u00fcr den Preis f\u00fcr akademische Exzellenz 2026"},"content":{"rendered":"<p><a href=\"https:\/\/albanian-engineering.ch\/\">Albanian Engineering of Switzerland (AES)<\/a> hat die drei Finalisten f\u00fcr die zweite Ausgabe des Preises f\u00fcr akademische Exzellenz 2026 vorgestellt. Mit dieser renommierten Auszeichnung sollen herausragende akademische Leistungen, Forschungsarbeit, Innovation sowie besondere Beitr\u00e4ge albanischer Studierender zur akademischen Gemeinschaft in der Schweiz gew\u00fcrdigt werden.<\/p>\n<p>Die diesj\u00e4hrigen Nominierten sind Kemal Can Struja, Shkurta Gashi und Lindon Bytyqi. Sie wurden aufgrund ihrer akademischen Leistungen, ihres Engagements in der Forschung und ihrer Beitr\u00e4ge in den jeweiligen Fachgebieten ausgew\u00e4hlt.<\/p>\n<p>Der Gewinner des Preises f\u00fcr akademische Exzellenz 2026 wird am 19. September 2026 im Rahmen der &#8220;<a href=\"https:\/\/www.swissalbs.ch\/\">swissalbs Award Gala Nigh<\/a>t&#8221; in Z\u00fcrich offiziell bekannt gegeben.<\/p>\n<p>Die von Albanian Engineering of Switzerland (AES) unterst\u00fctzte Auszeichnung soll nicht nur die individuellen Erfolge albanischer Studierender in der Schweiz w\u00fcrdigen, sondern auch Wissen, Forschung und Innovation f\u00f6rdern und zugleich als Inspiration f\u00fcr die j\u00fcngeren Generationen dienen.<\/p>\n<p>Lesen Sie auch:<\/p>\n<blockquote class=\"wp-embedded-content\" data-secret=\"U2uG2lzv1M\"><p><a href=\"https:\/\/www.albinfo.at\/perparim-avdili-per-albinfo-ch-swissalbs-po-nderton-nje-komunitet-me-te-fuqishem-dhe-me-te-dukshem-ne-zvicer\/\">P\u00ebrparim Avdili p\u00ebr albinfo.ch: swissalbs po nd\u00ebrton nj\u00eb komunitet m\u00eb t\u00eb fuqish\u00ebm dhe m\u00eb t\u00eb duksh\u00ebm n\u00eb Zvic\u00ebr<\/a><\/p><\/blockquote>\n<p><iframe loading=\"lazy\" class=\"wp-embedded-content\" sandbox=\"allow-scripts\" security=\"restricted\" style=\"position: absolute; visibility: hidden;\" title=\"&#8220;P\u00ebrparim Avdili p\u00ebr albinfo.ch: swissalbs po nd\u00ebrton nj\u00eb komunitet m\u00eb t\u00eb fuqish\u00ebm dhe m\u00eb t\u00eb duksh\u00ebm n\u00eb Zvic\u00ebr&#8221; &#8212; Albinfo\" src=\"https:\/\/www.albinfo.at\/perparim-avdili-per-albinfo-ch-swissalbs-po-nderton-nje-komunitet-me-te-fuqishem-dhe-me-te-dukshem-ne-zvicer\/embed\/#?secret=vdKAFEGiQC#?secret=U2uG2lzv1M\" data-secret=\"U2uG2lzv1M\" width=\"587\" height=\"331\" frameborder=\"0\" marginwidth=\"0\" marginheight=\"0\" scrolling=\"no\"><\/iframe><\/p>\n","protected":false},"excerpt":{"rendered":"<p>Albanian Engineering of Switzerland (AES) hat die drei Finalisten f\u00fcr die zweite Ausgabe des Preises f\u00fcr akademische Exzellenz 2026 vorgestellt. Mit dieser renommierten Auszeichnung sollen herausragende akademische Leistungen, Forschungsarbeit, Innovation sowie besondere Beitr\u00e4ge albanischer Studierender zur akademischen Gemeinschaft in der Schweiz gew\u00fcrdigt werden. Die diesj\u00e4hrigen Nominierten sind Kemal Can Struja, Shkurta Gashi und Lindon Bytyqi. [&hellip;]<\/p>\n","protected":false},"author":6,"featured_media":948998,"comment_status":"closed","ping_status":"closed","sticky":false,"template":"","format":"standard","meta":{"footnotes":""},"categories":[1188,24636,1134,1141,24006,1133,1140],"tags":[],"vendi":[],"content_country":[],"class_list":["post-949070","post","type-post","status-publish","format-standard","has-post-thumbnail","hentry","category-shkurt-ch-de","category-nachrichten-de-4","category-integration","category-themen","category-lajme-jeta-ne-zvicer-de","category-e-diaspora-de","category-leben-in-der-schweiz"],"acf":[],"_links":{"self":[{"href":"https:\/\/www.albinfo.at\/de\/wp-json\/wp\/v2\/posts\/949070","targetHints":{"allow":["GET"]}}],"collection":[{"href":"https:\/\/www.albinfo.at\/de\/wp-json\/wp\/v2\/posts"}],"about":[{"href":"https:\/\/www.albinfo.at\/de\/wp-json\/wp\/v2\/types\/post"}],"author":[{"embeddable":true,"href":"https:\/\/www.albinfo.at\/de\/wp-json\/wp\/v2\/users\/6"}],"replies":[{"embeddable":true,"href":"https:\/\/www.albinfo.at\/de\/wp-json\/wp\/v2\/comments?post=949070"}],"version-history":[{"count":1,"href":"https:\/\/www.albinfo.at\/de\/wp-json\/wp\/v2\/posts\/949070\/revisions"}],"predecessor-version":[{"id":949071,"href":"https:\/\/www.albinfo.at\/de\/wp-json\/wp\/v2\/posts\/949070\/revisions\/949071"}],"wp:featuredmedia":[{"embeddable":true,"href":"https:\/\/www.albinfo.at\/de\/wp-json\/wp\/v2\/media\/948998"}],"wp:attachment":[{"href":"https:\/\/www.albinfo.at\/de\/wp-json\/wp\/v2\/media?parent=949070"}],"wp:term":[{"taxonomy":"category","embeddable":true,"href":"https:\/\/www.albinfo.at\/de\/wp-json\/wp\/v2\/categories?post=949070"},{"taxonomy":"post_tag","embeddable":true,"href":"https:\/\/www.albinfo.at\/de\/wp-json\/wp\/v2\/tags?post=949070"},{"taxonomy":"vendi","embeddable":true,"href":"https:\/\/www.albinfo.at\/de\/wp-json\/wp\/v2\/vendi?post=949070"},{"taxonomy":"content_country","embeddable":true,"href":"https:\/\/www.albinfo.at\/de\/wp-json\/wp\/v2\/content_country?post=949070"}],"curies":[{"name":"wp","href":"https:\/\/api.w.org\/{rel}","templated":true}]}}