{"id":949055,"date":"2026-09-03T16:25:12","date_gmt":"2026-09-03T14:25:12","guid":{"rendered":"https:\/\/www.albinfo.ch\/siri-walt-nis-zyrtarisht-detyren-si-ambasadore-e-zvicres-ne-shqiperi\/"},"modified":"2026-09-03T23:35:38","modified_gmt":"2026-09-03T21:35:38","slug":"siri-walt-nis-zyrtarisht-detyren-si-ambasadore-e-zvicres-ne-shqiperi","status":"publish","type":"post","link":"https:\/\/www.albinfo.at\/de\/siri-walt-nis-zyrtarisht-detyren-si-ambasadore-e-zvicres-ne-shqiperi\/","title":{"rendered":"Siri Walt tritt offiziell ihr Amt als Schweizer Botschafterin in Albanien an"},"content":{"rendered":"<p class=\"isselectedend\">Die Schweizer Botschafterin in Albanien, Siri Walt, hat ihr Amt offiziell angetreten, nachdem sie dem Pr\u00e4sidenten der Republik Albanien, Bajram Begaj, ihr Beglaubigungsschreiben \u00fcberreicht hatte, berichtet albinfo.ch.<\/p>\n<p>Mit dieser Zeremonie hat Walt ihre diplomatische Mission in Albanien begonnen, zu einer Zeit, in der die Beziehungen zwischen beiden L\u00e4ndern von enger Zusammenarbeit und zahlreichen Verbindungen zwischen den Bev\u00f6lkerungen gepr\u00e4gt sind.<\/p>\n<p><a href=\"https:\/\/www.albinfo.ch\/wp-content\/uploads\/2026\/09\/img_2772.jpeg\"><img loading=\"lazy\" decoding=\"async\" class=\"alignnone wp-image-948960\" src=\"https:\/\/www.albinfo.ch\/wp-content\/uploads\/2026\/09\/img_2772-300x200.jpeg\" alt=\"\" width=\"500\" height=\"333\" srcset=\"https:\/\/www.albinfo.at\/wp-content\/uploads\/2026\/09\/img_2772-300x200.jpeg 300w, https:\/\/www.albinfo.at\/wp-content\/uploads\/2026\/09\/img_2772-1024x683.jpeg 1024w, https:\/\/www.albinfo.at\/wp-content\/uploads\/2026\/09\/img_2772-768x512.jpeg 768w, https:\/\/www.albinfo.at\/wp-content\/uploads\/2026\/09\/img_2772-1536x1024.jpeg 1536w, https:\/\/www.albinfo.at\/wp-content\/uploads\/2026\/09\/img_2772-586x389.jpeg 586w, https:\/\/www.albinfo.at\/wp-content\/uploads\/2026\/09\/img_2772-210x141.jpeg 210w, https:\/\/www.albinfo.at\/wp-content\/uploads\/2026\/09\/img_2772-587x391.jpeg 587w, https:\/\/www.albinfo.at\/wp-content\/uploads\/2026\/09\/img_2772-150x100.jpeg 150w, https:\/\/www.albinfo.at\/wp-content\/uploads\/2026\/09\/img_2772-263x175.jpeg 263w, https:\/\/www.albinfo.at\/wp-content\/uploads\/2026\/09\/img_2772.jpeg 1800w\" sizes=\"auto, (max-width: 500px) 100vw, 500px\" \/><\/a><\/p>\n<p>Die Schweiz und Albanien haben im Laufe der Jahre eine stabile Beziehung der Freundschaft und Zusammenarbeit aufgebaut, mit starken Verbindungen nicht nur auf institutioneller Ebene, sondern auch zwischen den B\u00fcrgerinnen und B\u00fcrgern beider L\u00e4nder.<\/p>\n<p><a href=\"https:\/\/www.albinfo.ch\/wp-content\/uploads\/2026\/09\/img_2771.jpeg\"><img loading=\"lazy\" decoding=\"async\" class=\"alignnone wp-image-948963\" src=\"https:\/\/www.albinfo.ch\/wp-content\/uploads\/2026\/09\/img_2771-300x200.jpeg\" alt=\"\" width=\"500\" height=\"333\" srcset=\"https:\/\/www.albinfo.at\/wp-content\/uploads\/2026\/09\/img_2771-300x200.jpeg 300w, https:\/\/www.albinfo.at\/wp-content\/uploads\/2026\/09\/img_2771-1024x683.jpeg 1024w, https:\/\/www.albinfo.at\/wp-content\/uploads\/2026\/09\/img_2771-768x512.jpeg 768w, https:\/\/www.albinfo.at\/wp-content\/uploads\/2026\/09\/img_2771-586x389.jpeg 586w, https:\/\/www.albinfo.at\/wp-content\/uploads\/2026\/09\/img_2771-210x141.jpeg 210w, https:\/\/www.albinfo.at\/wp-content\/uploads\/2026\/09\/img_2771-587x391.jpeg 587w, https:\/\/www.albinfo.at\/wp-content\/uploads\/2026\/09\/img_2771-150x100.jpeg 150w, https:\/\/www.albinfo.at\/wp-content\/uploads\/2026\/09\/img_2771-263x175.jpeg 263w, https:\/\/www.albinfo.at\/wp-content\/uploads\/2026\/09\/img_2771.jpeg 1200w\" sizes=\"auto, (max-width: 500px) 100vw, 500px\" \/><\/a><\/p>\n<p class=\"p1\">Anl\u00e4sslich des Beginns ihrer Amtszeit hat die Schweizer Seite ihre Bereitschaft bekundet, die enge Zusammenarbeit mit Albanien auf der Grundlage gemeinsamer Werte und Priorit\u00e4ten fortzusetzen.<\/p>\n<p><a href=\"https:\/\/www.albinfo.ch\/wp-content\/uploads\/2026\/09\/img_2773.jpeg\"><img loading=\"lazy\" decoding=\"async\" class=\"alignnone wp-image-948966\" src=\"https:\/\/www.albinfo.ch\/wp-content\/uploads\/2026\/09\/img_2773-300x200.jpeg\" alt=\"\" width=\"500\" height=\"333\" srcset=\"https:\/\/www.albinfo.at\/wp-content\/uploads\/2026\/09\/img_2773-300x200.jpeg 300w, https:\/\/www.albinfo.at\/wp-content\/uploads\/2026\/09\/img_2773-1024x683.jpeg 1024w, https:\/\/www.albinfo.at\/wp-content\/uploads\/2026\/09\/img_2773-768x512.jpeg 768w, https:\/\/www.albinfo.at\/wp-content\/uploads\/2026\/09\/img_2773-1536x1024.jpeg 1536w, https:\/\/www.albinfo.at\/wp-content\/uploads\/2026\/09\/img_2773-586x389.jpeg 586w, https:\/\/www.albinfo.at\/wp-content\/uploads\/2026\/09\/img_2773-210x141.jpeg 210w, https:\/\/www.albinfo.at\/wp-content\/uploads\/2026\/09\/img_2773-587x391.jpeg 587w, https:\/\/www.albinfo.at\/wp-content\/uploads\/2026\/09\/img_2773-150x100.jpeg 150w, https:\/\/www.albinfo.at\/wp-content\/uploads\/2026\/09\/img_2773-263x175.jpeg 263w, https:\/\/www.albinfo.at\/wp-content\/uploads\/2026\/09\/img_2773.jpeg 1800w\" sizes=\"auto, (max-width: 500px) 100vw, 500px\" \/><\/a><\/p>\n<p class=\"p1\"><span class=\"s1\">Die neue Mission von Botschafterin Siri Walt d\u00fcrfte sich auf die weitere St\u00e4rkung der bilateralen Beziehungen sowie auf den Ausbau der Zusammenarbeit zwischen der Schweiz und Albanien in Bereichen von gemeinsamem Interesse konzentrieren.\/Albinfo.ch<\/span><\/p>\n<p><a href=\"https:\/\/www.albinfo.ch\/wp-content\/uploads\/2026\/09\/img_2774.jpeg\"><img loading=\"lazy\" decoding=\"async\" class=\"alignnone wp-image-948969\" src=\"https:\/\/www.albinfo.ch\/wp-content\/uploads\/2026\/09\/img_2774-300x200.jpeg\" alt=\"\" width=\"500\" height=\"333\" srcset=\"https:\/\/www.albinfo.at\/wp-content\/uploads\/2026\/09\/img_2774-300x200.jpeg 300w, https:\/\/www.albinfo.at\/wp-content\/uploads\/2026\/09\/img_2774-1024x683.jpeg 1024w, https:\/\/www.albinfo.at\/wp-content\/uploads\/2026\/09\/img_2774-768x512.jpeg 768w, https:\/\/www.albinfo.at\/wp-content\/uploads\/2026\/09\/img_2774-1536x1024.jpeg 1536w, https:\/\/www.albinfo.at\/wp-content\/uploads\/2026\/09\/img_2774-586x389.jpeg 586w, https:\/\/www.albinfo.at\/wp-content\/uploads\/2026\/09\/img_2774-210x141.jpeg 210w, https:\/\/www.albinfo.at\/wp-content\/uploads\/2026\/09\/img_2774-587x391.jpeg 587w, https:\/\/www.albinfo.at\/wp-content\/uploads\/2026\/09\/img_2774-150x100.jpeg 150w, https:\/\/www.albinfo.at\/wp-content\/uploads\/2026\/09\/img_2774-263x175.jpeg 263w, https:\/\/www.albinfo.at\/wp-content\/uploads\/2026\/09\/img_2774.jpeg 1800w\" sizes=\"auto, (max-width: 500px) 100vw, 500px\" \/><\/a><\/p>\n","protected":false},"excerpt":{"rendered":"<p>Die neue Schweizer Botschafterin \u00fcberreichte dem albanischen Pr\u00e4sidenten Bajram Begaj ihr Beglaubigungsschreiben und markierte damit den offiziellen Beginn ihrer diplomatischen Mission im Land.<\/p>\n","protected":false},"author":31,"featured_media":948957,"comment_status":"closed","ping_status":"closed","sticky":false,"template":"","format":"standard","meta":{"footnotes":""},"categories":[10649,23264,23262,24006,24631,1129,1140],"tags":[],"vendi":[],"content_country":[29888,31836,31837],"class_list":["post-949055","post","type-post","status-publish","format-standard","has-post-thumbnail","hentry","category-albanien","category-albania","category-at-balkani-de","category-lajme-jeta-ne-zvicer-de","category-nachrichten-de-2","category-ch-balkan","category-leben-in-der-schweiz","content_country-zvicer","content_country-austria-de","content_country-germany-de"],"acf":[],"_links":{"self":[{"href":"https:\/\/www.albinfo.at\/de\/wp-json\/wp\/v2\/posts\/949055","targetHints":{"allow":["GET"]}}],"collection":[{"href":"https:\/\/www.albinfo.at\/de\/wp-json\/wp\/v2\/posts"}],"about":[{"href":"https:\/\/www.albinfo.at\/de\/wp-json\/wp\/v2\/types\/post"}],"author":[{"embeddable":true,"href":"https:\/\/www.albinfo.at\/de\/wp-json\/wp\/v2\/users\/31"}],"replies":[{"embeddable":true,"href":"https:\/\/www.albinfo.at\/de\/wp-json\/wp\/v2\/comments?post=949055"}],"version-history":[{"count":2,"href":"https:\/\/www.albinfo.at\/de\/wp-json\/wp\/v2\/posts\/949055\/revisions"}],"predecessor-version":[{"id":949057,"href":"https:\/\/www.albinfo.at\/de\/wp-json\/wp\/v2\/posts\/949055\/revisions\/949057"}],"wp:featuredmedia":[{"embeddable":true,"href":"https:\/\/www.albinfo.at\/de\/wp-json\/wp\/v2\/media\/948957"}],"wp:attachment":[{"href":"https:\/\/www.albinfo.at\/de\/wp-json\/wp\/v2\/media?parent=949055"}],"wp:term":[{"taxonomy":"category","embeddable":true,"href":"https:\/\/www.albinfo.at\/de\/wp-json\/wp\/v2\/categories?post=949055"},{"taxonomy":"post_tag","embeddable":true,"href":"https:\/\/www.albinfo.at\/de\/wp-json\/wp\/v2\/tags?post=949055"},{"taxonomy":"vendi","embeddable":true,"href":"https:\/\/www.albinfo.at\/de\/wp-json\/wp\/v2\/vendi?post=949055"},{"taxonomy":"content_country","embeddable":true,"href":"https:\/\/www.albinfo.at\/de\/wp-json\/wp\/v2\/content_country?post=949055"}],"curies":[{"name":"wp","href":"https:\/\/api.w.org\/{rel}","templated":true}]}}