{"id":949023,"date":"2026-09-03T14:50:47","date_gmt":"2026-09-03T12:50:47","guid":{"rendered":"https:\/\/www.albinfo.ch\/astronomja-pranvera-hyseni-perfaqeson-kosoven-ne-konferencen-e-planetariumeve-ne-shba\/"},"modified":"2026-09-03T22:53:54","modified_gmt":"2026-09-03T20:53:54","slug":"astronomja-pranvera-hyseni-perfaqeson-kosoven-ne-konferencen-e-planetariumeve-ne-shba","status":"publish","type":"post","link":"https:\/\/www.albinfo.at\/de\/astronomja-pranvera-hyseni-perfaqeson-kosoven-ne-konferencen-e-planetariumeve-ne-shba\/","title":{"rendered":"Die Astronomin Pranvera Hyseni vertritt Kosovo bei einer Planetariumskonferenz in den USA"},"content":{"rendered":"<p>Hyseni war im Tellus Science Museum im US-Bundesstaat Georgia zu Gast, wo sie bei der Gala vor einem Publikum aus Fachleuten der Planetariumsbranche die Hauptrede des Abends hielt, berichtet albinfo.ch.<\/p>\n<p>In ihrer Rede schilderte sie den Weg einer Idee, die f\u00fcr Kosovo einst weit entfernt schien, n\u00e4mlich die Gr\u00fcndung des ersten Planetariums und Observatoriums des Landes.<\/p>\n<p>Das von Hyseni im Rahmen ihrer Arbeit bei Astronomy Outreach of Kosovo geleitete Projekt ist inzwischen in Shtime Realit\u00e4t geworden und schafft einen neuen Raum f\u00fcr Bildung und die F\u00f6rderung der Astronomie in Kosovo.<\/p>\n<p>&#8220;Euch zu erz\u00e4hlen, wie eine Idee, die f\u00fcr ein Land wie Kosovo einst sehr weit entfernt schien, schlie\u00dflich zum ersten Planetarium und Observatorium des Landes wurde. Ehrlich gesagt, es gibt keinen gr\u00f6\u00dferen Stolz!&#8221;, schrieb Hyseni nach ihrer Teilnahme an der Konferenz.<\/p>\n<p>Mit ihrer Arbeit vertritt Hyseni Kosovo weiterhin auf der internationalen Astronomieszene und verwandelt ihre Leidenschaft f\u00fcr das Universum in konkrete Projekte f\u00fcr die j\u00fcngeren Generationen. \/Albinfo.ch<\/p>\n","protected":false},"excerpt":{"rendered":"<p>Die albanische Astronomin Pranvera Hyseni hat Kosovo bei der SEPA-Konferenz 2026 vertreten, einer Veranstaltung, die Planetariumsfachleute aus den Vereinigten Staaten zusammenbringt.<\/p>\n","protected":false},"author":31,"featured_media":948926,"comment_status":"closed","ping_status":"closed","sticky":false,"template":"","format":"standard","meta":{"footnotes":""},"categories":[33439,23263,24636,3952,23262,24631,1129,1133,1155],"tags":[],"vendi":[],"content_country":[29888,31836,31837],"class_list":["post-949023","post","type-post","status-publish","format-standard","has-post-thumbnail","hentry","category-kuriositaeten-de","category-kosova-de-2","category-nachrichten-de-4","category-kosova-de","category-at-balkani-de","category-nachrichten-de-2","category-ch-balkan","category-e-diaspora-de","category-fun-de","content_country-zvicer","content_country-austria-de","content_country-germany-de"],"acf":[],"_links":{"self":[{"href":"https:\/\/www.albinfo.at\/de\/wp-json\/wp\/v2\/posts\/949023","targetHints":{"allow":["GET"]}}],"collection":[{"href":"https:\/\/www.albinfo.at\/de\/wp-json\/wp\/v2\/posts"}],"about":[{"href":"https:\/\/www.albinfo.at\/de\/wp-json\/wp\/v2\/types\/post"}],"author":[{"embeddable":true,"href":"https:\/\/www.albinfo.at\/de\/wp-json\/wp\/v2\/users\/31"}],"replies":[{"embeddable":true,"href":"https:\/\/www.albinfo.at\/de\/wp-json\/wp\/v2\/comments?post=949023"}],"version-history":[{"count":1,"href":"https:\/\/www.albinfo.at\/de\/wp-json\/wp\/v2\/posts\/949023\/revisions"}],"predecessor-version":[{"id":949024,"href":"https:\/\/www.albinfo.at\/de\/wp-json\/wp\/v2\/posts\/949023\/revisions\/949024"}],"wp:featuredmedia":[{"embeddable":true,"href":"https:\/\/www.albinfo.at\/de\/wp-json\/wp\/v2\/media\/948926"}],"wp:attachment":[{"href":"https:\/\/www.albinfo.at\/de\/wp-json\/wp\/v2\/media?parent=949023"}],"wp:term":[{"taxonomy":"category","embeddable":true,"href":"https:\/\/www.albinfo.at\/de\/wp-json\/wp\/v2\/categories?post=949023"},{"taxonomy":"post_tag","embeddable":true,"href":"https:\/\/www.albinfo.at\/de\/wp-json\/wp\/v2\/tags?post=949023"},{"taxonomy":"vendi","embeddable":true,"href":"https:\/\/www.albinfo.at\/de\/wp-json\/wp\/v2\/vendi?post=949023"},{"taxonomy":"content_country","embeddable":true,"href":"https:\/\/www.albinfo.at\/de\/wp-json\/wp\/v2\/content_country?post=949023"}],"curies":[{"name":"wp","href":"https:\/\/api.w.org\/{rel}","templated":true}]}}