{"id":949015,"date":"2026-09-03T12:55:35","date_gmt":"2026-09-03T10:55:35","guid":{"rendered":"https:\/\/www.albinfo.ch\/dua-lipa-mund-te-jete-nje-nga-emrat-kryesore-te-coachella-2027\/"},"modified":"2026-09-03T22:49:05","modified_gmt":"2026-09-03T20:49:05","slug":"dua-lipa-mund-te-jete-nje-nga-emrat-kryesore-te-coachella-2027","status":"publish","type":"post","link":"https:\/\/www.albinfo.at\/de\/dua-lipa-mund-te-jete-nje-nga-emrat-kryesore-te-coachella-2027\/","title":{"rendered":"Dua Lipa k\u00f6nnte einer der Hauptacts beim Coachella 2027 sein"},"content":{"rendered":"<p>Dua Lipa k\u00f6nnte zu den Hauptacts des Coachella 2027 geh\u00f6ren, einem der gr\u00f6\u00dften und bedeutendsten Musikfestivals der Welt, berichtet albinfo.ch.<\/p>\n<p>Laut HITS Daily Double soll die S\u00e4ngerin in Verhandlungen dar\u00fcber stehen, zu den Headlinern des Festivals zu geh\u00f6ren. Quellen aus dem Umfeld der S\u00e4ngerin haben mitgeteilt, dass ihr Team bereits seit einiger Zeit Gespr\u00e4che mit den Organisatoren von Coachella f\u00fchrt.<\/p>\n<p>Sollte die Vereinbarung zustande kommen, w\u00e4re dies ein besonderer Moment in Dua Lipas Karriere, da sie bislang noch nie als Headlinerin beim Coachella aufgetreten ist.<\/p>\n<p>Ihr bislang einziger Auftritt bei diesem Festival war im Jahr 2017, als Dua Lipa w\u00e4hrend des Auftritts des DJs und Produzenten Martin Garrix als Gast auf der B\u00fchne stand.<\/p>\n<p>Sollten sich die Berichte best\u00e4tigen, w\u00fcrde Coachella 2027 somit Dua Lipas Deb\u00fct als Headlinerin des Festivals markieren und sie endg\u00fcltig in die Reihe der gro\u00dfen Namen der internationalen Musikszene stellen.<\/p>\n<p>Bislang wurde ihre Teilnahme nicht offiziell best\u00e4tigt. Die Meldung bleibt daher vorerst im Rahmen der Berichterstattung \u00fcber m\u00f6gliche Verhandlungen.\/Albinfo.ch<\/p>\n","protected":false},"excerpt":{"rendered":"<p>Berichten zufolge ist die britisch-albanische S\u00e4ngerin Dua Lipa im Gespr\u00e4ch, im kommenden Jahr zu den Hauptacts des bekannten US-Festivals Coachella zu geh\u00f6ren.<\/p>\n","protected":false},"author":31,"featured_media":948866,"comment_status":"closed","ping_status":"closed","sticky":false,"template":"","format":"standard","meta":{"footnotes":""},"categories":[24659,24631,1138],"tags":[],"vendi":[],"content_country":[29888,31836,31837],"class_list":["post-949015","post","type-post","status-publish","format-standard","has-post-thumbnail","hentry","category-musik","category-nachrichten-de-2","category-kultur","content_country-zvicer","content_country-austria-de","content_country-germany-de"],"acf":[],"_links":{"self":[{"href":"https:\/\/www.albinfo.at\/de\/wp-json\/wp\/v2\/posts\/949015","targetHints":{"allow":["GET"]}}],"collection":[{"href":"https:\/\/www.albinfo.at\/de\/wp-json\/wp\/v2\/posts"}],"about":[{"href":"https:\/\/www.albinfo.at\/de\/wp-json\/wp\/v2\/types\/post"}],"author":[{"embeddable":true,"href":"https:\/\/www.albinfo.at\/de\/wp-json\/wp\/v2\/users\/31"}],"replies":[{"embeddable":true,"href":"https:\/\/www.albinfo.at\/de\/wp-json\/wp\/v2\/comments?post=949015"}],"version-history":[{"count":1,"href":"https:\/\/www.albinfo.at\/de\/wp-json\/wp\/v2\/posts\/949015\/revisions"}],"predecessor-version":[{"id":949017,"href":"https:\/\/www.albinfo.at\/de\/wp-json\/wp\/v2\/posts\/949015\/revisions\/949017"}],"wp:featuredmedia":[{"embeddable":true,"href":"https:\/\/www.albinfo.at\/de\/wp-json\/wp\/v2\/media\/948866"}],"wp:attachment":[{"href":"https:\/\/www.albinfo.at\/de\/wp-json\/wp\/v2\/media?parent=949015"}],"wp:term":[{"taxonomy":"category","embeddable":true,"href":"https:\/\/www.albinfo.at\/de\/wp-json\/wp\/v2\/categories?post=949015"},{"taxonomy":"post_tag","embeddable":true,"href":"https:\/\/www.albinfo.at\/de\/wp-json\/wp\/v2\/tags?post=949015"},{"taxonomy":"vendi","embeddable":true,"href":"https:\/\/www.albinfo.at\/de\/wp-json\/wp\/v2\/vendi?post=949015"},{"taxonomy":"content_country","embeddable":true,"href":"https:\/\/www.albinfo.at\/de\/wp-json\/wp\/v2\/content_country?post=949015"}],"curies":[{"name":"wp","href":"https:\/\/api.w.org\/{rel}","templated":true}]}}