{"id":948832,"date":"2026-09-02T16:45:11","date_gmt":"2026-09-02T14:45:11","guid":{"rendered":"https:\/\/www.albinfo.ch\/beyond-human-limits-arosa-alpine-summit-vjen-per-here-te-pare-ne-zvicer\/"},"modified":"2026-09-02T21:42:26","modified_gmt":"2026-09-02T19:42:26","slug":"beyond-human-limits-arosa-alpine-summit-vjen-per-here-te-pare-ne-zvicer","status":"publish","type":"post","link":"https:\/\/www.albinfo.at\/de\/beyond-human-limits-arosa-alpine-summit-vjen-per-here-te-pare-ne-zvicer\/","title":{"rendered":"&#8220;Beyond Human Limits&#8221;: Der Arosa Alpine Summit findet erstmals in der Schweiz statt"},"content":{"rendered":"<p>Rund 150 Entscheidungstr\u00e4ger aus den Bereichen Sport, Wirtschaft, Technologie, Gesundheit und Politik kamen am 27. und 28. August in Arosa zur ersten Ausgabe des Arosa Alpine Summit zusammen. Zu den Gr\u00fcndern dieses neuen Formats geh\u00f6rt auch der schweizerisch-albanische Unternehmer Besfort Biljali.<\/p>\n<p>Unter dem Motto &#8220;Beyond Human Limits&#8221; feierte der Arosa Alpine Summit seine Premiere als neues Sommerforum, das Br\u00fccken zwischen Sport, Technologie, Wirtschaft und Gesundheit schlagen und neue Ideen, Initiativen und Kooperationen f\u00f6rdern soll.<\/p>\n<p>An der ersten Ausgabe nahmen rund 150 Entscheidungstr\u00e4ger teil. Zu den Pers\u00f6nlichkeiten, die auf der B\u00fchne des Gipfels diskutierten, geh\u00f6rten Sandra Felix, Direktorin des Bundesamtes f\u00fcr Sport (BASPO), Stefan Scheiber, Verwaltungsratspr\u00e4sident der B\u00fchler Group, sowie Ironman-Champion Jan van Berkel.<\/p>\n<p><strong><a href=\"https:\/\/www.albinfo.ch\/wp-content\/uploads\/2026\/09\/fionamurtaj_arosasummit-57-scaled.jpg\"><img loading=\"lazy\" decoding=\"async\" class=\"alignnone size-large wp-image-948689\" src=\"https:\/\/www.albinfo.ch\/wp-content\/uploads\/2026\/09\/fionamurtaj_arosasummit-57-1024x683.jpg\" alt=\"\" width=\"640\" height=\"427\" srcset=\"https:\/\/www.albinfo.at\/wp-content\/uploads\/2026\/09\/fionamurtaj_arosasummit-57-1024x683.jpg 1024w, https:\/\/www.albinfo.at\/wp-content\/uploads\/2026\/09\/fionamurtaj_arosasummit-57-300x200.jpg 300w, https:\/\/www.albinfo.at\/wp-content\/uploads\/2026\/09\/fionamurtaj_arosasummit-57-768x512.jpg 768w, https:\/\/www.albinfo.at\/wp-content\/uploads\/2026\/09\/fionamurtaj_arosasummit-57-1536x1024.jpg 1536w, https:\/\/www.albinfo.at\/wp-content\/uploads\/2026\/09\/fionamurtaj_arosasummit-57-2048x1365.jpg 2048w, https:\/\/www.albinfo.at\/wp-content\/uploads\/2026\/09\/fionamurtaj_arosasummit-57-210x141.jpg 210w, https:\/\/www.albinfo.at\/wp-content\/uploads\/2026\/09\/fionamurtaj_arosasummit-57-587x391.jpg 587w, https:\/\/www.albinfo.at\/wp-content\/uploads\/2026\/09\/fionamurtaj_arosasummit-57-150x100.jpg 150w, https:\/\/www.albinfo.at\/wp-content\/uploads\/2026\/09\/fionamurtaj_arosasummit-57-263x175.jpg 263w\" sizes=\"auto, (max-width: 640px) 100vw, 640px\" \/><\/a><\/strong><\/p>\n<p><strong>Besfort Biljali unter den vier Gr\u00fcndern<\/strong><\/p>\n<p>Hinter dem Arosa Alpine Summit stehen vier Unternehmer: Michi Frank, Katia Murmann, Jo\u00eblle Frank und Besfort Biljali.<\/p>\n<p>Ihre Idee ist es, ein neues Format f\u00fcr Entscheidungstr\u00e4ger zu schaffen, bei dem fachliche Diskussionen mit k\u00f6rperlicher Aktivit\u00e4t und dem Aufbau von Kontakten verbunden werden, aus denen konkrete und nachhaltige Projekte entstehen k\u00f6nnen.<\/p>\n<p>&#8220;Wir schaffen bewusst ein neues Veranstaltungsformat f\u00fcr Entscheidungstr\u00e4ger, einen Raum f\u00fcr neue Perspektiven, Bewegung, die verbindet, und nachhaltige Projekte&#8221;, erkl\u00e4rte Mitgr\u00fcnderin Katia Murmann.<\/p>\n<p>Das Motto &#8220;Moving Mountains Together&#8221; bringt die Idee auf den Punkt, dass Sport, Gesundheit und Technologie zusammenwirken k\u00f6nnen, um die Grenzen dessen neu zu definieren, was Menschen erreichen k\u00f6nnen.<\/p>\n<p><strong><a href=\"https:\/\/www.albinfo.ch\/wp-content\/uploads\/2026\/09\/fionamurtaj_arosasummit-300-scaled.jpg\"><img loading=\"lazy\" decoding=\"async\" class=\"alignnone size-large wp-image-948693\" src=\"https:\/\/www.albinfo.ch\/wp-content\/uploads\/2026\/09\/fionamurtaj_arosasummit-300-1024x683.jpg\" alt=\"\" width=\"640\" height=\"427\" srcset=\"https:\/\/www.albinfo.at\/wp-content\/uploads\/2026\/09\/fionamurtaj_arosasummit-300-1024x683.jpg 1024w, https:\/\/www.albinfo.at\/wp-content\/uploads\/2026\/09\/fionamurtaj_arosasummit-300-300x200.jpg 300w, https:\/\/www.albinfo.at\/wp-content\/uploads\/2026\/09\/fionamurtaj_arosasummit-300-768x512.jpg 768w, https:\/\/www.albinfo.at\/wp-content\/uploads\/2026\/09\/fionamurtaj_arosasummit-300-1536x1024.jpg 1536w, https:\/\/www.albinfo.at\/wp-content\/uploads\/2026\/09\/fionamurtaj_arosasummit-300-2048x1365.jpg 2048w, https:\/\/www.albinfo.at\/wp-content\/uploads\/2026\/09\/fionamurtaj_arosasummit-300-210x141.jpg 210w, https:\/\/www.albinfo.at\/wp-content\/uploads\/2026\/09\/fionamurtaj_arosasummit-300-587x391.jpg 587w, https:\/\/www.albinfo.at\/wp-content\/uploads\/2026\/09\/fionamurtaj_arosasummit-300-150x100.jpg 150w, https:\/\/www.albinfo.at\/wp-content\/uploads\/2026\/09\/fionamurtaj_arosasummit-300-263x175.jpg 263w\" sizes=\"auto, (max-width: 640px) 100vw, 640px\" \/><\/a><\/strong><\/p>\n<p><strong>Mehmedi, Xhemaili und Hasani beim Summit dabei<\/strong><\/p>\n<p>Der erste Tag war gepr\u00e4gt von Reden, Podiumsdiskussionen und Gespr\u00e4chen \u00fcber Unternehmertum, Sport und neue Entwicklungen.<\/p>\n<p>Eine der Diskussionen widmete sich auch der Fu\u00dfball-Weltmeisterschaft. Daran nahmen Marinko Jurendic, Chief Sports Officer des Schweizerischen Fussballverbands, sowie die ehemaligen Schweizer Nationalspieler Admir Mehmedi und Blerim Xhemaili teil.<\/p>\n<p><a href=\"https:\/\/www.albinfo.ch\/wp-content\/uploads\/2026\/09\/fionamurtaj_arosasummit-80-scaled.jpg\"><img loading=\"lazy\" decoding=\"async\" class=\"alignnone size-large wp-image-948705\" src=\"https:\/\/www.albinfo.ch\/wp-content\/uploads\/2026\/09\/fionamurtaj_arosasummit-80-1024x683.jpg\" alt=\"\" width=\"640\" height=\"427\" srcset=\"https:\/\/www.albinfo.at\/wp-content\/uploads\/2026\/09\/fionamurtaj_arosasummit-80-1024x683.jpg 1024w, https:\/\/www.albinfo.at\/wp-content\/uploads\/2026\/09\/fionamurtaj_arosasummit-80-300x200.jpg 300w, https:\/\/www.albinfo.at\/wp-content\/uploads\/2026\/09\/fionamurtaj_arosasummit-80-768x512.jpg 768w, https:\/\/www.albinfo.at\/wp-content\/uploads\/2026\/09\/fionamurtaj_arosasummit-80-1536x1024.jpg 1536w, https:\/\/www.albinfo.at\/wp-content\/uploads\/2026\/09\/fionamurtaj_arosasummit-80-2048x1365.jpg 2048w, https:\/\/www.albinfo.at\/wp-content\/uploads\/2026\/09\/fionamurtaj_arosasummit-80-210x141.jpg 210w, https:\/\/www.albinfo.at\/wp-content\/uploads\/2026\/09\/fionamurtaj_arosasummit-80-587x391.jpg 587w, https:\/\/www.albinfo.at\/wp-content\/uploads\/2026\/09\/fionamurtaj_arosasummit-80-150x100.jpg 150w, https:\/\/www.albinfo.at\/wp-content\/uploads\/2026\/09\/fionamurtaj_arosasummit-80-263x175.jpg 263w\" sizes=\"auto, (max-width: 640px) 100vw, 640px\" \/><\/a><\/p>\n<p>Die Direktorin des BASPO, Sandra Felix, unterstrich in ihrer Rede die Bedeutung k\u00f6rperlicher Aktivit\u00e4t und rief dazu auf, die Diskussion \u00fcber den Sport \u00fcber die &#8220;Sportblase&#8221; hinauszuf\u00fchren. Die Olympischen Spiele 2038 bezeichnete sie als grosse Chance f\u00fcr die Schweiz.<\/p>\n<p><a href=\"https:\/\/www.albinfo.ch\/wp-content\/uploads\/2026\/09\/fionamurtaj_arosasummit-103-scaled.jpg\"><img loading=\"lazy\" decoding=\"async\" class=\"alignnone size-large wp-image-948722\" src=\"https:\/\/www.albinfo.ch\/wp-content\/uploads\/2026\/09\/fionamurtaj_arosasummit-103-1024x683.jpg\" alt=\"\" width=\"640\" height=\"427\" srcset=\"https:\/\/www.albinfo.at\/wp-content\/uploads\/2026\/09\/fionamurtaj_arosasummit-103-1024x683.jpg 1024w, https:\/\/www.albinfo.at\/wp-content\/uploads\/2026\/09\/fionamurtaj_arosasummit-103-300x200.jpg 300w, https:\/\/www.albinfo.at\/wp-content\/uploads\/2026\/09\/fionamurtaj_arosasummit-103-768x512.jpg 768w, https:\/\/www.albinfo.at\/wp-content\/uploads\/2026\/09\/fionamurtaj_arosasummit-103-1536x1024.jpg 1536w, https:\/\/www.albinfo.at\/wp-content\/uploads\/2026\/09\/fionamurtaj_arosasummit-103-2048x1365.jpg 2048w, https:\/\/www.albinfo.at\/wp-content\/uploads\/2026\/09\/fionamurtaj_arosasummit-103-210x141.jpg 210w, https:\/\/www.albinfo.at\/wp-content\/uploads\/2026\/09\/fionamurtaj_arosasummit-103-587x391.jpg 587w, https:\/\/www.albinfo.at\/wp-content\/uploads\/2026\/09\/fionamurtaj_arosasummit-103-150x100.jpg 150w, https:\/\/www.albinfo.at\/wp-content\/uploads\/2026\/09\/fionamurtaj_arosasummit-103-263x175.jpg 263w\" sizes=\"auto, (max-width: 640px) 100vw, 640px\" \/><\/a><\/p>\n<p>Stefan Scheiber von der B\u00fchler Group hob unterdessen die Bedeutung von Gesundheit und Stressmanagement f\u00fcr Unternehmen hervor und betonte, dass Spitzensport und berufliche Ausbildung parallel entwickelt werden k\u00f6nnen.<\/p>\n<p><strong><a href=\"https:\/\/www.albinfo.ch\/wp-content\/uploads\/2026\/09\/fionamurtaj_arosasummit-170-scaled.jpg\"><img loading=\"lazy\" decoding=\"async\" class=\"alignnone size-large wp-image-948696\" src=\"https:\/\/www.albinfo.ch\/wp-content\/uploads\/2026\/09\/fionamurtaj_arosasummit-170-1024x683.jpg\" alt=\"\" width=\"640\" height=\"427\" srcset=\"https:\/\/www.albinfo.at\/wp-content\/uploads\/2026\/09\/fionamurtaj_arosasummit-170-1024x683.jpg 1024w, https:\/\/www.albinfo.at\/wp-content\/uploads\/2026\/09\/fionamurtaj_arosasummit-170-300x200.jpg 300w, https:\/\/www.albinfo.at\/wp-content\/uploads\/2026\/09\/fionamurtaj_arosasummit-170-768x512.jpg 768w, https:\/\/www.albinfo.at\/wp-content\/uploads\/2026\/09\/fionamurtaj_arosasummit-170-1536x1024.jpg 1536w, https:\/\/www.albinfo.at\/wp-content\/uploads\/2026\/09\/fionamurtaj_arosasummit-170-2048x1365.jpg 2048w, https:\/\/www.albinfo.at\/wp-content\/uploads\/2026\/09\/fionamurtaj_arosasummit-170-210x141.jpg 210w, https:\/\/www.albinfo.at\/wp-content\/uploads\/2026\/09\/fionamurtaj_arosasummit-170-587x391.jpg 587w, https:\/\/www.albinfo.at\/wp-content\/uploads\/2026\/09\/fionamurtaj_arosasummit-170-150x100.jpg 150w, https:\/\/www.albinfo.at\/wp-content\/uploads\/2026\/09\/fionamurtaj_arosasummit-170-263x175.jpg 263w\" sizes=\"auto, (max-width: 640px) 100vw, 640px\" \/><\/a><\/strong><\/p>\n<p><strong>Von Fussball und Eishockey bis zu &#8220;Breathwork&#8221; und Eisbaden<\/strong><\/p>\n<p>Der zweite Tag bot vier verschiedene Sessions: Fussball, Eishockey, &#8220;Breathwork&#8221; in Kombination mit Eisbaden sowie den &#8220;Summit Walk&#8221;, der auch eine gef\u00fchrte Besichtigung des B\u00e4renlands umfasste.<\/p>\n<p><a href=\"https:\/\/www.albinfo.ch\/wp-content\/uploads\/2026\/09\/fionamurtaj_arosasummit-450-scaled.jpg\"><img loading=\"lazy\" decoding=\"async\" class=\"alignnone size-large wp-image-948709\" src=\"https:\/\/www.albinfo.ch\/wp-content\/uploads\/2026\/09\/fionamurtaj_arosasummit-450-1024x683.jpg\" alt=\"\" width=\"640\" height=\"427\" srcset=\"https:\/\/www.albinfo.at\/wp-content\/uploads\/2026\/09\/fionamurtaj_arosasummit-450-1024x683.jpg 1024w, https:\/\/www.albinfo.at\/wp-content\/uploads\/2026\/09\/fionamurtaj_arosasummit-450-300x200.jpg 300w, https:\/\/www.albinfo.at\/wp-content\/uploads\/2026\/09\/fionamurtaj_arosasummit-450-768x512.jpg 768w, https:\/\/www.albinfo.at\/wp-content\/uploads\/2026\/09\/fionamurtaj_arosasummit-450-1536x1024.jpg 1536w, https:\/\/www.albinfo.at\/wp-content\/uploads\/2026\/09\/fionamurtaj_arosasummit-450-2048x1365.jpg 2048w, https:\/\/www.albinfo.at\/wp-content\/uploads\/2026\/09\/fionamurtaj_arosasummit-450-210x141.jpg 210w, https:\/\/www.albinfo.at\/wp-content\/uploads\/2026\/09\/fionamurtaj_arosasummit-450-587x391.jpg 587w, https:\/\/www.albinfo.at\/wp-content\/uploads\/2026\/09\/fionamurtaj_arosasummit-450-150x100.jpg 150w, https:\/\/www.albinfo.at\/wp-content\/uploads\/2026\/09\/fionamurtaj_arosasummit-450-263x175.jpg 263w\" sizes=\"auto, (max-width: 640px) 100vw, 640px\" \/><\/a><\/p>\n<p>Jede Session umfasste auch Gespr\u00e4che mit Experten und Pers\u00f6nlichkeiten aus den jeweiligen Bereichen. Zu ihnen geh\u00f6rten Ironman-Champion Jan van Berkel sowie Gzim Hasani, Gr\u00fcnder und CEO von smzh.<\/p>\n<p>Der Summit endete mit der Diskussionsrunde &#8220;B\u00e4renrunde&#8221;, die der Inklusion im Sport und in der Gesellschaft gewidmet war, mit besonderem Fokus auf Special Olympics. An der Runde nahmen Beat Ritschard, die Special-Olympics-Athletin Silja Horber, der Unternehmer Hermann Arnold und Emelie Dorlin von Johnson &amp; Johnson teil. Moderiert wurde die Diskussion von Nik Hartmann.<\/p>\n<p><strong><a href=\"https:\/\/www.albinfo.ch\/wp-content\/uploads\/2026\/09\/fionamurtaj_arosasummit-280-scaled.jpg\"><img loading=\"lazy\" decoding=\"async\" class=\"alignnone size-large wp-image-948699\" src=\"https:\/\/www.albinfo.ch\/wp-content\/uploads\/2026\/09\/fionamurtaj_arosasummit-280-1024x576.jpg\" alt=\"\" width=\"640\" height=\"360\" srcset=\"https:\/\/www.albinfo.at\/wp-content\/uploads\/2026\/09\/fionamurtaj_arosasummit-280-1024x576.jpg 1024w, https:\/\/www.albinfo.at\/wp-content\/uploads\/2026\/09\/fionamurtaj_arosasummit-280-300x169.jpg 300w, https:\/\/www.albinfo.at\/wp-content\/uploads\/2026\/09\/fionamurtaj_arosasummit-280-768x432.jpg 768w, https:\/\/www.albinfo.at\/wp-content\/uploads\/2026\/09\/fionamurtaj_arosasummit-280-1536x864.jpg 1536w, https:\/\/www.albinfo.at\/wp-content\/uploads\/2026\/09\/fionamurtaj_arosasummit-280-2048x1152.jpg 2048w, https:\/\/www.albinfo.at\/wp-content\/uploads\/2026\/09\/fionamurtaj_arosasummit-280-182x101.jpg 182w, https:\/\/www.albinfo.at\/wp-content\/uploads\/2026\/09\/fionamurtaj_arosasummit-280-790x443.jpg 790w, https:\/\/www.albinfo.at\/wp-content\/uploads\/2026\/09\/fionamurtaj_arosasummit-280-587x330.jpg 587w, https:\/\/www.albinfo.at\/wp-content\/uploads\/2026\/09\/fionamurtaj_arosasummit-280-178x100.jpg 178w, https:\/\/www.albinfo.at\/wp-content\/uploads\/2026\/09\/fionamurtaj_arosasummit-280-265x149.jpg 265w\" sizes=\"auto, (max-width: 640px) 100vw, 640px\" \/><\/a><\/strong><\/p>\n<p><strong>Ziel: Der Arosa Alpine Summit soll zu einem j\u00e4hrlichen Treffen f\u00fcr Entscheidungstr\u00e4ger werden<\/strong><\/p>\n<p>Die erste Ausgabe wurde mit Unterst\u00fctzung zahlreicher Partner durchgef\u00fchrt, darunter Swica, smzh, UMB, mesoneer und Ionix Group sowie die Gemeinde Arosa und Arosa Tourismus.<\/p>\n<p>&#8220;Unser Massstab ist das Verm\u00e4chtnis, Projekte und Initiativen, die entstehen, weil sich hier Menschen begegnen, die sich unter anderen Umst\u00e4nden vielleicht nie getroffen h\u00e4tten&#8221;, erkl\u00e4rte Mitgr\u00fcnderin Jo\u00eblle Frank.<\/p>\n<p>Die Organisatoren verfolgen das Ziel, den Arosa Alpine Summit, \u00e4hnlich wie andere bedeutende Foren in der Schweiz, zu einem festen Bestandteil der Agenda Schweizer Entscheidungstr\u00e4ger zu machen.<\/p>\n<p>Nach der Premiere im August 2026 ist die zweite Ausgabe des Arosa Alpine Summit f\u00fcr den Sommer 2027 geplant.<\/p>\n<p><a href=\"https:\/\/www.albinfo.ch\/wp-content\/uploads\/2026\/09\/fionamurtaj_arosasummit-128-scaled.jpg\"><img loading=\"lazy\" decoding=\"async\" class=\"alignnone size-large wp-image-948702\" src=\"https:\/\/www.albinfo.ch\/wp-content\/uploads\/2026\/09\/fionamurtaj_arosasummit-128-1024x576.jpg\" alt=\"\" width=\"640\" height=\"360\" srcset=\"https:\/\/www.albinfo.at\/wp-content\/uploads\/2026\/09\/fionamurtaj_arosasummit-128-1024x576.jpg 1024w, https:\/\/www.albinfo.at\/wp-content\/uploads\/2026\/09\/fionamurtaj_arosasummit-128-300x169.jpg 300w, https:\/\/www.albinfo.at\/wp-content\/uploads\/2026\/09\/fionamurtaj_arosasummit-128-768x432.jpg 768w, https:\/\/www.albinfo.at\/wp-content\/uploads\/2026\/09\/fionamurtaj_arosasummit-128-1536x864.jpg 1536w, https:\/\/www.albinfo.at\/wp-content\/uploads\/2026\/09\/fionamurtaj_arosasummit-128-2048x1152.jpg 2048w, https:\/\/www.albinfo.at\/wp-content\/uploads\/2026\/09\/fionamurtaj_arosasummit-128-182x101.jpg 182w, https:\/\/www.albinfo.at\/wp-content\/uploads\/2026\/09\/fionamurtaj_arosasummit-128-790x443.jpg 790w, https:\/\/www.albinfo.at\/wp-content\/uploads\/2026\/09\/fionamurtaj_arosasummit-128-587x330.jpg 587w, https:\/\/www.albinfo.at\/wp-content\/uploads\/2026\/09\/fionamurtaj_arosasummit-128-178x100.jpg 178w, https:\/\/www.albinfo.at\/wp-content\/uploads\/2026\/09\/fionamurtaj_arosasummit-128-265x149.jpg 265w\" sizes=\"auto, (max-width: 640px) 100vw, 640px\" \/><\/a><\/p>\n<p>Lesen Sie auch:<\/p>\n<blockquote class=\"wp-embedded-content\" data-secret=\"vxp0LMXOFa\"><p><a href=\"https:\/\/www.albinfo.ch\/shqiptaro-zviceranet-dominojne-ne-mbremjen-ekskluzive-te-sbn-ne-cyrih\/\">Shqiptaro-zviceran\u00ebt dominojn\u00eb n\u00eb mbr\u00ebmjen ekskluzive t\u00eb SBN n\u00eb Cyrih<\/a><\/p><\/blockquote>\n<p><iframe loading=\"lazy\" class=\"wp-embedded-content\" sandbox=\"allow-scripts\" security=\"restricted\" style=\"position: absolute; visibility: hidden;\" title=\"&#8220;Shqiptaro-zviceran\u00ebt dominojn\u00eb n\u00eb mbr\u00ebmjen ekskluzive t\u00eb SBN n\u00eb Cyrih&#8221; &#8212; Albinfo\" src=\"https:\/\/www.albinfo.ch\/shqiptaro-zviceranet-dominojne-ne-mbremjen-ekskluzive-te-sbn-ne-cyrih\/embed\/#?secret=4dnLN2dMCu#?secret=vxp0LMXOFa\" data-secret=\"vxp0LMXOFa\" width=\"587\" height=\"331\" frameborder=\"0\" marginwidth=\"0\" marginheight=\"0\" scrolling=\"no\"><\/iframe><\/p>\n<p>Lesen Sie auch:<\/p>\n<blockquote class=\"wp-embedded-content\" data-secret=\"UHuv7tpfTm\"><p><a href=\"https:\/\/www.albinfo.ch\/918966\/\">Besfort Bilalli me Lumvin fiton \u00e7mime prestigjioze n\u00eb Zvic\u00ebr \u2013 inovacioni q\u00eb kursen energji dhe CO\u2082<\/a><\/p><\/blockquote>\n<p><iframe loading=\"lazy\" class=\"wp-embedded-content\" sandbox=\"allow-scripts\" security=\"restricted\" style=\"position: absolute; visibility: hidden;\" title=\"&#8220;Besfort Bilalli me Lumvin fiton \u00e7mime prestigjioze n\u00eb Zvic\u00ebr \u2013 inovacioni q\u00eb kursen energji dhe CO\u2082&#8221; &#8212; Albinfo\" src=\"https:\/\/www.albinfo.ch\/918966\/embed\/#?secret=TtzpdxkPYD#?secret=UHuv7tpfTm\" data-secret=\"UHuv7tpfTm\" width=\"587\" height=\"331\" frameborder=\"0\" marginwidth=\"0\" marginheight=\"0\" scrolling=\"no\"><\/iframe><\/p>\n<p>&nbsp;<\/p>\n","protected":false},"excerpt":{"rendered":"<p>Rund 150 Entscheidungstr\u00e4ger aus den Bereichen Sport, Wirtschaft, Technologie, Gesundheit und Politik kamen am 27. und 28. August in Arosa zur ersten Ausgabe des Arosa Alpine Summit zusammen. Zu den Gr\u00fcndern dieses neuen Formats geh\u00f6rt auch der schweizerisch-albanische Unternehmer Besfort Biljali. Unter dem Motto &#8220;Beyond Human Limits&#8221; feierte der Arosa Alpine Summit seine Premiere als [&hellip;]<\/p>\n","protected":false},"author":6,"featured_media":948719,"comment_status":"closed","ping_status":"closed","sticky":false,"template":"","format":"standard","meta":{"footnotes":""},"categories":[34872,3982,24636,1134,1141,3981,11228,24006,1133,1140,1158,1412,2015],"tags":[],"vendi":[],"content_country":[29888,31836,31837],"class_list":["post-948832","post","type-post","status-publish","format-standard","has-post-thumbnail","hentry","category-evente-de","category-unternehmen-de","category-nachrichten-de-4","category-integration","category-themen","category-unternehmen-cat","category-ekonomi-de","category-lajme-jeta-ne-zvicer-de","category-e-diaspora-de","category-leben-in-der-schweiz","category-themen-vor-ort","category-newsletter-de","category-newsletter-media-de","content_country-zvicer","content_country-austria-de","content_country-germany-de"],"acf":[],"_links":{"self":[{"href":"https:\/\/www.albinfo.at\/de\/wp-json\/wp\/v2\/posts\/948832","targetHints":{"allow":["GET"]}}],"collection":[{"href":"https:\/\/www.albinfo.at\/de\/wp-json\/wp\/v2\/posts"}],"about":[{"href":"https:\/\/www.albinfo.at\/de\/wp-json\/wp\/v2\/types\/post"}],"author":[{"embeddable":true,"href":"https:\/\/www.albinfo.at\/de\/wp-json\/wp\/v2\/users\/6"}],"replies":[{"embeddable":true,"href":"https:\/\/www.albinfo.at\/de\/wp-json\/wp\/v2\/comments?post=948832"}],"version-history":[{"count":2,"href":"https:\/\/www.albinfo.at\/de\/wp-json\/wp\/v2\/posts\/948832\/revisions"}],"predecessor-version":[{"id":948836,"href":"https:\/\/www.albinfo.at\/de\/wp-json\/wp\/v2\/posts\/948832\/revisions\/948836"}],"wp:featuredmedia":[{"embeddable":true,"href":"https:\/\/www.albinfo.at\/de\/wp-json\/wp\/v2\/media\/948719"}],"wp:attachment":[{"href":"https:\/\/www.albinfo.at\/de\/wp-json\/wp\/v2\/media?parent=948832"}],"wp:term":[{"taxonomy":"category","embeddable":true,"href":"https:\/\/www.albinfo.at\/de\/wp-json\/wp\/v2\/categories?post=948832"},{"taxonomy":"post_tag","embeddable":true,"href":"https:\/\/www.albinfo.at\/de\/wp-json\/wp\/v2\/tags?post=948832"},{"taxonomy":"vendi","embeddable":true,"href":"https:\/\/www.albinfo.at\/de\/wp-json\/wp\/v2\/vendi?post=948832"},{"taxonomy":"content_country","embeddable":true,"href":"https:\/\/www.albinfo.at\/de\/wp-json\/wp\/v2\/content_country?post=948832"}],"curies":[{"name":"wp","href":"https:\/\/api.w.org\/{rel}","templated":true}]}}