{"id":948822,"date":"2026-09-02T15:45:17","date_gmt":"2026-09-02T13:45:17","guid":{"rendered":"https:\/\/www.albinfo.ch\/kianoush-rostami-i-sjell-kosoves-medaljen-e-tete-ne-taranto-2026\/"},"modified":"2026-09-02T21:34:28","modified_gmt":"2026-09-02T19:34:28","slug":"kianoush-rostami-i-sjell-kosoves-medaljen-e-tete-ne-taranto-2026","status":"publish","type":"post","link":"https:\/\/www.albinfo.at\/de\/kianoush-rostami-i-sjell-kosoves-medaljen-e-tete-ne-taranto-2026\/","title":{"rendered":"Kianoush Rostami beschert dem Kosovo die achte Medaille bei &#8220;Taranto 2026&#8221;"},"content":{"rendered":"<p>Der Kosovo hat bei den Mittelmeerspielen &#8220;Taranto 2026&#8221; dank der Leistung des Gewichthebers Kianoush Rostami seine achte Medaille gewonnen, berichtet albinfo.ch.<\/p>\n<p>Rostami, der aus dem Iran stammt, aber seit 2025 den Kosovo auf internationaler Ebene vertritt, gewann im Rei\u00dfen in der Gewichtsklasse bis 95 Kilogramm die Silbermedaille.<\/p>\n<p>Der kosovarische Gewichtheber hatte in dieser Disziplin nur einen erfolgreichen Versuch. Bei seinem zweiten Versuch hob er 166 Kilogramm, ein Ergebnis, das ihm f\u00fcr die Silbermedaille reichte.<\/p>\n<p>Die Goldmedaille ging an den Algerier Faris Touairi, der 169 Kilogramm hob.<\/p>\n<p>Rostami wird auch die M\u00f6glichkeit haben, um eine weitere Medaille zu k\u00e4mpfen, da im Gewichtheben die Medaillen in beiden Disziplinen, Rei\u00dfen und Sto\u00dfen, getrennt vergeben werden. Bereits vor dem Wettbewerb war berichtet worden, dass er zwei Medaillen f\u00fcr den Kosovo anstreben k\u00f6nnte.<\/p>\n<p>F\u00fcr Rostami ist dies ein weiterer bedeutender Auftritt in seiner langen Karriere. Er ist ein bekannter Name im internationalen Gewichtheben und gewann bei den Olympischen Spielen 2016 in Rio die Goldmedaille f\u00fcr den Iran. Im M\u00e4rz 2025 erhielt er die kosovarische Staatsb\u00fcrgerschaft und sp\u00e4ter auch das Recht, den Kosovo zu vertreten.<\/p>\n<p>Mit Rostamis Medaille hat der Kosovo die Zahl seiner bei &#8220;Taranto 2026&#8221; gewonnenen Medaillen auf acht erh\u00f6ht. Die diesj\u00e4hrige Ausgabe der Mittelmeerspiele findet vom 21. August bis zum 3. September statt.<\/p>\n<p>Die Aufmerksamkeit richtet sich nun auf Rostamis Wettbewerb im Sto\u00dfen, wo er versuchen wird, die Medaillenbilanz des Kosovo weiter auszubauen. \/Albinfo.ch<\/p>\n","protected":false},"excerpt":{"rendered":"<p>Der iranische Gewichtheber, der f\u00fcr den Kosovo antritt, gewann in der Gewichtsklasse bis 95 Kilogramm die Silbermedaille im Rei\u00dfen.<\/p>\n","protected":false},"author":31,"featured_media":948680,"comment_status":"closed","ping_status":"closed","sticky":false,"template":"","format":"standard","meta":{"footnotes":""},"categories":[24641,24670,24631,1139],"tags":[],"vendi":[],"content_country":[29888,31836,31837],"class_list":["post-948822","post","type-post","status-publish","format-standard","has-post-thumbnail","hentry","category-andere-de-2","category-martiale-sportarten","category-nachrichten-de-2","category-sport","content_country-zvicer","content_country-austria-de","content_country-germany-de"],"acf":[],"_links":{"self":[{"href":"https:\/\/www.albinfo.at\/de\/wp-json\/wp\/v2\/posts\/948822","targetHints":{"allow":["GET"]}}],"collection":[{"href":"https:\/\/www.albinfo.at\/de\/wp-json\/wp\/v2\/posts"}],"about":[{"href":"https:\/\/www.albinfo.at\/de\/wp-json\/wp\/v2\/types\/post"}],"author":[{"embeddable":true,"href":"https:\/\/www.albinfo.at\/de\/wp-json\/wp\/v2\/users\/31"}],"replies":[{"embeddable":true,"href":"https:\/\/www.albinfo.at\/de\/wp-json\/wp\/v2\/comments?post=948822"}],"version-history":[{"count":1,"href":"https:\/\/www.albinfo.at\/de\/wp-json\/wp\/v2\/posts\/948822\/revisions"}],"predecessor-version":[{"id":948823,"href":"https:\/\/www.albinfo.at\/de\/wp-json\/wp\/v2\/posts\/948822\/revisions\/948823"}],"wp:featuredmedia":[{"embeddable":true,"href":"https:\/\/www.albinfo.at\/de\/wp-json\/wp\/v2\/media\/948680"}],"wp:attachment":[{"href":"https:\/\/www.albinfo.at\/de\/wp-json\/wp\/v2\/media?parent=948822"}],"wp:term":[{"taxonomy":"category","embeddable":true,"href":"https:\/\/www.albinfo.at\/de\/wp-json\/wp\/v2\/categories?post=948822"},{"taxonomy":"post_tag","embeddable":true,"href":"https:\/\/www.albinfo.at\/de\/wp-json\/wp\/v2\/tags?post=948822"},{"taxonomy":"vendi","embeddable":true,"href":"https:\/\/www.albinfo.at\/de\/wp-json\/wp\/v2\/vendi?post=948822"},{"taxonomy":"content_country","embeddable":true,"href":"https:\/\/www.albinfo.at\/de\/wp-json\/wp\/v2\/content_country?post=948822"}],"curies":[{"name":"wp","href":"https:\/\/api.w.org\/{rel}","templated":true}]}}