{"id":948816,"date":"2026-09-02T14:45:16","date_gmt":"2026-09-02T12:45:16","guid":{"rendered":"https:\/\/www.albinfo.ch\/i-riu-nga-kosova-fiton-cmim-nderkombetar-per-projektin-e-ai-se-ne-gjuhen-shqipe-te-shenjave\/"},"modified":"2026-09-02T21:28:54","modified_gmt":"2026-09-02T19:28:54","slug":"i-riu-nga-kosova-fiton-cmim-nderkombetar-per-projektin-e-ai-se-ne-gjuhen-shqipe-te-shenjave","status":"publish","type":"post","link":"https:\/\/www.albinfo.at\/de\/i-riu-nga-kosova-fiton-cmim-nderkombetar-per-projektin-e-ai-se-ne-gjuhen-shqipe-te-shenjave\/","title":{"rendered":"Ein junger Mann aus dem Kosovo gewinnt einen internationalen Preis f\u00fcr ein KI-Projekt in albanischer Geb\u00e4rdensprache"},"content":{"rendered":"<p>Gjergj \u00c7uni aus dem Kosovo hat bei der Eastern European Machine Learning Summer School 2026 den &#8220;Best Poster Award&#8221; gewonnen, einer internationalen Veranstaltung, die Forschende und junge Talente aus den Bereichen K\u00fcnstliche Intelligenz und maschinelles Lernen zusammenbringt.<\/p>\n<p>Ausgezeichnet wurde er f\u00fcr sein Projekt &#8220;Towards the First Machine Learning System for Albanian Sign Language&#8221;, das die Entwicklung des ersten Machine-Learning-Systems f\u00fcr die albanische Geb\u00e4rdensprache zum Ziel hat.<\/p>\n<p>\u00c7uni vertrat den Kosovo bei dieser internationalen Veranstaltung, an der junge Menschen und Forschende aus Dutzenden L\u00e4ndern teilnahmen.<\/p>\n<p>Sein Projekt zielt darauf ab, K\u00fcnstliche Intelligenz f\u00fcr die Erkennung und Verarbeitung der albanischen Geb\u00e4rdensprache einzusetzen und damit neue M\u00f6glichkeiten f\u00fcr die Entwicklung technologischer Werkzeuge f\u00fcr die Gemeinschaft der Menschen zu schaffen, die diese Sprache verwenden.<\/p>\n","protected":false},"excerpt":{"rendered":"<p>Gjergj \u00c7uni wurde bei der EEML 2026 mit dem &#8220;Best Poster Award&#8221; f\u00fcr ein Projekt ausgezeichnet, das die Entwicklung des ersten Machine-Learning-Systems f\u00fcr die albanische Geb\u00e4rdensprache zum Ziel hat.<\/p>\n","protected":false},"author":6,"featured_media":948628,"comment_status":"closed","ping_status":"closed","sticky":false,"template":"","format":"standard","meta":{"footnotes":""},"categories":[33056,23263,1131,3952,23262,24621,1129,1133],"tags":[],"vendi":[],"content_country":[],"class_list":["post-948816","post","type-post","status-publish","format-standard","has-post-thumbnail","hentry","category-de-balkani-de","category-kosova-de-2","category-investitionen","category-kosova-de","category-at-balkani-de","category-kosova-de-3","category-ch-balkan","category-e-diaspora-de"],"acf":[],"_links":{"self":[{"href":"https:\/\/www.albinfo.at\/de\/wp-json\/wp\/v2\/posts\/948816","targetHints":{"allow":["GET"]}}],"collection":[{"href":"https:\/\/www.albinfo.at\/de\/wp-json\/wp\/v2\/posts"}],"about":[{"href":"https:\/\/www.albinfo.at\/de\/wp-json\/wp\/v2\/types\/post"}],"author":[{"embeddable":true,"href":"https:\/\/www.albinfo.at\/de\/wp-json\/wp\/v2\/users\/6"}],"replies":[{"embeddable":true,"href":"https:\/\/www.albinfo.at\/de\/wp-json\/wp\/v2\/comments?post=948816"}],"version-history":[{"count":1,"href":"https:\/\/www.albinfo.at\/de\/wp-json\/wp\/v2\/posts\/948816\/revisions"}],"predecessor-version":[{"id":948817,"href":"https:\/\/www.albinfo.at\/de\/wp-json\/wp\/v2\/posts\/948816\/revisions\/948817"}],"wp:featuredmedia":[{"embeddable":true,"href":"https:\/\/www.albinfo.at\/de\/wp-json\/wp\/v2\/media\/948628"}],"wp:attachment":[{"href":"https:\/\/www.albinfo.at\/de\/wp-json\/wp\/v2\/media?parent=948816"}],"wp:term":[{"taxonomy":"category","embeddable":true,"href":"https:\/\/www.albinfo.at\/de\/wp-json\/wp\/v2\/categories?post=948816"},{"taxonomy":"post_tag","embeddable":true,"href":"https:\/\/www.albinfo.at\/de\/wp-json\/wp\/v2\/tags?post=948816"},{"taxonomy":"vendi","embeddable":true,"href":"https:\/\/www.albinfo.at\/de\/wp-json\/wp\/v2\/vendi?post=948816"},{"taxonomy":"content_country","embeddable":true,"href":"https:\/\/www.albinfo.at\/de\/wp-json\/wp\/v2\/content_country?post=948816"}],"curies":[{"name":"wp","href":"https:\/\/api.w.org\/{rel}","templated":true}]}}