{"id":948809,"date":"2026-09-02T13:45:55","date_gmt":"2026-09-02T11:45:55","guid":{"rendered":"https:\/\/www.albinfo.ch\/time-rendit-mira-muratin-mes-100-figurave-me-me-ndikim-ne-inteligjencen-artificiale\/"},"modified":"2026-09-02T21:22:51","modified_gmt":"2026-09-02T19:22:51","slug":"time-rendit-mira-muratin-mes-100-figurave-me-me-ndikim-ne-inteligjencen-artificiale","status":"publish","type":"post","link":"https:\/\/www.albinfo.at\/de\/time-rendit-mira-muratin-mes-100-figurave-me-me-ndikim-ne-inteligjencen-artificiale\/","title":{"rendered":"TIME z\u00e4hlt Mira Murati zu den 100 einflussreichsten Pers\u00f6nlichkeiten im Bereich der K\u00fcnstlichen Intelligenz"},"content":{"rendered":"<p>Das Magazin TIME hat die Liste TIME100 AI 2026 ver\u00f6ffentlicht, in der die 100 einflussreichsten Pers\u00f6nlichkeiten aufgef\u00fchrt sind, die die Entwicklung und Ausrichtung der K\u00fcnstlichen Intelligenz weltweit pr\u00e4gen, berichtet albinfo.ch.<\/p>\n<p>Unter ihnen befindet sich auch Mira Murati, ehemalige Technologiechefin von OpenAI und eine der bekanntesten albanischst\u00e4mmigen Pers\u00f6nlichkeiten in der globalen KI-Branche. Murati ist auf dem weltweiten Cover dieser Ausgabe zu sehen, gemeinsam mit Namen wie Sam Altman, Elon Musk, Dario Amodei, Jeff Bezos, Larry Ellison, Ilya Sutskever und Fei-Fei Li.<\/p>\n<p>TIME hat die 100 Pers\u00f6nlichkeiten in vier Kategorien eingeteilt: F\u00fchrungspers\u00f6nlichkeiten, Innovatoren, Gestalter und Denker. Die Liste umfasst F\u00fchrungskr\u00e4fte gro\u00dfer Technologieunternehmen, Forscher, Unternehmer, politische Entscheidungstr\u00e4ger sowie Pers\u00f6nlichkeiten aus der Kreativbranche.<\/p>\n<p>Unter den ausgew\u00e4hlten Namen befinden sich auch Schauspieler und Kreative wie Ben Affleck und Joseph Gordon-Levitt, was den wachsenden Einfluss der KI auch in der Kreativindustrie widerspiegelt.<\/p>\n<p>TIME-Chefredakteur Sam Jacobs erkl\u00e4rte, dass die diesj\u00e4hrige Liste eine zunehmend &#8220;explosive und disruptive&#8221; KI-Branche widerspiegle, in der technologische, wirtschaftliche, politische und kreative Interessen aufeinandertreffen.<\/p>\n<p>Die TIME-Liste umfasst au\u00dferdem bedeutende Pers\u00f6nlichkeiten aus der chinesischen Technologie- und KI-Branche und unterstreicht damit den zunehmenden Wettbewerb zwischen China und den USA um die Entwicklung und Vorherrschaft bei dieser Technologie.\/Albinfo.ch<\/p>\n","protected":false},"excerpt":{"rendered":"<p>Die ehemalige Technologiechefin von OpenAI ist auf dem weltweiten Cover des TIME100 AI 2026 zu sehen, gemeinsam mit einigen der einflussreichsten Pers\u00f6nlichkeiten der Technologiebranche.<\/p>\n","protected":false},"author":31,"featured_media":948614,"comment_status":"closed","ping_status":"closed","sticky":false,"template":"","format":"standard","meta":{"footnotes":""},"categories":[24636,1134,1135,24631,1133],"tags":[],"vendi":[],"content_country":[29888,31836,31837],"class_list":["post-948809","post","type-post","status-publish","format-standard","has-post-thumbnail","hentry","category-nachrichten-de-4","category-integration","category-frauen","category-nachrichten-de-2","category-e-diaspora-de","content_country-zvicer","content_country-austria-de","content_country-germany-de"],"acf":[],"_links":{"self":[{"href":"https:\/\/www.albinfo.at\/de\/wp-json\/wp\/v2\/posts\/948809","targetHints":{"allow":["GET"]}}],"collection":[{"href":"https:\/\/www.albinfo.at\/de\/wp-json\/wp\/v2\/posts"}],"about":[{"href":"https:\/\/www.albinfo.at\/de\/wp-json\/wp\/v2\/types\/post"}],"author":[{"embeddable":true,"href":"https:\/\/www.albinfo.at\/de\/wp-json\/wp\/v2\/users\/31"}],"replies":[{"embeddable":true,"href":"https:\/\/www.albinfo.at\/de\/wp-json\/wp\/v2\/comments?post=948809"}],"version-history":[{"count":1,"href":"https:\/\/www.albinfo.at\/de\/wp-json\/wp\/v2\/posts\/948809\/revisions"}],"predecessor-version":[{"id":948810,"href":"https:\/\/www.albinfo.at\/de\/wp-json\/wp\/v2\/posts\/948809\/revisions\/948810"}],"wp:featuredmedia":[{"embeddable":true,"href":"https:\/\/www.albinfo.at\/de\/wp-json\/wp\/v2\/media\/948614"}],"wp:attachment":[{"href":"https:\/\/www.albinfo.at\/de\/wp-json\/wp\/v2\/media?parent=948809"}],"wp:term":[{"taxonomy":"category","embeddable":true,"href":"https:\/\/www.albinfo.at\/de\/wp-json\/wp\/v2\/categories?post=948809"},{"taxonomy":"post_tag","embeddable":true,"href":"https:\/\/www.albinfo.at\/de\/wp-json\/wp\/v2\/tags?post=948809"},{"taxonomy":"vendi","embeddable":true,"href":"https:\/\/www.albinfo.at\/de\/wp-json\/wp\/v2\/vendi?post=948809"},{"taxonomy":"content_country","embeddable":true,"href":"https:\/\/www.albinfo.at\/de\/wp-json\/wp\/v2\/content_country?post=948809"}],"curies":[{"name":"wp","href":"https:\/\/api.w.org\/{rel}","templated":true}]}}