{"id":948803,"date":"2026-09-02T12:45:16","date_gmt":"2026-09-02T10:45:16","guid":{"rendered":"https:\/\/www.albinfo.ch\/ambasada-e-kosoves-merr-pjese-ne-embassy-cup-2026-ne-potsdam\/"},"modified":"2026-09-02T21:19:12","modified_gmt":"2026-09-02T19:19:12","slug":"ambasada-e-kosoves-merr-pjese-ne-embassy-cup-2026-ne-potsdam","status":"publish","type":"post","link":"https:\/\/www.albinfo.at\/de\/ambasada-e-kosoves-merr-pjese-ne-embassy-cup-2026-ne-potsdam\/","title":{"rendered":"Die Botschaft des Kosovo nimmt am &#8220;Embassy Cup 2026&#8221; in Potsdam teil"},"content":{"rendered":"<p>Das Team der Botschaft der Republik Kosovo in Deutschland hat auch in diesem Jahr am traditionellen Fu\u00dfballturnier &#8220;Embassy Cup 2026&#8221; teilgenommen, das in Potsdam ausgetragen wurde, berichtet albinfo.ch.<\/p>\n<p>Das Turnier gilt als eine der Sportveranstaltungen, die besonders viele in Berlin akkreditierte diplomatische Missionen zusammenbringt und durch den Sport Raum f\u00fcr Begegnungen und Zusammenarbeit schafft.<\/p>\n<p>An der Veranstaltung nahmen Teams verschiedener diplomatischer Missionen, Vertreter des deutschen Ausw\u00e4rtigen Amtes sowie Institutionen des Landes Brandenburg teil.<\/p>\n<p>Die Botschaft des Kosovo wertete die Teilnahme an dieser Veranstaltung als eine Gelegenheit, den Geist der Freundschaft, Zusammenarbeit und Kommunikation zwischen Vertretern verschiedener L\u00e4nder zu f\u00f6rdern.<\/p>\n<p>In einer nach der Veranstaltung ver\u00f6ffentlichten Mitteilung betonte die Botschaft die Rolle des Sports bei der Ann\u00e4herung von Menschen und der St\u00e4rkung der Beziehungen zwischen Staaten.<\/p>\n<p>&#8220;Denn Sport kennt keine Grenzen, er bringt Menschen zusammen und baut Br\u00fccken zwischen Staaten&#8221;, hei\u00dft es in der Mitteilung der Botschaft des Kosovo.<\/p>\n<p>Der &#8220;Embassy Cup&#8221; ist eine Veranstaltung, die durch Fu\u00dfball Kontakte und freundschaftliche Beziehungen zwischen der diplomatischen Gemeinschaft und den lokalen Institutionen in Deutschland f\u00f6rdern soll. \/Albinfo.ch<\/p>\n","protected":false},"excerpt":{"rendered":"<p>Das Team der Botschaft des Kosovo in Deutschland nahm an dem Sportturnier teil, das Vertreter diplomatischer Missionen und deutscher Institutionen zusammenbrachte.<\/p>\n","protected":false},"author":31,"featured_media":948607,"comment_status":"closed","ping_status":"closed","sticky":false,"template":"","format":"standard","meta":{"footnotes":""},"categories":[24636,24631,1133],"tags":[],"vendi":[],"content_country":[29888,31836,31837],"class_list":["post-948803","post","type-post","status-publish","format-standard","has-post-thumbnail","hentry","category-nachrichten-de-4","category-nachrichten-de-2","category-e-diaspora-de","content_country-zvicer","content_country-austria-de","content_country-germany-de"],"acf":[],"_links":{"self":[{"href":"https:\/\/www.albinfo.at\/de\/wp-json\/wp\/v2\/posts\/948803","targetHints":{"allow":["GET"]}}],"collection":[{"href":"https:\/\/www.albinfo.at\/de\/wp-json\/wp\/v2\/posts"}],"about":[{"href":"https:\/\/www.albinfo.at\/de\/wp-json\/wp\/v2\/types\/post"}],"author":[{"embeddable":true,"href":"https:\/\/www.albinfo.at\/de\/wp-json\/wp\/v2\/users\/31"}],"replies":[{"embeddable":true,"href":"https:\/\/www.albinfo.at\/de\/wp-json\/wp\/v2\/comments?post=948803"}],"version-history":[{"count":1,"href":"https:\/\/www.albinfo.at\/de\/wp-json\/wp\/v2\/posts\/948803\/revisions"}],"predecessor-version":[{"id":948804,"href":"https:\/\/www.albinfo.at\/de\/wp-json\/wp\/v2\/posts\/948803\/revisions\/948804"}],"wp:featuredmedia":[{"embeddable":true,"href":"https:\/\/www.albinfo.at\/de\/wp-json\/wp\/v2\/media\/948607"}],"wp:attachment":[{"href":"https:\/\/www.albinfo.at\/de\/wp-json\/wp\/v2\/media?parent=948803"}],"wp:term":[{"taxonomy":"category","embeddable":true,"href":"https:\/\/www.albinfo.at\/de\/wp-json\/wp\/v2\/categories?post=948803"},{"taxonomy":"post_tag","embeddable":true,"href":"https:\/\/www.albinfo.at\/de\/wp-json\/wp\/v2\/tags?post=948803"},{"taxonomy":"vendi","embeddable":true,"href":"https:\/\/www.albinfo.at\/de\/wp-json\/wp\/v2\/vendi?post=948803"},{"taxonomy":"content_country","embeddable":true,"href":"https:\/\/www.albinfo.at\/de\/wp-json\/wp\/v2\/content_country?post=948803"}],"curies":[{"name":"wp","href":"https:\/\/api.w.org\/{rel}","templated":true}]}}