{"id":948795,"date":"2026-09-02T11:45:44","date_gmt":"2026-09-02T09:45:44","guid":{"rendered":"https:\/\/www.albinfo.ch\/guret-e-adriatikut-behen-art-luan-bajraktari-me-ekspoziten-beneath-the-tongue-a-pebble-ne-kroaci\/"},"modified":"2026-09-02T21:14:19","modified_gmt":"2026-09-02T19:14:19","slug":"guret-e-adriatikut-behen-art-luan-bajraktari-me-ekspoziten-beneath-the-tongue-a-pebble-ne-kroaci","status":"publish","type":"post","link":"https:\/\/www.albinfo.at\/de\/guret-e-adriatikut-behen-art-luan-bajraktari-me-ekspoziten-beneath-the-tongue-a-pebble-ne-kroaci\/","title":{"rendered":"Steine aus der Adria werden zu Kunst: Luan Bajraktari mit der Ausstellung &#8220;Beneath the Tongue, a Pebble&#8221; in Kroatien"},"content":{"rendered":"<p>Der K\u00fcnstler Luan Bajraktari pr\u00e4sentiert in Kroatien die Ausstellung &#8220;Beneath the Tongue, a Pebble&#8221;, die in der Galerija-Galleria Rigo in Novigrad er\u00f6ffnet wurde und bis zum 3. September 2026 zu sehen ist, schreibt albinfo.ch.<\/p>\n<p>Die Ausstellung basiert auf einer Reihe von Arbeiten, die aus Steinen geschaffen wurden, die entlang der Adriak\u00fcste gesammelt wurden. F\u00fcr Bajraktari sind diese Steine nicht einfach nat\u00fcrliche Materialien, sondern Tr\u00e4ger von Erinnerungen und pers\u00f6nlichen Erfahrungen.<\/p>\n<p><a href=\"https:\/\/www.albinfo.ch\/wp-content\/uploads\/2026\/09\/img_2716.jpeg\"><img loading=\"lazy\" decoding=\"async\" class=\"alignnone wp-image-948587\" src=\"https:\/\/www.albinfo.ch\/wp-content\/uploads\/2026\/09\/img_2716-300x200.jpeg\" alt=\"\" width=\"500\" height=\"333\" srcset=\"https:\/\/www.albinfo.at\/wp-content\/uploads\/2026\/09\/img_2716-300x200.jpeg 300w, https:\/\/www.albinfo.at\/wp-content\/uploads\/2026\/09\/img_2716-1024x682.jpeg 1024w, https:\/\/www.albinfo.at\/wp-content\/uploads\/2026\/09\/img_2716-768x512.jpeg 768w, https:\/\/www.albinfo.at\/wp-content\/uploads\/2026\/09\/img_2716-1536x1023.jpeg 1536w, https:\/\/www.albinfo.at\/wp-content\/uploads\/2026\/09\/img_2716-586x389.jpeg 586w, https:\/\/www.albinfo.at\/wp-content\/uploads\/2026\/09\/img_2716-210x141.jpeg 210w, https:\/\/www.albinfo.at\/wp-content\/uploads\/2026\/09\/img_2716-587x391.jpeg 587w, https:\/\/www.albinfo.at\/wp-content\/uploads\/2026\/09\/img_2716-150x100.jpeg 150w, https:\/\/www.albinfo.at\/wp-content\/uploads\/2026\/09\/img_2716-263x175.jpeg 263w, https:\/\/www.albinfo.at\/wp-content\/uploads\/2026\/09\/img_2716.jpeg 1600w\" sizes=\"auto, (max-width: 500px) 100vw, 500px\" \/><\/a><\/p>\n<p>&nbsp;<\/p>\n<p>Eine der zentralen Installationen besteht aus einer mit Steinen bedeckten Fl\u00e4che, \u00fcber die die Besucher gehen k\u00f6nnen. Auf diese Weise bleibt die Erfahrung des Kunstwerks nicht nur visuell, sondern wird auch k\u00f6rperlich sp\u00fcrbar, durch die Schritte, das K\u00f6rpergewicht und den Kontakt mit dem Material.<\/p>\n<p>In einigen Arbeiten wurden die Steine in Bronze nachgebildet. Der Wechsel vom gew\u00f6hnlichen Stein zu einem best\u00e4ndigen Metall schafft eine Verbindung zwischen Erinnerung, Zeit und dem Wunsch, Fragmente der Vergangenheit zu bewahren.<\/p>\n<p><a href=\"https:\/\/www.albinfo.ch\/wp-content\/uploads\/2026\/09\/img_2715-scaled.jpeg\"><img loading=\"lazy\" decoding=\"async\" class=\"alignnone wp-image-948590\" src=\"https:\/\/www.albinfo.ch\/wp-content\/uploads\/2026\/09\/img_2715-212x300.jpeg\" alt=\"\" width=\"500\" height=\"709\" srcset=\"https:\/\/www.albinfo.at\/wp-content\/uploads\/2026\/09\/img_2715-212x300.jpeg 212w, https:\/\/www.albinfo.at\/wp-content\/uploads\/2026\/09\/img_2715-722x1024.jpeg 722w, https:\/\/www.albinfo.at\/wp-content\/uploads\/2026\/09\/img_2715-768x1089.jpeg 768w, https:\/\/www.albinfo.at\/wp-content\/uploads\/2026\/09\/img_2715-1084x1536.jpeg 1084w, https:\/\/www.albinfo.at\/wp-content\/uploads\/2026\/09\/img_2715-1445x2048.jpeg 1445w, https:\/\/www.albinfo.at\/wp-content\/uploads\/2026\/09\/img_2715-169x240.jpeg 169w, https:\/\/www.albinfo.at\/wp-content\/uploads\/2026\/09\/img_2715-279x396.jpeg 279w, https:\/\/www.albinfo.at\/wp-content\/uploads\/2026\/09\/img_2715-71x100.jpeg 71w, https:\/\/www.albinfo.at\/wp-content\/uploads\/2026\/09\/img_2715-123x175.jpeg 123w, https:\/\/www.albinfo.at\/wp-content\/uploads\/2026\/09\/img_2715-scaled.jpeg 1806w\" sizes=\"auto, (max-width: 500px) 100vw, 500px\" \/><\/a><\/p>\n<p>&nbsp;<\/p>\n<p>Bajraktari, geboren 1979, lebt und arbeitet zwischen Wien und Prishtina. Er studierte Bildhauerei an der Akademie der Sch\u00f6nen K\u00fcnste in Prishtina sowie an der Akademie der Sch\u00f6nen K\u00fcnste in Perugia, Italien. In seiner k\u00fcnstlerischen Praxis arbeitet er mit Skulptur, Installation und Zeichnung und besch\u00e4ftigt sich mit Erinnerung, der Verwendung von Objekten und der Frage, wie diese neue Bedeutungen erhalten.<\/p>\n<p>Mit &#8220;Beneath the Tongue, a Pebble&#8221; bringt der K\u00fcnstler die einfachen Steine der K\u00fcste in den Kunstraum zur\u00fcck und verwandelt sie in Objekte, die von Kindheit, Erinnerung und Identit\u00e4t erz\u00e4hlen.\/Albinfo.ch<\/p>\n","protected":false},"excerpt":{"rendered":"<p>&#8220;Beneath the Tongue, a Pebble&#8221;: Luan Bajraktari pr\u00e4sentiert in Kroatien eine Ausstellung \u00fcber Erinnerung, Identit\u00e4t und Kindheit<\/p>\n","protected":false},"author":31,"featured_media":948595,"comment_status":"closed","ping_status":"closed","sticky":false,"template":"","format":"standard","meta":{"footnotes":""},"categories":[24636,1134,24667,22803,23120,24631,1133,1138],"tags":[],"vendi":[],"content_country":[29888,31836,31837],"class_list":["post-948795","post","type-post","status-publish","format-standard","has-post-thumbnail","hentry","category-nachrichten-de-4","category-integration","category-ausstellung","category-leben-in-osterreich-de","category-nachrichten","category-nachrichten-de-2","category-e-diaspora-de","category-kultur","content_country-zvicer","content_country-austria-de","content_country-germany-de"],"acf":[],"_links":{"self":[{"href":"https:\/\/www.albinfo.at\/de\/wp-json\/wp\/v2\/posts\/948795","targetHints":{"allow":["GET"]}}],"collection":[{"href":"https:\/\/www.albinfo.at\/de\/wp-json\/wp\/v2\/posts"}],"about":[{"href":"https:\/\/www.albinfo.at\/de\/wp-json\/wp\/v2\/types\/post"}],"author":[{"embeddable":true,"href":"https:\/\/www.albinfo.at\/de\/wp-json\/wp\/v2\/users\/31"}],"replies":[{"embeddable":true,"href":"https:\/\/www.albinfo.at\/de\/wp-json\/wp\/v2\/comments?post=948795"}],"version-history":[{"count":1,"href":"https:\/\/www.albinfo.at\/de\/wp-json\/wp\/v2\/posts\/948795\/revisions"}],"predecessor-version":[{"id":948796,"href":"https:\/\/www.albinfo.at\/de\/wp-json\/wp\/v2\/posts\/948795\/revisions\/948796"}],"wp:featuredmedia":[{"embeddable":true,"href":"https:\/\/www.albinfo.at\/de\/wp-json\/wp\/v2\/media\/948595"}],"wp:attachment":[{"href":"https:\/\/www.albinfo.at\/de\/wp-json\/wp\/v2\/media?parent=948795"}],"wp:term":[{"taxonomy":"category","embeddable":true,"href":"https:\/\/www.albinfo.at\/de\/wp-json\/wp\/v2\/categories?post=948795"},{"taxonomy":"post_tag","embeddable":true,"href":"https:\/\/www.albinfo.at\/de\/wp-json\/wp\/v2\/tags?post=948795"},{"taxonomy":"vendi","embeddable":true,"href":"https:\/\/www.albinfo.at\/de\/wp-json\/wp\/v2\/vendi?post=948795"},{"taxonomy":"content_country","embeddable":true,"href":"https:\/\/www.albinfo.at\/de\/wp-json\/wp\/v2\/content_country?post=948795"}],"curies":[{"name":"wp","href":"https:\/\/api.w.org\/{rel}","templated":true}]}}