{"id":948786,"date":"2026-09-02T10:45:54","date_gmt":"2026-09-02T08:45:54","guid":{"rendered":"https:\/\/www.albinfo.ch\/cendrine-berisha-nga-zvicra-drejt-skenes-se-modes-shpallet-miss-inteligjenca-kosova-2026\/"},"modified":"2026-09-02T21:08:53","modified_gmt":"2026-09-02T19:08:53","slug":"cendrine-berisha-nga-zvicra-drejt-skenes-se-modes-shpallet-miss-inteligjenca-kosova-2026","status":"publish","type":"post","link":"https:\/\/www.albinfo.at\/de\/cendrine-berisha-nga-zvicra-drejt-skenes-se-modes-shpallet-miss-inteligjenca-kosova-2026\/","title":{"rendered":"Cendrine Berisha, von der Schweiz auf die Modeb\u00fchne, zur \u201cMiss Intelligence Kosovo 2026\u201d gek\u00fcrt"},"content":{"rendered":"<p>Cendrine Berisha, die in der Schweiz geboren und aufgewachsen ist, aber aus dem Kosovo stammt, macht weitere Schritte auf ihrem Weg in der Mode- und Modelwelt, berichtet albinfo.ch.<\/p>\n<p>F\u00fcr das Jahr 2026 entschied sich Berisha, an Miss Kosova teilzunehmen, eine Erfahrung, die ihr auch eine bedeutende Auszeichnung einbrachte. Nach Abschluss des Wettbewerbs wurde sie mit dem Titel \u201cMiss Intelligence Kosovo 2026\u201d ausgezeichnet und hob sich damit unter den anderen Teilnehmerinnen des Wettbewerbs hervor.<\/p>\n<p>Dieser Titel markiert eine weitere Etappe in ihrer Karriere, die inzwischen auch internationale Dimensionen annimmt.<\/p>\n<p>&nbsp;<\/p>\n<p><a href=\"https:\/\/www.albinfo.ch\/wp-content\/uploads\/2026\/09\/img_2712.jpeg\"><img loading=\"lazy\" decoding=\"async\" class=\"alignnone wp-image-948576\" src=\"https:\/\/www.albinfo.ch\/wp-content\/uploads\/2026\/09\/img_2712-275x300.jpeg\" alt=\"\" width=\"500\" height=\"546\" srcset=\"https:\/\/www.albinfo.at\/wp-content\/uploads\/2026\/09\/img_2712-275x300.jpeg 275w, https:\/\/www.albinfo.at\/wp-content\/uploads\/2026\/09\/img_2712-937x1024.jpeg 937w, https:\/\/www.albinfo.at\/wp-content\/uploads\/2026\/09\/img_2712-768x839.jpeg 768w, https:\/\/www.albinfo.at\/wp-content\/uploads\/2026\/09\/img_2712-362x396.jpeg 362w, https:\/\/www.albinfo.at\/wp-content\/uploads\/2026\/09\/img_2712-92x100.jpeg 92w, https:\/\/www.albinfo.at\/wp-content\/uploads\/2026\/09\/img_2712-160x175.jpeg 160w, https:\/\/www.albinfo.at\/wp-content\/uploads\/2026\/09\/img_2712.jpeg 1284w\" sizes=\"auto, (max-width: 500px) 100vw, 500px\" \/><\/a><\/p>\n<p>&nbsp;<\/p>\n<p><strong>Von der Schweiz in die internationale Modewelt<\/strong><\/p>\n<p>Berisha hat nach und nach Erfahrung im Modelbereich gesammelt und hatte die M\u00f6glichkeit, in mehreren bekannten Modemagazinen in den Vereinigten Staaten zu erscheinen.<\/p>\n<p>Zu den Publikationen, in denen sie vorgestellt wurde, geh\u00f6ren Ellements Magazine, Stylecruze Magazine und Fashion Republic Magazine.<\/p>\n<p>Neben ihren redaktionellen Auftritten hat sie auch mit Modelagenturen in der Schweiz, in Deutschland und in Dubai zusammengearbeitet und dadurch ihre Erfahrung sowie ihr berufliches Netzwerk in der Modebranche erweitert.<\/p>\n<p>F\u00fcr Berisha sind diese Engagements wichtige Schritte beim Aufbau einer Karriere, die \u00fcber die Grenzen der Schweiz hinausreichen soll.<\/p>\n<p><strong>Eine wichtige Erfahrung bei &#8220;Miss Europe Continental&#8221;<\/strong><\/p>\n<p>Ein weiteres Kapitel ihres Weges war die Teilnahme an &#8220;Miss Europe Continental&#8221;, wo sie die Schweiz vertrat.<\/p>\n<p>Berisha beschrieb diese Erfahrung als eine besondere Gelegenheit, weitere Erfahrungen im Modelbereich zu sammeln, neue Menschen kennenzulernen und sich auf einer internationaleren Ebene dieses Wettbewerbs zu pr\u00e4sentieren.<\/p>\n<p>Die Vertretung der Schweiz bei diesem Wettbewerb war f\u00fcr sie ein wichtiger Moment auf ihrem bisherigen Weg. Die dabei gesammelten Erfahrungen haben ihr zugleich bei ihrer weiteren beruflichen Entwicklung geholfen.<\/p>\n<p class=\"p1\"><a href=\"https:\/\/www.albinfo.ch\/wp-content\/uploads\/2026\/09\/img_2711.jpeg\"><img loading=\"lazy\" decoding=\"async\" class=\"alignnone wp-image-948579\" src=\"https:\/\/www.albinfo.ch\/wp-content\/uploads\/2026\/09\/img_2711-243x300.jpeg\" alt=\"\" width=\"500\" height=\"616\" srcset=\"https:\/\/www.albinfo.at\/wp-content\/uploads\/2026\/09\/img_2711-243x300.jpeg 243w, https:\/\/www.albinfo.at\/wp-content\/uploads\/2026\/09\/img_2711-831x1024.jpeg 831w, https:\/\/www.albinfo.at\/wp-content\/uploads\/2026\/09\/img_2711-768x946.jpeg 768w, https:\/\/www.albinfo.at\/wp-content\/uploads\/2026\/09\/img_2711-1247x1536.jpeg 1247w, https:\/\/www.albinfo.at\/wp-content\/uploads\/2026\/09\/img_2711-321x396.jpeg 321w, https:\/\/www.albinfo.at\/wp-content\/uploads\/2026\/09\/img_2711-81x100.jpeg 81w, https:\/\/www.albinfo.at\/wp-content\/uploads\/2026\/09\/img_2711-142x175.jpeg 142w, https:\/\/www.albinfo.at\/wp-content\/uploads\/2026\/09\/img_2711.jpeg 1284w\" sizes=\"auto, (max-width: 500px) 100vw, 500px\" \/><\/a><\/p>\n<p>&nbsp;<\/p>\n<p><strong>Vier Jahre Theatererfahrung<\/strong><\/p>\n<p>Der Weg von Cendrine Berisha beschr\u00e4nkt sich nicht nur auf das Modeln, berichtet albinfo.ch weiter.<\/p>\n<p>Sie verf\u00fcgt auch \u00fcber vier Jahre Theatererfahrung, die ihrer Aussage nach eine wichtige Rolle in ihrer pers\u00f6nlichen und beruflichen Entwicklung gespielt hat.<\/p>\n<p>Die Arbeit auf der B\u00fchne hat ihr geholfen, ihr Selbstvertrauen, ihre Kommunikationsf\u00e4higkeit und ihr Auftreten vor Publikum zu st\u00e4rken, F\u00e4higkeiten, die auch in der Modewelt und bei Sch\u00f6nheitswettbewerben von gro\u00dfer Bedeutung sind.<\/p>\n<p><strong>Ein neues Kapitel mit &#8220;Miss Intelligence Kosovo 2026&#8221;<\/strong><\/p>\n<p>Mit dem Titel &#8220;Miss Intelligence Kosovo 2026&#8221; beginnt f\u00fcr Cendrine Berisha nun ein neues Kapitel auf ihrem Weg.<\/p>\n<p>Von der Schweiz, wo sie geboren wurde und ihre ersten Schritte im Modelbereich gemacht hat, \u00fcber die Zusammenarbeit mit Agenturen in verschiedenen L\u00e4ndern bis hin zu Auftritten in internationalen Magazinen entwickelt sich ihre Karriere schrittweise in einer Branche, in der Erfahrung, Selbstvertrauen und Engagement eine wichtige Rolle spielen.<\/p>\n<p>Die Vertretung des Kosovo auf diesem Weg hat f\u00fcr sie eine besondere Bedeutung, w\u00e4hrend der im Jahr 2026 gewonnene Titel ihre bisherigen Erfahrungen in der Modewelt erg\u00e4nzt.<\/p>\n<p>Die Geschichte von Cendrine Berisha ist ein weiteres Beispiel f\u00fcr junge Menschen mit Wurzeln im Kosovo, die in der Diaspora aufwachsen, ihren beruflichen Weg aufbauen und gleichzeitig die Verbindung zu ihrem Herkunftsland bewahren.\/Albinfo.ch<\/p>\n<blockquote class=\"wp-embedded-content\" data-secret=\"vHkMXldXvZ\"><p><a href=\"https:\/\/www.albinfo.ch\/cendrine-berisha-nga-zvicra-drejt-botes-se-modes\/\">Cendrine Berisha, nga Zvicra drejt bot\u00ebs s\u00eb mod\u00ebs<\/a><\/p><\/blockquote>\n<p><iframe loading=\"lazy\" class=\"wp-embedded-content\" sandbox=\"allow-scripts\" security=\"restricted\" style=\"position: absolute; visibility: hidden;\" title=\"&#8220;Cendrine Berisha, nga Zvicra drejt bot\u00ebs s\u00eb mod\u00ebs&#8221; &#8212; Albinfo\" src=\"https:\/\/www.albinfo.ch\/cendrine-berisha-nga-zvicra-drejt-botes-se-modes\/embed\/#?secret=bze2pnp8o1#?secret=vHkMXldXvZ\" data-secret=\"vHkMXldXvZ\" width=\"587\" height=\"331\" frameborder=\"0\" marginwidth=\"0\" marginheight=\"0\" scrolling=\"no\"><\/iframe><\/p>\n","protected":false},"excerpt":{"rendered":"<p>Das Model mit kosovarischen Wurzeln baut ihre Karriere in der Mode und im Modelbusiness auf und tr\u00e4gt inzwischen den Titel \u201cMiss Intelligence Kosovo 2026\u201d.<\/p>\n","protected":false},"author":31,"featured_media":948584,"comment_status":"closed","ping_status":"closed","sticky":false,"template":"","format":"standard","meta":{"footnotes":""},"categories":[34918,23263,24636,3952,23262,24631,24673,1129,1133,1138],"tags":[],"vendi":[],"content_country":[29888,31836,31837],"class_list":["post-948786","post","type-post","status-publish","format-standard","has-post-thumbnail","hentry","category-andere-de-5","category-kosova-de-2","category-nachrichten-de-4","category-kosova-de","category-at-balkani-de","category-nachrichten-de-2","category-lifestyle-de","category-ch-balkan","category-e-diaspora-de","category-kultur","content_country-zvicer","content_country-austria-de","content_country-germany-de"],"acf":[],"_links":{"self":[{"href":"https:\/\/www.albinfo.at\/de\/wp-json\/wp\/v2\/posts\/948786","targetHints":{"allow":["GET"]}}],"collection":[{"href":"https:\/\/www.albinfo.at\/de\/wp-json\/wp\/v2\/posts"}],"about":[{"href":"https:\/\/www.albinfo.at\/de\/wp-json\/wp\/v2\/types\/post"}],"author":[{"embeddable":true,"href":"https:\/\/www.albinfo.at\/de\/wp-json\/wp\/v2\/users\/31"}],"replies":[{"embeddable":true,"href":"https:\/\/www.albinfo.at\/de\/wp-json\/wp\/v2\/comments?post=948786"}],"version-history":[{"count":2,"href":"https:\/\/www.albinfo.at\/de\/wp-json\/wp\/v2\/posts\/948786\/revisions"}],"predecessor-version":[{"id":948788,"href":"https:\/\/www.albinfo.at\/de\/wp-json\/wp\/v2\/posts\/948786\/revisions\/948788"}],"wp:featuredmedia":[{"embeddable":true,"href":"https:\/\/www.albinfo.at\/de\/wp-json\/wp\/v2\/media\/948584"}],"wp:attachment":[{"href":"https:\/\/www.albinfo.at\/de\/wp-json\/wp\/v2\/media?parent=948786"}],"wp:term":[{"taxonomy":"category","embeddable":true,"href":"https:\/\/www.albinfo.at\/de\/wp-json\/wp\/v2\/categories?post=948786"},{"taxonomy":"post_tag","embeddable":true,"href":"https:\/\/www.albinfo.at\/de\/wp-json\/wp\/v2\/tags?post=948786"},{"taxonomy":"vendi","embeddable":true,"href":"https:\/\/www.albinfo.at\/de\/wp-json\/wp\/v2\/vendi?post=948786"},{"taxonomy":"content_country","embeddable":true,"href":"https:\/\/www.albinfo.at\/de\/wp-json\/wp\/v2\/content_country?post=948786"}],"curies":[{"name":"wp","href":"https:\/\/api.w.org\/{rel}","templated":true}]}}