{"id":948572,"date":"2026-09-01T19:45:29","date_gmt":"2026-09-01T17:45:29","guid":{"rendered":"https:\/\/www.albinfo.ch\/rame-dardania-me-vepren-e-tij-ne-sheshin-e-kombeve-ne-gjeneve\/"},"modified":"2026-09-01T23:18:50","modified_gmt":"2026-09-01T21:18:50","slug":"rame-dardania-me-vepren-e-tij-ne-sheshin-e-kombeve-ne-gjeneve","status":"publish","type":"post","link":"https:\/\/www.albinfo.at\/de\/rame-dardania-me-vepren-e-tij-ne-sheshin-e-kombeve-ne-gjeneve\/","title":{"rendered":"Ram\u00eb Dardania mit seinem Werk auf dem Place des Nations in Genf"},"content":{"rendered":"<p>Im Herzen von Genf, gegen\u00fcber dem Palais des Nations, pr\u00e4sentierte der K\u00fcnstler Ram\u00eb Dardania eine eindrucksvolle Kunstinstallation, die den Opfern des Verschwindenlassens gewidmet war. Damit verwandelte er Kunst in einen Akt des Erinnerns, der Sensibilisierung und des Aufrufs nach Gerechtigkeit.<\/p>\n<p>Das Werk wurde am 30. August im Rahmen des Marsches f\u00fcr Gerechtigkeit pr\u00e4sentiert, der anl\u00e4sslich des Internationalen Tages der Opfer des Verschwindenlassens organisiert wurde. An einem Ort, der f\u00fcr Diplomatie, Dialog und Menschenrechte steht, brachte Ram\u00eb Dardanias Installation eine Wunde vor die \u00d6ffentlichkeit, die weder verborgen bleiben kann noch verborgen bleiben darf.<\/p>\n<p>Mit Alltagsgegenst\u00e4nden, die in einer stillen, aber ersch\u00fctternden Komposition angeordnet waren, erinnerte der K\u00fcnstler an die Abwesenheit jener Menschen, die gewaltsam verschleppt wurden und nie zur\u00fcckkehrten. Die leeren St\u00fchle, Kleidungsst\u00fccke, Schuhe und weiteren Elemente der Installation waren nicht l\u00e4nger blo\u00dfe Gegenst\u00e4nde. Sie wurden zu Zeichen unterbrochener Leben, endlosen Wartens und der Leere, die die vermissten Personen in ihren Familien hinterlassen haben.<\/p>\n<p>Eine besonders starke Dimension erhielt das Werk jedoch durch die k\u00f6rperliche Einbindung des K\u00fcnstlers selbst inmitten der statischen Objekte der Installation. Ram\u00eb Dardania blieb nicht als Beobachter au\u00dferhalb seines Werkes. Er wurde selbst Teil davon und schuf so eine direkte Verbindung zwischen dem lebenden K\u00f6rper und den Spuren jener, die fehlen.<\/p>\n<p>Auf diese Weise verschwand die Grenze zwischen dem Kunstwerk und der menschlichen Realit\u00e4t beinahe vollst\u00e4ndig. Die Pr\u00e4senz des K\u00fcnstlers zwischen den unbeweglichen Objekten schuf einen starken Kontrast: auf der einen Seite das Leben, das weitergeht, auf der anderen die Abwesenheit jener Menschen, auf deren Schicksal ihre Familien noch immer eine Antwort erwarten.<\/p>\n<p>In der Stadt, die Diplomatie und Menschenrechte symbolisiert, brachte Ram\u00eb Dardania eine Wunde vor die \u00d6ffentlichkeit, die nicht verborgen bleiben kann. Mit der universellen Sprache der Kunst gab er den Abwesenden Pr\u00e4senz und den Familien, die weiterhin nach Antworten suchen, eine Stimme, indem er seine k\u00fcnstlerische Figur k\u00f6rperlich in die statischen Objekte integrierte.<\/p>\n<p><a href=\"https:\/\/www.albinfo.ch\/wp-content\/uploads\/2026\/09\/70689d38-3e25-4d37-a387-00a84234cb8e.jpg\"><img loading=\"lazy\" decoding=\"async\" class=\"alignnone wp-image-948463\" src=\"https:\/\/www.albinfo.ch\/wp-content\/uploads\/2026\/09\/70689d38-3e25-4d37-a387-00a84234cb8e.jpg\" alt=\"\" width=\"525\" height=\"700\" srcset=\"https:\/\/www.albinfo.at\/wp-content\/uploads\/2026\/09\/70689d38-3e25-4d37-a387-00a84234cb8e.jpg 1500w, https:\/\/www.albinfo.at\/wp-content\/uploads\/2026\/09\/70689d38-3e25-4d37-a387-00a84234cb8e-225x300.jpg 225w, https:\/\/www.albinfo.at\/wp-content\/uploads\/2026\/09\/70689d38-3e25-4d37-a387-00a84234cb8e-768x1024.jpg 768w, https:\/\/www.albinfo.at\/wp-content\/uploads\/2026\/09\/70689d38-3e25-4d37-a387-00a84234cb8e-1152x1536.jpg 1152w, https:\/\/www.albinfo.at\/wp-content\/uploads\/2026\/09\/70689d38-3e25-4d37-a387-00a84234cb8e-297x396.jpg 297w, https:\/\/www.albinfo.at\/wp-content\/uploads\/2026\/09\/70689d38-3e25-4d37-a387-00a84234cb8e-75x100.jpg 75w, https:\/\/www.albinfo.at\/wp-content\/uploads\/2026\/09\/70689d38-3e25-4d37-a387-00a84234cb8e-131x175.jpg 131w\" sizes=\"auto, (max-width: 525px) 100vw, 525px\" \/><\/a><\/p>\n<p>Die Installation brauchte nicht viele Worte. Ihr Schweigen sprach f\u00fcr sich. Jeder leere Stuhl konnte der Platz eines Vaters, einer Mutter, eines Sohnes, einer Tochter, einer Schwester oder eines Bruders sein, der nie nach Hause zur\u00fcckgekehrt ist. Jeder Gegenstand trug symbolisch die Spur eines Lebens und einer Geschichte, die in der Schwebe geblieben ist.<\/p>\n<p data-start=\"359\" data-end=\"508\">Genau darin liegt die Kraft des Werkes von Ram\u00eb Dardania: Es verwandelt Abwesenheit in Pr\u00e4senz und individuelle Erinnerung in kollektives Ged\u00e4chtnis.<\/p>\n<p data-start=\"510\" data-end=\"943\">Auf dem Place des Nations, gegen\u00fcber den internationalen Institutionen, erhielt das Werk eine Dimension, die \u00fcber die Grenzen einer einzelnen Gemeinschaft oder eines einzelnen Landes hinausging. Das gewaltsame Verschwindenlassen hat Menschen und Familien in verschiedenen L\u00e4ndern der Welt betroffen. Aus diesem Grund wurde die Installation zu einer gemeinsamen Sprache f\u00fcr Schmerz, Warten, Erinnerung und die Forderung nach Wahrheit.<\/p>\n<p data-start=\"945\" data-end=\"1211\">Die Kunst von Ram\u00eb Dardania will nicht nur an die Vergangenheit erinnern. Sie stellt das Publikum vor eine Frage der Gegenwart: Welche Verantwortung tragen wir gegen\u00fcber jenen, die noch immer vermisst werden, und gegen\u00fcber den Familien, die weiterhin auf sie warten?<\/p>\n<p data-start=\"1213\" data-end=\"1330\" data-is-last-node=\"\" data-is-only-node=\"\">In Genf kam die Antwort am 30. August durch die Erinnerung, aber auch als Ausdruck von Widerstandskraft und Hoffnung.<\/p>\n<p><a href=\"https:\/\/www.albinfo.ch\/wp-content\/uploads\/2026\/08\/performanca.jpg\"><img loading=\"lazy\" decoding=\"async\" class=\"alignnone wp-image-947996\" src=\"https:\/\/www.albinfo.ch\/wp-content\/uploads\/2026\/08\/performanca.jpg\" alt=\"rame dardania dhe ekspozita e tij ne Llozane\" width=\"567\" height=\"400\" srcset=\"https:\/\/www.albinfo.at\/wp-content\/uploads\/2026\/08\/performanca.jpg 2048w, https:\/\/www.albinfo.at\/wp-content\/uploads\/2026\/08\/performanca-300x212.jpg 300w, https:\/\/www.albinfo.at\/wp-content\/uploads\/2026\/08\/performanca-1024x723.jpg 1024w, https:\/\/www.albinfo.at\/wp-content\/uploads\/2026\/08\/performanca-768x542.jpg 768w, https:\/\/www.albinfo.at\/wp-content\/uploads\/2026\/08\/performanca-1536x1084.jpg 1536w, https:\/\/www.albinfo.at\/wp-content\/uploads\/2026\/08\/performanca-561x396.jpg 561w, https:\/\/www.albinfo.at\/wp-content\/uploads\/2026\/08\/performanca-142x100.jpg 142w, https:\/\/www.albinfo.at\/wp-content\/uploads\/2026\/08\/performanca-248x175.jpg 248w\" sizes=\"auto, (max-width: 567px) 100vw, 567px\" \/><\/a><\/p>\n<p>Denn solange der Vermissten gedacht wird, bleiben sie Teil unseres kollektiven Bewusstseins.<\/p>\n<p>Nicht nur das Motto dieser internationalen Gedenkveranstaltung, &#8220;Solange wir uns an sie erinnern, leben sie&#8221;, das in Genf inzwischen gut bekannt ist, reicht mittlerweile \u00fcber die Stadt hinaus. Es gewinnt auch in einem gr\u00f6\u00dferen geografischen Raum an Bedeutung und tr\u00e4gt dazu bei, Strukturen und Institutionen auch auf internationaler Ebene zu sensibilisieren.<\/p>\n<p>Die Initiativen des Genfer Kulturvereins &#8220;Dora d&#8217;Istria&#8221; bei Projekten dieser Art werden nicht nur mit gro\u00dfem Engagement und hoher Professionalit\u00e4t organisiert, sondern regen auch zum Nachdenken dar\u00fcber an, dass nicht allein k\u00fcnstlerisches Schaffen ein multikulturelles Publikum beeindrucken kann, wie in diesem Fall das Werk von Ram\u00eb Dardania. Auch die Kreativit\u00e4t dieses Vereins entwickelt sich zunehmend zu einem Schl\u00fcssel f\u00fcr eine offene und inklusive Plattform innerhalb der Schweizer Gesellschaft.<\/p>\n","protected":false},"excerpt":{"rendered":"<p>Im Herzen von Genf, gegen\u00fcber dem Palais des Nations, pr\u00e4sentierte der K\u00fcnstler Ram\u00eb Dardania eine eindrucksvolle Kunstinstallation, die den Opfern des Verschwindenlassens gewidmet war. Damit verwandelte er Kunst in einen Akt des Erinnerns, der Sensibilisierung und des Aufrufs nach Gerechtigkeit. Das Werk wurde am 30. August im Rahmen des Marsches f\u00fcr Gerechtigkeit pr\u00e4sentiert, der anl\u00e4sslich [&hellip;]<\/p>\n","protected":false},"author":4,"featured_media":948462,"comment_status":"closed","ping_status":"closed","sticky":false,"template":"","format":"standard","meta":{"footnotes":""},"categories":[24636,24667,24006,24631,1133,1138,1140],"tags":[],"vendi":[31847],"content_country":[29888,31836,31837],"class_list":["post-948572","post","type-post","status-publish","format-standard","has-post-thumbnail","hentry","category-nachrichten-de-4","category-ausstellung","category-lajme-jeta-ne-zvicer-de","category-nachrichten-de-2","category-e-diaspora-de","category-kultur","category-leben-in-der-schweiz","vendi-genf","content_country-zvicer","content_country-austria-de","content_country-germany-de"],"acf":[],"_links":{"self":[{"href":"https:\/\/www.albinfo.at\/de\/wp-json\/wp\/v2\/posts\/948572","targetHints":{"allow":["GET"]}}],"collection":[{"href":"https:\/\/www.albinfo.at\/de\/wp-json\/wp\/v2\/posts"}],"about":[{"href":"https:\/\/www.albinfo.at\/de\/wp-json\/wp\/v2\/types\/post"}],"author":[{"embeddable":true,"href":"https:\/\/www.albinfo.at\/de\/wp-json\/wp\/v2\/users\/4"}],"replies":[{"embeddable":true,"href":"https:\/\/www.albinfo.at\/de\/wp-json\/wp\/v2\/comments?post=948572"}],"version-history":[{"count":2,"href":"https:\/\/www.albinfo.at\/de\/wp-json\/wp\/v2\/posts\/948572\/revisions"}],"predecessor-version":[{"id":948574,"href":"https:\/\/www.albinfo.at\/de\/wp-json\/wp\/v2\/posts\/948572\/revisions\/948574"}],"wp:featuredmedia":[{"embeddable":true,"href":"https:\/\/www.albinfo.at\/de\/wp-json\/wp\/v2\/media\/948462"}],"wp:attachment":[{"href":"https:\/\/www.albinfo.at\/de\/wp-json\/wp\/v2\/media?parent=948572"}],"wp:term":[{"taxonomy":"category","embeddable":true,"href":"https:\/\/www.albinfo.at\/de\/wp-json\/wp\/v2\/categories?post=948572"},{"taxonomy":"post_tag","embeddable":true,"href":"https:\/\/www.albinfo.at\/de\/wp-json\/wp\/v2\/tags?post=948572"},{"taxonomy":"vendi","embeddable":true,"href":"https:\/\/www.albinfo.at\/de\/wp-json\/wp\/v2\/vendi?post=948572"},{"taxonomy":"content_country","embeddable":true,"href":"https:\/\/www.albinfo.at\/de\/wp-json\/wp\/v2\/content_country?post=948572"}],"curies":[{"name":"wp","href":"https:\/\/api.w.org\/{rel}","templated":true}]}}