{"id":948564,"date":"2026-09-01T17:45:55","date_gmt":"2026-09-01T15:45:55","guid":{"rendered":"https:\/\/www.albinfo.ch\/libri-per-ukshin-hotin-nje-rast-per-te-reflektuar-per-peshen-e-mendimit-te-tij\/"},"modified":"2026-09-01T23:10:36","modified_gmt":"2026-09-01T21:10:36","slug":"libri-per-ukshin-hotin-nje-rast-per-te-reflektuar-per-peshen-e-mendimit-te-tij","status":"publish","type":"post","link":"https:\/\/www.albinfo.at\/de\/libri-per-ukshin-hotin-nje-rast-per-te-reflektuar-per-peshen-e-mendimit-te-tij\/","title":{"rendered":"Das Buch &#8220;Gespr\u00e4ch durch Gitterst\u00e4be&#8221;, ein Anlass zur Reflexion \u00fcber die Bedeutung des Denkens von Ukshin Hoti"},"content":{"rendered":"<p>Ukshin Hoti, eine der bedeutendsten Symbolfiguren des albanischen Widerstands, geh\u00f6rte zu den wenigen Pers\u00f6nlichkeiten, die Intellektuellen, Denker par excellence und engagierten Aktivisten in sich vereinten. Das Verschwinden einer Pers\u00f6nlichkeit von solchem Format hat die politische und intellektuelle Szene des Kosovo zweifellos gepr\u00e4gt. Seine Pers\u00f6nlichkeit wurde h\u00e4ufig zum Gegenstand von Artikeln, Betrachtungen und B\u00fcchern, die versuchen, seine vielschichtige Figur zu beleuchten, die in der heutigen albanischen Realit\u00e4t stark vermisst wird.<\/p>\n<p><a href=\"https:\/\/www.albinfo.ch\/wp-content\/uploads\/2026\/09\/unbenannt.jpg\"><img loading=\"lazy\" decoding=\"async\" class=\"alignnone wp-image-948425\" src=\"https:\/\/www.albinfo.ch\/wp-content\/uploads\/2026\/09\/unbenannt.jpg\" alt=\"\" width=\"650\" height=\"411\" srcset=\"https:\/\/www.albinfo.at\/wp-content\/uploads\/2026\/09\/unbenannt.jpg 812w, https:\/\/www.albinfo.at\/wp-content\/uploads\/2026\/09\/unbenannt-300x191.jpg 300w, https:\/\/www.albinfo.at\/wp-content\/uploads\/2026\/09\/unbenannt-768x486.jpg 768w, https:\/\/www.albinfo.at\/wp-content\/uploads\/2026\/09\/unbenannt-87x56.jpg 87w, https:\/\/www.albinfo.at\/wp-content\/uploads\/2026\/09\/unbenannt-587x372.jpg 587w, https:\/\/www.albinfo.at\/wp-content\/uploads\/2026\/09\/unbenannt-420x266.jpg 420w, https:\/\/www.albinfo.at\/wp-content\/uploads\/2026\/09\/unbenannt-158x100.jpg 158w, https:\/\/www.albinfo.at\/wp-content\/uploads\/2026\/09\/unbenannt-265x168.jpg 265w\" sizes=\"auto, (max-width: 650px) 100vw, 650px\" \/><\/a><\/p>\n<p>Das Buch &#8220;Gespr\u00e4ch durch Gitterst\u00e4be&#8221; ist vielleicht das passendste Werk, um das brillante politische Denken von Ukshin Hoti aus der Zeit seiner Entstehung in die Gegenwart zu holen und es auch heute sprechen zu lassen. Die Pr\u00e4sentation der franz\u00f6sischen \u00dcbersetzung dieses Buches in Genf, angefertigt vom bekannten Autor und Aktivisten S\u00e9bastien Gricourt, der mittlerweile selbst Teil der albanischen Kulturlandschaft geworden ist, bot die Gelegenheit, \u00fcber die Bedeutung von Hotis Denken nachzudenken, und zwar nicht nur \u00fcber sein politisches Denken.<\/p>\n<p>Das Buch wurde im Rahmen der Veranstaltungen zum Internationalen Tag der Opfer des Verschwindenlassens pr\u00e4sentiert, die am 30. August in Genf stattfanden. Initiiert wurde die Veranstaltung vom Kulturverein &#8220;Dora D&#8217;Istria&#8221; unter der Leitung von Mirishahe Hiler Limani und von zahlreichen weiteren albanischen und anderen Organisationen in der Schweiz unterst\u00fctzt. Die Pr\u00e4sentation in einem solchen Kontext war auch deshalb besonders passend, weil Ukshin Hoti selbst zu den Opfern des Verschwindenlassens z\u00e4hlt. Ein Verschwinden, das bis heute, 27 Jahre sp\u00e4ter, weiterhin r\u00e4tselhaft bleibt.<\/p>\n<p><a href=\"https:\/\/www.albinfo.ch\/wp-content\/uploads\/2026\/09\/att.np2h9yf7gwnxuvnx46kzj2cfaxtowz2frsdjg5lz1o4.jpg\"><img loading=\"lazy\" decoding=\"async\" class=\"alignnone wp-image-948434\" src=\"https:\/\/www.albinfo.ch\/wp-content\/uploads\/2026\/09\/att.np2h9yf7gwnxuvnx46kzj2cfaxtowz2frsdjg5lz1o4.jpg\" alt=\"\" width=\"650\" height=\"467\" srcset=\"https:\/\/www.albinfo.at\/wp-content\/uploads\/2026\/09\/att.np2h9yf7gwnxuvnx46kzj2cfaxtowz2frsdjg5lz1o4.jpg 1314w, https:\/\/www.albinfo.at\/wp-content\/uploads\/2026\/09\/att.np2h9yf7gwnxuvnx46kzj2cfaxtowz2frsdjg5lz1o4-300x216.jpg 300w, https:\/\/www.albinfo.at\/wp-content\/uploads\/2026\/09\/att.np2h9yf7gwnxuvnx46kzj2cfaxtowz2frsdjg5lz1o4-1024x736.jpg 1024w, https:\/\/www.albinfo.at\/wp-content\/uploads\/2026\/09\/att.np2h9yf7gwnxuvnx46kzj2cfaxtowz2frsdjg5lz1o4-768x552.jpg 768w, https:\/\/www.albinfo.at\/wp-content\/uploads\/2026\/09\/att.np2h9yf7gwnxuvnx46kzj2cfaxtowz2frsdjg5lz1o4-551x396.jpg 551w, https:\/\/www.albinfo.at\/wp-content\/uploads\/2026\/09\/att.np2h9yf7gwnxuvnx46kzj2cfaxtowz2frsdjg5lz1o4-139x100.jpg 139w, https:\/\/www.albinfo.at\/wp-content\/uploads\/2026\/09\/att.np2h9yf7gwnxuvnx46kzj2cfaxtowz2frsdjg5lz1o4-244x175.jpg 244w\" sizes=\"auto, (max-width: 650px) 100vw, 650px\" \/><\/a><\/p>\n<p>Der Pr\u00e4sentation ging ein kurzer Dokumentarfilm des Autors Edon Duraku voraus, der sich mit der Pers\u00f6nlichkeit von Ukshin Hoti und den Umst\u00e4nden seines Verschwindens befasst. Im Film kommen mehrere der besten Kenner sowie Familienangeh\u00f6rige des Denkers Ukshin Hoti zu Wort.<\/p>\n<p>An der Vorstellung des Buches &#8220;Bised\u00eb p\u00ebrmes hekurash&#8221; (&#8220;Gespr\u00e4ch durch Gitterst\u00e4be&#8221;), das ins Franz\u00f6sische \u00fcbersetzt wurde, nahmen der \u00dcbersetzer selbst, S\u00e9bastien Gricourt, Driton Kajtazi, Direktor des ISEAL, sowie Milazim Uk\u00ebhaxhaj vom Verband albanischer Kulturschaffender in der Schweiz teil. Die Pr\u00e4sentation auf Albanisch wurde von der in Genf t\u00e4tigen Aktivistin und Kulturschaffenden Nerxhivane Sejdiu Ferati moderiert, w\u00e4hrend den franz\u00f6sischsprachigen Teil Jeremy Seydoux, Redaktionsleiter von TV L\u00e9man Bleu, leitete.<\/p>\n<p><a href=\"https:\/\/www.albinfo.ch\/wp-content\/uploads\/2026\/09\/img_4620-scaled.jpg\"><img loading=\"lazy\" decoding=\"async\" class=\"alignnone wp-image-948431\" src=\"https:\/\/www.albinfo.ch\/wp-content\/uploads\/2026\/09\/img_4620-scaled.jpg\" alt=\"\" width=\"650\" height=\"488\" srcset=\"https:\/\/www.albinfo.at\/wp-content\/uploads\/2026\/09\/img_4620-scaled.jpg 2560w, https:\/\/www.albinfo.at\/wp-content\/uploads\/2026\/09\/img_4620-300x225.jpg 300w, https:\/\/www.albinfo.at\/wp-content\/uploads\/2026\/09\/img_4620-1024x768.jpg 1024w, https:\/\/www.albinfo.at\/wp-content\/uploads\/2026\/09\/img_4620-768x576.jpg 768w, https:\/\/www.albinfo.at\/wp-content\/uploads\/2026\/09\/img_4620-1536x1152.jpg 1536w, https:\/\/www.albinfo.at\/wp-content\/uploads\/2026\/09\/img_4620-2048x1536.jpg 2048w, https:\/\/www.albinfo.at\/wp-content\/uploads\/2026\/09\/img_4620-528x396.jpg 528w, https:\/\/www.albinfo.at\/wp-content\/uploads\/2026\/09\/img_4620-133x100.jpg 133w, https:\/\/www.albinfo.at\/wp-content\/uploads\/2026\/09\/img_4620-233x175.jpg 233w\" sizes=\"auto, (max-width: 650px) 100vw, 650px\" \/><\/a><\/p>\n<p class=\"isSelectedEnd\">Die Pr\u00e4sidentin des Parlaments der Republik und des Kantons Genf, Frau Dilara Bayrak, begr\u00fc\u00dfte die Anwesenden mit einer kurzen Ansprache.<\/p>\n<p class=\"isSelectedEnd\">Auch der Verwaltungsrat der Gemeinde Vernier und ehemalige Gemeindepr\u00e4sident Mathias Buschbeck hie\u00df die Teilnehmenden offiziell willkommen.<\/p>\n<p class=\"isSelectedEnd\">In seiner Rede erkl\u00e4rte Buschbeck, dass ihm die Organisation dieser Veranstaltung in seiner Gemeinde die M\u00f6glichkeit gegeben habe, das Leben, das Werk und das Schicksal von Ukshin Hoti n\u00e4her kennenzulernen. Zugleich zeigte er sich erfreut dar\u00fcber, dass Vernier als kulturell vielf\u00e4ltige Gemeinde R\u00e4ume schafft, in denen Menschen und Gemeinschaften einander nicht nur bei Festen und freudigen Anl\u00e4ssen begegnen, sondern auch durch Geschichten, Erinnerungen und gemeinsam geteilte schmerzliche Erfahrungen.<\/p>\n<p class=\"isSelectedEnd\">Seiner Ansicht nach st\u00e4rkt gerade diese Bereitschaft, auch die schmerzhaften Erfahrungen verschiedener Gemeinschaften kennenzulernen und zu verstehen, das Zusammenleben und die N\u00e4he zwischen den Menschen. In diesem Sinne erhielt der Ukshin Hoti gewidmete Abend eine Bedeutung, die \u00fcber eine einzelne Gemeinschaft hinausging, indem Erinnerung, gegenseitiges Verst\u00e4ndnis und Solidarit\u00e4t in den Mittelpunkt der Begegnung von Menschen unterschiedlicher Herkunft und Geschichte gestellt wurden.<\/p>\n<p class=\"isSelectedEnd\">Auch Martin Staub, Gemeindepr\u00e4sident von Vernier, wo die Buchvorstellung stattfand, richtete im Namen der Gemeinde herzliche Willkommensworte an die Anwesenden. Er w\u00fcrdigte den Willen und den Mut der Organisatoren, den Tag der Opfer des Verschwindenlassens zu begehen, einen Tag, der f\u00fcr seine Mitb\u00fcrgerinnen und Mitb\u00fcrger mit albanischen Wurzeln in der Gemeinde eine besondere Bedeutung hat. Staub betonte zudem den multinationalen Charakter der von ihm geleiteten Gemeinde, der seiner Ansicht nach das gemeinschaftliche Leben bereichert.<\/p>\n<p>Das vorgestellte Buch enth\u00e4lt einen interessanten Briefwechsel zwischen dem gro\u00dfen Schriftsteller Ismail Kadare und dem politischen Gefangenen Ukshin Hoti, einem au\u00dfergew\u00f6hnlichen Intellektuellen und bekannten Politiker mit rebellischem Geist. Auch die Art und Weise, wie dieser Briefwechsel zustande kam, ist eine Geschichte f\u00fcr sich, verbunden mit Opfern und Risiken f\u00fcr die \u00dcberbringer der Briefe und insbesondere f\u00fcr Ukshin Hoti selbst, der hinter Gittern sa\u00df.<\/p>\n<p><a href=\"https:\/\/www.albinfo.ch\/wp-content\/uploads\/2026\/09\/0ae826cb-12bd-45c6-9e85-c8aa5c1e9dfa.jpg\"><img loading=\"lazy\" decoding=\"async\" class=\"alignnone wp-image-948416\" src=\"https:\/\/www.albinfo.ch\/wp-content\/uploads\/2026\/09\/0ae826cb-12bd-45c6-9e85-c8aa5c1e9dfa.jpg\" alt=\"\" width=\"650\" height=\"444\" srcset=\"https:\/\/www.albinfo.at\/wp-content\/uploads\/2026\/09\/0ae826cb-12bd-45c6-9e85-c8aa5c1e9dfa.jpg 1438w, https:\/\/www.albinfo.at\/wp-content\/uploads\/2026\/09\/0ae826cb-12bd-45c6-9e85-c8aa5c1e9dfa-300x205.jpg 300w, https:\/\/www.albinfo.at\/wp-content\/uploads\/2026\/09\/0ae826cb-12bd-45c6-9e85-c8aa5c1e9dfa-1024x699.jpg 1024w, https:\/\/www.albinfo.at\/wp-content\/uploads\/2026\/09\/0ae826cb-12bd-45c6-9e85-c8aa5c1e9dfa-768x524.jpg 768w, https:\/\/www.albinfo.at\/wp-content\/uploads\/2026\/09\/0ae826cb-12bd-45c6-9e85-c8aa5c1e9dfa-580x396.jpg 580w, https:\/\/www.albinfo.at\/wp-content\/uploads\/2026\/09\/0ae826cb-12bd-45c6-9e85-c8aa5c1e9dfa-146x100.jpg 146w, https:\/\/www.albinfo.at\/wp-content\/uploads\/2026\/09\/0ae826cb-12bd-45c6-9e85-c8aa5c1e9dfa-256x175.jpg 256w\" sizes=\"auto, (max-width: 650px) 100vw, 650px\" \/><\/a><\/p>\n<p>Der \u00dcbersetzer des Buches, Herr Gricourt, erl\u00e4uterte die Gr\u00fcnde f\u00fcr seine Entscheidung beziehungsweise die Inspiration, die ihn dazu bewegt hatte, dieses Werk zu \u00fcbersetzen. Er erinnerte daran, dass er Ukshin Hoti bereits seit langer Zeit kannte. Diese Bekanntschaft ging auf besonders interessante Umst\u00e4nde zur\u00fcck: auf die serbischen Gef\u00e4ngnisse, in denen Hoti Ende der 1990er-Jahre inhaftiert war. Gricourt arbeitete damals als Dolmetscher f\u00fcr das Internationale Komitee vom Roten Kreuz und hatte unter anderem die Aufgabe, im Rahmen von Delegationen politische Gefangene in Serbien zu besuchen. Bei einem dieser Besuche wurde er Zeuge davon, wie die Gef\u00e4ngnisbeh\u00f6rden Ukshin Hoti daran hinderten, mit der Delegation zu sprechen. Dabei beeindruckte ihn die starke Pers\u00f6nlichkeit des bedeutenden albanischen Denkers.<\/p>\n<p>&#8220;Erst sp\u00e4ter&#8221;, so der \u00dcbersetzer, &#8220;stie\u00df ich auf das Buch &#8220;Bised\u00eb p\u00ebrmes hekurash&#8221; und war von dem, was ich gelesen hatte, begeistert&#8221;. Die Idee bestand darin, das Werk in mehrere Weltsprachen zu \u00fcbersetzen und damit die internationale \u00d6ffentlichkeit f\u00fcr Ukshin Hoti und andere Opfer des Verschwindenlassens zu sensibilisieren. Bis heute ist jedoch lediglich diese \u00dcbersetzung erschienen, n\u00e4mlich auf Franz\u00f6sisch. Es bleibt zu hoffen, dass das Buch seine Wirkung entfalten kann, indem es an die richtigen und einflussreichen Stellen in der frankophonen Welt gelangt.<\/p>\n<p>\u00dcber das vorgestellte Werk und die Pers\u00f6nlichkeit von Ukshin Hoti sprach auch Driton Kajtazi. Er hob besonders die wertvolle Arbeit des \u00dcbersetzers hervor und \u00e4u\u00dferte sich \u00e4u\u00dferst positiv \u00fcber die Qualit\u00e4t der \u00dcbersetzung sowie dar\u00fcber, wie erfolgreich das Buch in den franz\u00f6sischsprachigen Raum \u00fcbertragen wurde.<\/p>\n<p><a href=\"https:\/\/www.albinfo.ch\/wp-content\/uploads\/2026\/09\/374e4e05-8f65-4609-8d61-e8694257946d.jpg\"><img loading=\"lazy\" decoding=\"async\" class=\"alignnone wp-image-948422\" src=\"https:\/\/www.albinfo.ch\/wp-content\/uploads\/2026\/09\/374e4e05-8f65-4609-8d61-e8694257946d.jpg\" alt=\"\" width=\"650\" height=\"399\" srcset=\"https:\/\/www.albinfo.at\/wp-content\/uploads\/2026\/09\/374e4e05-8f65-4609-8d61-e8694257946d.jpg 1657w, https:\/\/www.albinfo.at\/wp-content\/uploads\/2026\/09\/374e4e05-8f65-4609-8d61-e8694257946d-300x184.jpg 300w, https:\/\/www.albinfo.at\/wp-content\/uploads\/2026\/09\/374e4e05-8f65-4609-8d61-e8694257946d-1024x629.jpg 1024w, https:\/\/www.albinfo.at\/wp-content\/uploads\/2026\/09\/374e4e05-8f65-4609-8d61-e8694257946d-768x472.jpg 768w, https:\/\/www.albinfo.at\/wp-content\/uploads\/2026\/09\/374e4e05-8f65-4609-8d61-e8694257946d-1536x944.jpg 1536w, https:\/\/www.albinfo.at\/wp-content\/uploads\/2026\/09\/374e4e05-8f65-4609-8d61-e8694257946d-587x361.jpg 587w, https:\/\/www.albinfo.at\/wp-content\/uploads\/2026\/09\/374e4e05-8f65-4609-8d61-e8694257946d-163x100.jpg 163w, https:\/\/www.albinfo.at\/wp-content\/uploads\/2026\/09\/374e4e05-8f65-4609-8d61-e8694257946d-265x163.jpg 265w\" sizes=\"auto, (max-width: 650px) 100vw, 650px\" \/><\/a><\/p>\n<p>Der Kulturschaffende Milazim Uk\u00ebhaxhaj setzte sich in seiner Rede daf\u00fcr ein, das Werk von Ukshin Hoti der jungen Generation st\u00e4rker n\u00e4herzubringen, und ging dabei auch auf den Einfluss ein, den dieses Werk auf die kulturelle Entwicklung dieser Generation haben kann.<\/p>\n<p>In der anschlie\u00dfenden Diskussion wurden Fragen dazu aufgeworfen, wie sehr Ukshin Hoti der heutigen albanischen Politik im Kosovo fehlt. Laut Gricourt ist das Fehlen eines Denkens wie jenes von Hoti deutlich sp\u00fcrbar, und viele Prozesse im Kosovo h\u00e4tten sich mit seiner Anwesenheit m\u00f6glicherweise anders entwickelt. Zahlreiche Probleme, die den Fortschritt der staatsbildenden Prozesse behindert haben, h\u00e4tten vermieden werden k\u00f6nnen, wenn Ukshin Hoti noch am Leben und politisch aktiv gewesen w\u00e4re, betonte Gricourt.<\/p>\n<p><a href=\"https:\/\/www.albinfo.ch\/wp-content\/uploads\/2026\/09\/andini.jpg\"><img loading=\"lazy\" decoding=\"async\" class=\"alignnone wp-image-948437\" src=\"https:\/\/www.albinfo.ch\/wp-content\/uploads\/2026\/09\/andini.jpg\" alt=\"\" width=\"650\" height=\"471\" srcset=\"https:\/\/www.albinfo.at\/wp-content\/uploads\/2026\/09\/andini.jpg 1280w, https:\/\/www.albinfo.at\/wp-content\/uploads\/2026\/09\/andini-300x218.jpg 300w, https:\/\/www.albinfo.at\/wp-content\/uploads\/2026\/09\/andini-1024x742.jpg 1024w, https:\/\/www.albinfo.at\/wp-content\/uploads\/2026\/09\/andini-768x557.jpg 768w, https:\/\/www.albinfo.at\/wp-content\/uploads\/2026\/09\/andini-546x396.jpg 546w, https:\/\/www.albinfo.at\/wp-content\/uploads\/2026\/09\/andini-138x100.jpg 138w, https:\/\/www.albinfo.at\/wp-content\/uploads\/2026\/09\/andini-241x175.jpg 241w\" sizes=\"auto, (max-width: 650px) 100vw, 650px\" \/><\/a><\/p>\n<p>Die Buchvorstellung wurde auch durch die Ansprache von Andin Hoti, Minister in der Regierung des Kosovo und Sohn des Denkers und Aktivisten Ukshin Hoti, bereichert. Nachdem er den Organisatoren und dem \u00dcbersetzer des Buches gedankt hatte, beleuchtete er einen weiteren Aspekt der Pers\u00f6nlichkeit von Ukshin Hoti: seine Rolle als Vater und als Mann mit einem bekannten politischen Engagement. Als Vater war Ukshin Hoti in Andins Kindheit und fr\u00fcher Jugend nur wenig pr\u00e4sent. Die vielen Jahre im Gef\u00e4ngnis machten es ihm unm\u00f6glich, das Aufwachsen seiner Kinder mitzuerleben. Deshalb spricht Andin vor allem \u00fcber die Zeit nach dem Verschwinden seines Vaters, eine Zeit voller Schmerz, Stress, langen Wartens, Entt\u00e4uschungen und Hoffnung.<\/p>\n<p>Er berichtete von falschen Versprechungen, die die Familie von Ukshin Hoti immer wieder erhielt, wonach er an diesem oder jenem Ort &#8220;gefunden&#8221; worden sei, und von der Verzweiflung, die jedes Mal folgte, wenn sich diese Hinweise nicht best\u00e4tigten. Dieses Fehlen h\u00e4lt die Familie seit mehr als einem Vierteljahrhundert in Ungewissheit und Angst, ebenso wie mehr als 1.500 weitere Familien von vermissten Personen.<\/p>\n<p><a href=\"https:\/\/www.albinfo.ch\/wp-content\/uploads\/2026\/09\/img_4658.jpg\"><img loading=\"lazy\" decoding=\"async\" class=\"alignnone wp-image-948440\" src=\"https:\/\/www.albinfo.ch\/wp-content\/uploads\/2026\/09\/img_4658.jpg\" alt=\"\" width=\"650\" height=\"498\" srcset=\"https:\/\/www.albinfo.at\/wp-content\/uploads\/2026\/09\/img_4658.jpg 2490w, https:\/\/www.albinfo.at\/wp-content\/uploads\/2026\/09\/img_4658-300x230.jpg 300w, https:\/\/www.albinfo.at\/wp-content\/uploads\/2026\/09\/img_4658-1024x784.jpg 1024w, https:\/\/www.albinfo.at\/wp-content\/uploads\/2026\/09\/img_4658-768x588.jpg 768w, https:\/\/www.albinfo.at\/wp-content\/uploads\/2026\/09\/img_4658-1536x1176.jpg 1536w, https:\/\/www.albinfo.at\/wp-content\/uploads\/2026\/09\/img_4658-2048x1568.jpg 2048w, https:\/\/www.albinfo.at\/wp-content\/uploads\/2026\/09\/img_4658-517x396.jpg 517w, https:\/\/www.albinfo.at\/wp-content\/uploads\/2026\/09\/img_4658-131x100.jpg 131w, https:\/\/www.albinfo.at\/wp-content\/uploads\/2026\/09\/img_4658-229x175.jpg 229w\" sizes=\"auto, (max-width: 650px) 100vw, 650px\" \/><\/a><\/p>\n<p><a href=\"https:\/\/www.albinfo.ch\/wp-content\/uploads\/2026\/09\/13998f32-07ea-4e18-9874-0a177d9ec945.jpg\"><img loading=\"lazy\" decoding=\"async\" class=\"alignnone wp-image-948446\" src=\"https:\/\/www.albinfo.ch\/wp-content\/uploads\/2026\/09\/13998f32-07ea-4e18-9874-0a177d9ec945.jpg\" alt=\"\" width=\"650\" height=\"489\" srcset=\"https:\/\/www.albinfo.at\/wp-content\/uploads\/2026\/09\/13998f32-07ea-4e18-9874-0a177d9ec945.jpg 640w, https:\/\/www.albinfo.at\/wp-content\/uploads\/2026\/09\/13998f32-07ea-4e18-9874-0a177d9ec945-300x225.jpg 300w, https:\/\/www.albinfo.at\/wp-content\/uploads\/2026\/09\/13998f32-07ea-4e18-9874-0a177d9ec945-527x396.jpg 527w, https:\/\/www.albinfo.at\/wp-content\/uploads\/2026\/09\/13998f32-07ea-4e18-9874-0a177d9ec945-133x100.jpg 133w, https:\/\/www.albinfo.at\/wp-content\/uploads\/2026\/09\/13998f32-07ea-4e18-9874-0a177d9ec945-233x175.jpg 233w\" sizes=\"auto, (max-width: 650px) 100vw, 650px\" \/><\/a><\/p>\n<p>Nach der Buchvorstellung folgte ein kurzes k\u00fcnstlerisches Programm. Drei Schauspielerinnen des Vereins &#8220;Bashkimi&#8221; aus Bern pr\u00e4sentierten eine szenische Improvisation zum Thema der Vermissten, w\u00e4hrend die bekannte albanische S\u00e4ngerin Mimoza Nazarko, die in Genf lebt, mehrere Lieder auf Albanisch und Franz\u00f6sisch vortrug und damit f\u00fcr eine angenehme Atmosph\u00e4re im Saal sorgte.<\/p>\n","protected":false},"excerpt":{"rendered":"<p>Die Pr\u00e4sentation der franz\u00f6sischen \u00dcbersetzung von S\u00e9bastien Gricourt in Genf bot Anlass, \u00fcber die Bedeutung des politischen Denkens von Hoti nachzudenken.<\/p>\n","protected":false},"author":4,"featured_media":948430,"comment_status":"closed","ping_status":"closed","sticky":false,"template":"","format":"standard","meta":{"footnotes":""},"categories":[24636,1134,1141,24661,1144,3952,24006,24631,1129,1133,1138,1140],"tags":[],"vendi":[31847],"content_country":[29888,31836,31837],"class_list":["post-948564","post","type-post","status-publish","format-standard","has-post-thumbnail","hentry","category-nachrichten-de-4","category-integration","category-themen","category-literatur","category-veranstaltungen","category-kosova-de","category-lajme-jeta-ne-zvicer-de","category-nachrichten-de-2","category-ch-balkan","category-e-diaspora-de","category-kultur","category-leben-in-der-schweiz","vendi-genf","content_country-zvicer","content_country-austria-de","content_country-germany-de"],"acf":[],"_links":{"self":[{"href":"https:\/\/www.albinfo.at\/de\/wp-json\/wp\/v2\/posts\/948564","targetHints":{"allow":["GET"]}}],"collection":[{"href":"https:\/\/www.albinfo.at\/de\/wp-json\/wp\/v2\/posts"}],"about":[{"href":"https:\/\/www.albinfo.at\/de\/wp-json\/wp\/v2\/types\/post"}],"author":[{"embeddable":true,"href":"https:\/\/www.albinfo.at\/de\/wp-json\/wp\/v2\/users\/4"}],"replies":[{"embeddable":true,"href":"https:\/\/www.albinfo.at\/de\/wp-json\/wp\/v2\/comments?post=948564"}],"version-history":[{"count":2,"href":"https:\/\/www.albinfo.at\/de\/wp-json\/wp\/v2\/posts\/948564\/revisions"}],"predecessor-version":[{"id":948566,"href":"https:\/\/www.albinfo.at\/de\/wp-json\/wp\/v2\/posts\/948564\/revisions\/948566"}],"wp:featuredmedia":[{"embeddable":true,"href":"https:\/\/www.albinfo.at\/de\/wp-json\/wp\/v2\/media\/948430"}],"wp:attachment":[{"href":"https:\/\/www.albinfo.at\/de\/wp-json\/wp\/v2\/media?parent=948564"}],"wp:term":[{"taxonomy":"category","embeddable":true,"href":"https:\/\/www.albinfo.at\/de\/wp-json\/wp\/v2\/categories?post=948564"},{"taxonomy":"post_tag","embeddable":true,"href":"https:\/\/www.albinfo.at\/de\/wp-json\/wp\/v2\/tags?post=948564"},{"taxonomy":"vendi","embeddable":true,"href":"https:\/\/www.albinfo.at\/de\/wp-json\/wp\/v2\/vendi?post=948564"},{"taxonomy":"content_country","embeddable":true,"href":"https:\/\/www.albinfo.at\/de\/wp-json\/wp\/v2\/content_country?post=948564"}],"curies":[{"name":"wp","href":"https:\/\/api.w.org\/{rel}","templated":true}]}}