{"id":948551,"date":"2026-09-01T14:45:42","date_gmt":"2026-09-01T12:45:42","guid":{"rendered":"https:\/\/www.albinfo.ch\/pese-kadete-nga-kosova-diplomojne-ne-akademine-ushtarake-te-turqise\/"},"modified":"2026-09-01T22:55:22","modified_gmt":"2026-09-01T20:55:22","slug":"pese-kadete-nga-kosova-diplomojne-ne-akademine-ushtarake-te-turqise","status":"publish","type":"post","link":"https:\/\/www.albinfo.at\/de\/pese-kadete-nga-kosova-diplomojne-ne-akademine-ushtarake-te-turqise\/","title":{"rendered":"F\u00fcnf Kadetten aus dem Kosovo absolvieren die Milit\u00e4rakademie der T\u00fcrkei"},"content":{"rendered":"<p>F\u00fcnf Kadetten aus dem Kosovo haben ihr Studium an der Milit\u00e4rakademie der Streitkr\u00e4fte der Republik T\u00fcrkei erfolgreich abgeschlossen, berichtet albinfo.ch.<\/p>\n<p>Die Abschlusszeremonie fand im Rahmen der Aktivit\u00e4ten zum t\u00fcrkischen Tag des Sieges statt. Daran nahm auch der amtierende Verteidigungsminister des Kosovo, Ejup Maqedonci, teil.<\/p>\n<p>Bei dieser Gelegenheit gratulierte Maqedonci den kosovarischen Kadetten zu ihrem Engagement, ihrer Disziplin und den w\u00e4hrend der Studienjahre erzielten Leistungen. Zugleich w\u00fcnschte er ihnen viel Erfolg f\u00fcr ihre weitere Karriere und ihren Dienst f\u00fcr die Republik Kosovo.<\/p>\n<p><strong>Treffen mit Pr\u00e4sident Erdogan und Minister G\u00fcler<\/strong><\/p>\n<p>Laut einer Mitteilung des Verteidigungsministeriums traf Maqedonci w\u00e4hrend der Zeremonie auch den t\u00fcrkischen Pr\u00e4sidenten Recep Tayyip Erdo\u011fan sowie den t\u00fcrkischen Verteidigungsminister Ya\u015far G\u00fcler.<\/p>\n<p>Maqedonci \u00fcbermittelte ihnen seine Gl\u00fcckw\u00fcnsche anl\u00e4sslich des t\u00fcrkischen Tags des Sieges.<\/p>\n<p>Im Mittelpunkt der Gespr\u00e4che stand auch die Zusammenarbeit zwischen dem Kosovo und der T\u00fcrkei im Verteidigungsbereich.<\/p>\n<p>&#8220;Die Zusammenarbeit im Verteidigungsbereich zwischen der Republik Kosovo und der Republik T\u00fcrkei ist von gro\u00dfer Bedeutung, und die Unterst\u00fctzung bei der Ausbildung, Schulung und professionellen Vorbereitung neuer milit\u00e4rischer F\u00fchrungskr\u00e4fte ist eines der konkreten Beispiele dieser Zusammenarbeit&#8221;, hei\u00dft es in der Mitteilung des Verteidigungsministeriums.<\/p>\n<p>Der Abschluss der f\u00fcnf Kadetten aus dem Kosovo an der Milit\u00e4rakademie der T\u00fcrkei gilt somit als ein weiterer Schritt im Rahmen der kontinuierlichen Zusammenarbeit zwischen beiden L\u00e4ndern bei der Ausbildung und professionellen Vorbereitung neuer milit\u00e4rischer F\u00fchrungskr\u00e4fte.\/Albinfo.ch<\/p>\n<p>&nbsp;<\/p>\n","protected":false},"excerpt":{"rendered":"<p>Minister Ejup Maqedonci nahm an der Abschlusszeremonie teil und w\u00fcrdigte die Zusammenarbeit zwischen dem Kosovo und der T\u00fcrkei in den Bereichen Verteidigung und milit\u00e4rische Ausbildung.<\/p>\n","protected":false},"author":31,"featured_media":948338,"comment_status":"closed","ping_status":"closed","sticky":false,"template":"","format":"standard","meta":{"footnotes":""},"categories":[23263,3952,23262,24631,1129],"tags":[],"vendi":[],"content_country":[29888,31836,31837],"class_list":["post-948551","post","type-post","status-publish","format-standard","has-post-thumbnail","hentry","category-kosova-de-2","category-kosova-de","category-at-balkani-de","category-nachrichten-de-2","category-ch-balkan","content_country-zvicer","content_country-austria-de","content_country-germany-de"],"acf":[],"_links":{"self":[{"href":"https:\/\/www.albinfo.at\/de\/wp-json\/wp\/v2\/posts\/948551","targetHints":{"allow":["GET"]}}],"collection":[{"href":"https:\/\/www.albinfo.at\/de\/wp-json\/wp\/v2\/posts"}],"about":[{"href":"https:\/\/www.albinfo.at\/de\/wp-json\/wp\/v2\/types\/post"}],"author":[{"embeddable":true,"href":"https:\/\/www.albinfo.at\/de\/wp-json\/wp\/v2\/users\/31"}],"replies":[{"embeddable":true,"href":"https:\/\/www.albinfo.at\/de\/wp-json\/wp\/v2\/comments?post=948551"}],"version-history":[{"count":1,"href":"https:\/\/www.albinfo.at\/de\/wp-json\/wp\/v2\/posts\/948551\/revisions"}],"predecessor-version":[{"id":948552,"href":"https:\/\/www.albinfo.at\/de\/wp-json\/wp\/v2\/posts\/948551\/revisions\/948552"}],"wp:featuredmedia":[{"embeddable":true,"href":"https:\/\/www.albinfo.at\/de\/wp-json\/wp\/v2\/media\/948338"}],"wp:attachment":[{"href":"https:\/\/www.albinfo.at\/de\/wp-json\/wp\/v2\/media?parent=948551"}],"wp:term":[{"taxonomy":"category","embeddable":true,"href":"https:\/\/www.albinfo.at\/de\/wp-json\/wp\/v2\/categories?post=948551"},{"taxonomy":"post_tag","embeddable":true,"href":"https:\/\/www.albinfo.at\/de\/wp-json\/wp\/v2\/tags?post=948551"},{"taxonomy":"vendi","embeddable":true,"href":"https:\/\/www.albinfo.at\/de\/wp-json\/wp\/v2\/vendi?post=948551"},{"taxonomy":"content_country","embeddable":true,"href":"https:\/\/www.albinfo.at\/de\/wp-json\/wp\/v2\/content_country?post=948551"}],"curies":[{"name":"wp","href":"https:\/\/api.w.org\/{rel}","templated":true}]}}