{"id":948545,"date":"2026-09-01T13:45:01","date_gmt":"2026-09-01T11:45:01","guid":{"rendered":"https:\/\/www.albinfo.ch\/shkencetarja-nga-kosova-nderohet-nga-harvard-per-mesimdhenie\/"},"modified":"2026-09-01T22:51:35","modified_gmt":"2026-09-01T20:51:35","slug":"shkencetarja-nga-kosova-nderohet-nga-harvard-per-mesimdhenie","status":"publish","type":"post","link":"https:\/\/www.albinfo.at\/de\/shkencetarja-nga-kosova-nderohet-nga-harvard-per-mesimdhenie\/","title":{"rendered":"Wissenschaftlerin aus dem Kosovo von Harvard f\u00fcr ihre Lehrt\u00e4tigkeit ausgezeichnet"},"content":{"rendered":"<p class=\"isSelectedEnd\">Die albanische Neurowissenschaftlerin aus dem Kosovo, Egzona Morina, ist von der Harvard University mit einem Preis f\u00fcr herausragende Lehrleistungen ausgezeichnet worden, wo sie im Bereich Neurobiologie unterrichtete.<\/p>\n<p class=\"isSelectedEnd\">Morina promovierte in Neurowissenschaften am University College London und setzte anschlie\u00dfend ihre akademische und wissenschaftliche T\u00e4tigkeit an renommierten internationalen Institutionen fort, berichtet <a href=\"http:\/\/albinfo.ch\/\">albinfo.ch.<\/a> Harvard f\u00fchrt sie als Lehrende und als Teil des akademischen Personals, das mit dem Center for Climate, Health and the Global Environment verbunden ist.<\/p>\n<p class=\"isSelectedEnd\">In einem k\u00fcrzlich ver\u00f6ffentlichten Interview erkl\u00e4rte Morina, dass die Auszeichnung f\u00fcr sie \u00fcberraschend gekommen sei und sie zuvor nicht gewusst habe, dass es eine solche Ehrung gebe. Sie sagte, dass sie versucht habe, die Studierenden w\u00e4hrend des Unterrichts wie junge Kolleginnen und Kollegen im Labor zu behandeln und sie direkt in den wissenschaftlichen Prozess einzubeziehen.<\/p>\n<p class=\"isSelectedEnd\">Ihre wissenschaftliche Arbeit konzentriert sich darauf, wie sich das Gehirn an Umweltstress anpasst, sowie auf die Verbindung zwischen Neurowissenschaften, Klima und Gesundheit. Sie ist au\u00dferdem Gr\u00fcnderin der Xheladin and Xhufe Morina Foundation, einer Organisation, die sich zum Ziel gesetzt hat, die STEM-Bildung junger Menschen im Kosovo zu unterst\u00fctzen.<\/p>\n<p>Morina war fr\u00fcher auch als Sportlerin aktiv. Ihr akademischer Weg f\u00fchrte sie vom Kosovo und Belgien zu Institutionen wie UCL, MIT und Harvard.<\/p>\n","protected":false},"excerpt":{"rendered":"<p>Die Neurowissenschaftlerin Egzona Morina wurde von der Harvard University mit einem Preis f\u00fcr herausragende Lehrleistungen ausgezeichnet.<\/p>\n","protected":false},"author":6,"featured_media":948376,"comment_status":"closed","ping_status":"closed","sticky":false,"template":"","format":"standard","meta":{"footnotes":""},"categories":[33056,23263,1135,3952,23262,24621,1129,1133],"tags":[],"vendi":[],"content_country":[29888,31836,31837],"class_list":["post-948545","post","type-post","status-publish","format-standard","has-post-thumbnail","hentry","category-de-balkani-de","category-kosova-de-2","category-frauen","category-kosova-de","category-at-balkani-de","category-kosova-de-3","category-ch-balkan","category-e-diaspora-de","content_country-zvicer","content_country-austria-de","content_country-germany-de"],"acf":[],"_links":{"self":[{"href":"https:\/\/www.albinfo.at\/de\/wp-json\/wp\/v2\/posts\/948545","targetHints":{"allow":["GET"]}}],"collection":[{"href":"https:\/\/www.albinfo.at\/de\/wp-json\/wp\/v2\/posts"}],"about":[{"href":"https:\/\/www.albinfo.at\/de\/wp-json\/wp\/v2\/types\/post"}],"author":[{"embeddable":true,"href":"https:\/\/www.albinfo.at\/de\/wp-json\/wp\/v2\/users\/6"}],"replies":[{"embeddable":true,"href":"https:\/\/www.albinfo.at\/de\/wp-json\/wp\/v2\/comments?post=948545"}],"version-history":[{"count":1,"href":"https:\/\/www.albinfo.at\/de\/wp-json\/wp\/v2\/posts\/948545\/revisions"}],"predecessor-version":[{"id":948546,"href":"https:\/\/www.albinfo.at\/de\/wp-json\/wp\/v2\/posts\/948545\/revisions\/948546"}],"wp:featuredmedia":[{"embeddable":true,"href":"https:\/\/www.albinfo.at\/de\/wp-json\/wp\/v2\/media\/948376"}],"wp:attachment":[{"href":"https:\/\/www.albinfo.at\/de\/wp-json\/wp\/v2\/media?parent=948545"}],"wp:term":[{"taxonomy":"category","embeddable":true,"href":"https:\/\/www.albinfo.at\/de\/wp-json\/wp\/v2\/categories?post=948545"},{"taxonomy":"post_tag","embeddable":true,"href":"https:\/\/www.albinfo.at\/de\/wp-json\/wp\/v2\/tags?post=948545"},{"taxonomy":"vendi","embeddable":true,"href":"https:\/\/www.albinfo.at\/de\/wp-json\/wp\/v2\/vendi?post=948545"},{"taxonomy":"content_country","embeddable":true,"href":"https:\/\/www.albinfo.at\/de\/wp-json\/wp\/v2\/content_country?post=948545"}],"curies":[{"name":"wp","href":"https:\/\/api.w.org\/{rel}","templated":true}]}}