{"id":948539,"date":"2026-09-01T12:45:52","date_gmt":"2026-09-01T10:45:52","guid":{"rendered":"https:\/\/www.albinfo.ch\/shaqiri-po-nis-nga-stoli-por-mbetet-vendimtar-per-baselin\/"},"modified":"2026-09-01T22:47:30","modified_gmt":"2026-09-01T20:47:30","slug":"shaqiri-po-nis-nga-stoli-por-mbetet-vendimtar-per-baselin","status":"publish","type":"post","link":"https:\/\/www.albinfo.at\/de\/shaqiri-po-nis-nga-stoli-por-mbetet-vendimtar-per-baselin\/","title":{"rendered":"Shaqiri startet auf der Bank, bleibt aber entscheidend f\u00fcr den FC Basel"},"content":{"rendered":"<p>Xherdan Shaqiri wurde in den letzten drei Spielen des FC Basel in der Schweizer Super League jeweils von der Bank eingewechselt, nachdem Trainer Stephan Lichtsteiner das Spielsystem ge\u00e4ndert hatte, berichtet albinfo.ch.<\/p>\n<p>Der FC Basel spielt zuletzt im 4-3-3-System statt im zuvor verwendeten 4-2-3-1, in dem Shaqiri eine offensivere Rolle als Spielmacher innehatte.<\/p>\n<p>Der Kapit\u00e4n des FC Basel zeigt sich von der Situation jedoch nicht beunruhigt. Nach dem 3:3-Unentschieden gegen die Young Boys am Samstag erkl\u00e4rte Shaqiri, dass die Entscheidungen des Trainers respektiert werden m\u00fcssten.<\/p>\n<p>&#8220;Ich versuche immer, der Mannschaft zu helfen. Der Trainer entscheidet. Das muss man akzeptieren&#8221;, sagte Shaqiri.<\/p>\n<p>Obwohl er in den letzten drei Spielen nicht in der Startelf stand, war sein Einfluss auf das Spiel des FC Basel jedes Mal deutlich zu sehen, wenn er eingewechselt wurde.<\/p>\n<p>Auch Trainer Stephan Lichtsteiner w\u00fcrdigte zuletzt den Beitrag des albanischen Fu\u00dfballers, der weiterhin zu den wichtigsten Spielern der Schweizer Mannschaft geh\u00f6rt.<\/p>\n<p>In den ersten f\u00fcnf Spielen der Saison 2026\/2027 verbuchte Shaqiri eine Vorlage. \/Albinfo.ch<\/p>\n<p><a href=\"https:\/\/www.albinfo.ch\/wp-content\/uploads\/2026\/09\/screenshot-2026-09-01-104106.png\"><img loading=\"lazy\" decoding=\"async\" class=\"alignnone wp-image-948361\" src=\"https:\/\/www.albinfo.ch\/wp-content\/uploads\/2026\/09\/screenshot-2026-09-01-104106-300x213.png\" alt=\"\" width=\"500\" height=\"355\" srcset=\"https:\/\/www.albinfo.at\/wp-content\/uploads\/2026\/09\/screenshot-2026-09-01-104106-300x213.png 300w, https:\/\/www.albinfo.at\/wp-content\/uploads\/2026\/09\/screenshot-2026-09-01-104106-768x546.png 768w, https:\/\/www.albinfo.at\/wp-content\/uploads\/2026\/09\/screenshot-2026-09-01-104106-557x396.png 557w, https:\/\/www.albinfo.at\/wp-content\/uploads\/2026\/09\/screenshot-2026-09-01-104106-141x100.png 141w, https:\/\/www.albinfo.at\/wp-content\/uploads\/2026\/09\/screenshot-2026-09-01-104106-246x175.png 246w, https:\/\/www.albinfo.at\/wp-content\/uploads\/2026\/09\/screenshot-2026-09-01-104106.png 978w\" sizes=\"auto, (max-width: 500px) 100vw, 500px\" \/><\/a><\/p>\n","protected":false},"excerpt":{"rendered":"<p>Der Kapit\u00e4n des FC Basel wurde in den letzten drei Spielen der Schweizer Super League jeweils eingewechselt, doch der 34-J\u00e4hrige sagt, dass er die Entscheidungen von Trainer Stephan Lichtsteiner respektiert.<\/p>\n","protected":false},"author":31,"featured_media":948360,"comment_status":"closed","ping_status":"closed","sticky":false,"template":"","format":"standard","meta":{"footnotes":""},"categories":[4023,24631,1139],"tags":[],"vendi":[],"content_country":[29888,31836,31837],"class_list":["post-948539","post","type-post","status-publish","format-standard","has-post-thumbnail","hentry","category-futboll-de","category-nachrichten-de-2","category-sport","content_country-zvicer","content_country-austria-de","content_country-germany-de"],"acf":[],"_links":{"self":[{"href":"https:\/\/www.albinfo.at\/de\/wp-json\/wp\/v2\/posts\/948539","targetHints":{"allow":["GET"]}}],"collection":[{"href":"https:\/\/www.albinfo.at\/de\/wp-json\/wp\/v2\/posts"}],"about":[{"href":"https:\/\/www.albinfo.at\/de\/wp-json\/wp\/v2\/types\/post"}],"author":[{"embeddable":true,"href":"https:\/\/www.albinfo.at\/de\/wp-json\/wp\/v2\/users\/31"}],"replies":[{"embeddable":true,"href":"https:\/\/www.albinfo.at\/de\/wp-json\/wp\/v2\/comments?post=948539"}],"version-history":[{"count":1,"href":"https:\/\/www.albinfo.at\/de\/wp-json\/wp\/v2\/posts\/948539\/revisions"}],"predecessor-version":[{"id":948540,"href":"https:\/\/www.albinfo.at\/de\/wp-json\/wp\/v2\/posts\/948539\/revisions\/948540"}],"wp:featuredmedia":[{"embeddable":true,"href":"https:\/\/www.albinfo.at\/de\/wp-json\/wp\/v2\/media\/948360"}],"wp:attachment":[{"href":"https:\/\/www.albinfo.at\/de\/wp-json\/wp\/v2\/media?parent=948539"}],"wp:term":[{"taxonomy":"category","embeddable":true,"href":"https:\/\/www.albinfo.at\/de\/wp-json\/wp\/v2\/categories?post=948539"},{"taxonomy":"post_tag","embeddable":true,"href":"https:\/\/www.albinfo.at\/de\/wp-json\/wp\/v2\/tags?post=948539"},{"taxonomy":"vendi","embeddable":true,"href":"https:\/\/www.albinfo.at\/de\/wp-json\/wp\/v2\/vendi?post=948539"},{"taxonomy":"content_country","embeddable":true,"href":"https:\/\/www.albinfo.at\/de\/wp-json\/wp\/v2\/content_country?post=948539"}],"curies":[{"name":"wp","href":"https:\/\/api.w.org\/{rel}","templated":true}]}}