{"id":948533,"date":"2026-09-01T11:45:31","date_gmt":"2026-09-01T09:45:31","guid":{"rendered":"https:\/\/www.albinfo.ch\/elme-ramadani-nga-kosova-ne-akademine-ushtarake-te-turqise-pese-vite-drejt-nje-karriere-ne-sherbim-te-vendit\/"},"modified":"2026-09-01T22:44:12","modified_gmt":"2026-09-01T20:44:12","slug":"elme-ramadani-nga-kosova-ne-akademine-ushtarake-te-turqise-pese-vite-drejt-nje-karriere-ne-sherbim-te-vendit","status":"publish","type":"post","link":"https:\/\/www.albinfo.at\/de\/elme-ramadani-nga-kosova-ne-akademine-ushtarake-te-turqise-pese-vite-drejt-nje-karriere-ne-sherbim-te-vendit\/","title":{"rendered":"Elm\u00eb Ramadani, vom Kosovo an die Milit\u00e4rakademie der T\u00fcrkei: f\u00fcnf Jahre auf dem Weg zu einer Karriere im Dienst ihres Landes"},"content":{"rendered":"<p>Eine weitere Erfolgsgeschichte junger Kosovaren wurde in der T\u00fcrkei geschrieben, wo f\u00fcnf Kadetten aus dem Kosovo bei einer Zeremonie an der Milit\u00e4rakademie der Streitkr\u00e4fte der Republik T\u00fcrkei erfolgreich ihren Abschluss machten, berichtet albinfo.ch.<\/p>\n<p>Unter ihnen war auch Elm\u00eb Ramadani, die nach einem f\u00fcnfj\u00e4hrigen Weg ihre berufliche und milit\u00e4rische Ausbildung erfolgreich abgeschlossen hat, den Rang einer Leutnantin erhielt und nun zu den neuen F\u00fchrungskr\u00e4ften der Sicherheitskr\u00e4fte des Kosovo geh\u00f6rt.<\/p>\n<p><strong>F\u00fcnf Jahre Ausbildung in der T\u00fcrkei<\/strong><\/p>\n<p>Elm\u00ebs Weg an der Milit\u00e4rakademie der T\u00fcrkei umfasste insgesamt f\u00fcnf Ausbildungsjahre.<\/p>\n<p>Das erste Jahr war dem Erlernen der t\u00fcrkischen Sprache gewidmet, w\u00e4hrend sich die folgenden vier Jahre auf das Studium und die milit\u00e4rische Ausbildung konzentrierten.<\/p>\n<p>Der erfolgreiche Abschluss dieses Programms stellt f\u00fcr Ramadani einen wichtigen pers\u00f6nlichen und beruflichen Erfolg dar und ist zugleich ein Beitrag zur Ausbildung einer neuen Generation von F\u00fchrungskr\u00e4ften der FSK.<\/p>\n<p><strong>Ein Schritt in Richtung Dienst f\u00fcr den Kosovo<\/strong><\/p>\n<p>Der Abschluss an der Milit\u00e4rakademie der T\u00fcrkei markiert f\u00fcr Elm\u00eb Ramadani lediglich das Ende einer wichtigen Ausbildungsphase.<\/p>\n<p>Nach Abschluss ihres Studiums beginnt f\u00fcr sie nun ein neues Kapitel ihrer Karriere, diesmal innerhalb der Sicherheitskr\u00e4fte des Kosovo, wo sie berufliche Verantwortung im Dienst ihres Landes \u00fcbernehmen wird.<\/p>\n<p>Die Abschlusszeremonie wurde auch von den Institutionen des Kosovo begleitet. Verteidigungsminister Ejup Maqedonci nahm daran teil und traf die kosovarischen Kadetten vor Beginn der Zeremonie, um ihnen zum erfolgreichen Abschluss ihres Studiums zu gratulieren.<\/p>\n<p><strong>Eine neue Generation von FSK-F\u00fchrungskr\u00e4ften<\/strong><\/p>\n<p>Der Abschluss von f\u00fcnf Kadetten aus dem Kosovo an der Milit\u00e4rakademie der T\u00fcrkei ist ein weiterer Schritt bei der Entwicklung der professionellen Kapazit\u00e4ten der Sicherheitskr\u00e4fte des Kosovo.<\/p>\n<p>F\u00fcr Elm\u00eb Ramadani ist dieser Erfolg das Ergebnis eines mehrj\u00e4hrigen Weges, der Engagement, Disziplin und kontinuierliche Vorbereitung erforderte.<\/p>\n<p>Nach einem Jahr sprachlicher Vorbereitung und vier Jahren milit\u00e4rischer Studien schlie\u00dft sie dieses Kapitel nun als neue F\u00fchrungskraft der FSK ab.<\/p>\n<p>Ihre Geschichte ist ein Beispiel f\u00fcr den Weg junger Menschen aus dem Kosovo, die sich f\u00fcr Bildung, Disziplin und Professionalisierung entscheiden, um ihre Karriere aufzubauen und ihrem Land zu dienen.\/Albinfo.ch<\/p>\n","protected":false},"excerpt":{"rendered":"<p>Nach f\u00fcnf Jahren Studium und milit\u00e4rischer Ausbildung in der T\u00fcrkei hat Leutnant Elm\u00eb Ramadani die Milit\u00e4rakademie erfolgreich abgeschlossen und geh\u00f6rt nun zu den neuen F\u00fchrungskr\u00e4ften der Sicherheitskr\u00e4fte des Kosovo.<\/p>\n","protected":false},"author":31,"featured_media":948343,"comment_status":"closed","ping_status":"closed","sticky":false,"template":"","format":"standard","meta":{"footnotes":""},"categories":[23263,24636,3952,23262,24631,1129,1133],"tags":[],"vendi":[],"content_country":[29888,31836,31837],"class_list":["post-948533","post","type-post","status-publish","format-standard","has-post-thumbnail","hentry","category-kosova-de-2","category-nachrichten-de-4","category-kosova-de","category-at-balkani-de","category-nachrichten-de-2","category-ch-balkan","category-e-diaspora-de","content_country-zvicer","content_country-austria-de","content_country-germany-de"],"acf":[],"_links":{"self":[{"href":"https:\/\/www.albinfo.at\/de\/wp-json\/wp\/v2\/posts\/948533","targetHints":{"allow":["GET"]}}],"collection":[{"href":"https:\/\/www.albinfo.at\/de\/wp-json\/wp\/v2\/posts"}],"about":[{"href":"https:\/\/www.albinfo.at\/de\/wp-json\/wp\/v2\/types\/post"}],"author":[{"embeddable":true,"href":"https:\/\/www.albinfo.at\/de\/wp-json\/wp\/v2\/users\/31"}],"replies":[{"embeddable":true,"href":"https:\/\/www.albinfo.at\/de\/wp-json\/wp\/v2\/comments?post=948533"}],"version-history":[{"count":1,"href":"https:\/\/www.albinfo.at\/de\/wp-json\/wp\/v2\/posts\/948533\/revisions"}],"predecessor-version":[{"id":948534,"href":"https:\/\/www.albinfo.at\/de\/wp-json\/wp\/v2\/posts\/948533\/revisions\/948534"}],"wp:featuredmedia":[{"embeddable":true,"href":"https:\/\/www.albinfo.at\/de\/wp-json\/wp\/v2\/media\/948343"}],"wp:attachment":[{"href":"https:\/\/www.albinfo.at\/de\/wp-json\/wp\/v2\/media?parent=948533"}],"wp:term":[{"taxonomy":"category","embeddable":true,"href":"https:\/\/www.albinfo.at\/de\/wp-json\/wp\/v2\/categories?post=948533"},{"taxonomy":"post_tag","embeddable":true,"href":"https:\/\/www.albinfo.at\/de\/wp-json\/wp\/v2\/tags?post=948533"},{"taxonomy":"vendi","embeddable":true,"href":"https:\/\/www.albinfo.at\/de\/wp-json\/wp\/v2\/vendi?post=948533"},{"taxonomy":"content_country","embeddable":true,"href":"https:\/\/www.albinfo.at\/de\/wp-json\/wp\/v2\/content_country?post=948533"}],"curies":[{"name":"wp","href":"https:\/\/api.w.org\/{rel}","templated":true}]}}