{"id":948526,"date":"2026-09-01T10:45:59","date_gmt":"2026-09-01T08:45:59","guid":{"rendered":"https:\/\/www.albinfo.ch\/yllka-sheqiri-shqiptarja-me-rrenje-nga-kosova-e-nominuar-per-cmimin-e-vajzave-2026-ne-suedi\/"},"modified":"2026-09-01T22:38:57","modified_gmt":"2026-09-01T20:38:57","slug":"yllka-sheqiri-shqiptarja-me-rrenje-nga-kosova-e-nominuar-per-cmimin-e-vajzave-2026-ne-suedi","status":"publish","type":"post","link":"https:\/\/www.albinfo.at\/de\/yllka-sheqiri-shqiptarja-me-rrenje-nga-kosova-e-nominuar-per-cmimin-e-vajzave-2026-ne-suedi\/","title":{"rendered":"Yllka Sheqiri, die Albanerin mit Wurzeln im Kosovo, f\u00fcr den &#8220;M\u00e4dchenpreis 2026&#8221; in Schweden nominiert"},"content":{"rendered":"<p>Yllka Sheqiri mit Wurzeln im Kosovo ist f\u00fcr den &#8220;M\u00e4dchenpreis 2026&#8221; (Flickapriset 2026) nominiert worden. Die Auszeichnung wird von Plan International Schweden an Personen oder Organisationen vergeben, die sich besonders f\u00fcr die Rechte und Chancen von M\u00e4dchen einsetzen, berichtet albinfo.ch.<\/p>\n<p>Sheqiri leitet das MiM Kunskapscentrum und ist zugleich Gr\u00fcnderin von Fempower, einer Initiative, die sich auf die St\u00e4rkung junger M\u00e4dchen konzentriert, insbesondere von M\u00e4dchen mit Migrationshintergrund und aus sozial herausfordernden Gebieten.<\/p>\n<p>Ihre Nominierung folgt auf eine weitere bedeutende Anerkennung. Bereits ein Jahr zuvor war Yllka Sheqiri Finalistin beim &#8220;Fannys F\u00f6rebildspris&#8221; in der Kategorie &#8220;Person f\u00fcr Vielfalt&#8221;. Damit wurde ihre Arbeit zur F\u00f6rderung von Vielfalt und zur Schaffung von Chancen f\u00fcr junge Menschen gew\u00fcrdigt.<\/p>\n<p><strong>Eine Plattform, auf der M\u00e4dchen Raum zum F\u00fchren erhalten<\/strong><\/p>\n<p>Mit Fempower hat Sheqiri eine Plattform geschaffen, auf der junge M\u00e4dchen ihre F\u00fchrungskompetenzen entwickeln, eigene Ideen umsetzen und sich aktiv an der Gesellschaft beteiligen k\u00f6nnen.<\/p>\n<p>Dabei geht es ihr nicht nur darum, M\u00e4dchen M\u00f6glichkeiten zu bieten, sondern sie auch aktiv in die Gestaltung und Leitung der Aktivit\u00e4ten einzubeziehen.<\/p>\n<p>Laut der Begr\u00fcndung von Plan International Schweden gr\u00fcndete Sheqiri Fempower mit dem Ziel, junge M\u00e4dchen in einigen der sozial besonders herausgeforderten Gebiete G\u00f6teborgs zu st\u00e4rken.<\/p>\n<p>Besonders gew\u00fcrdigt wird ihre Arbeit beim Aufbau eines Netzwerks, in dem junge M\u00e4dchen mit Migrationshintergrund Aktivit\u00e4ten leiten, sich an gesellschaftlichen Debatten beteiligen und anderen M\u00e4dchen als Vorbilder dienen.<\/p>\n<p>Ein Aspekt, der in der Begr\u00fcndung f\u00fcr die Nominierung besonders hervorgehoben wird, ist Sheqiris Ansatz, jungen Menschen Raum zu geben und ihnen anschlie\u00dfend die M\u00f6glichkeit zu \u00fcberlassen, diesen selbst zu gestalten.<\/p>\n<p><strong>Von der Jugendarbeit zu Bildungs- und Besch\u00e4ftigungsm\u00f6glichkeiten<\/strong><\/p>\n<p>Das Engagement von Yllka Sheqiri geht \u00fcber die Arbeit mit jungen M\u00e4dchen hinaus, berichtet albinfo.ch weiter.<\/p>\n<p>Sie ist auch an der Koordination der Zusammenarbeit zwischen Gemeinden, Polizei und Zivilgesellschaft beteiligt. Ziel ist es, jungen Menschen dabei zu helfen, destruktive Verhaltensmuster zu verlassen und Wege in Bildung und Besch\u00e4ftigung zu finden.<\/p>\n<p>In diesem Rahmen wurde auch das Projekt &#8220;Arbete R\u00c4TT FRAM&#8221; entwickelt, das unter anderem durch das Programm Musikhj\u00e4lpen Live 2024 bekannt wurde.<\/p>\n<p>Nach den ver\u00f6ffentlichten Angaben zum Projekt haben mehr als 700 junge Menschen in Schweden M\u00f6glichkeiten f\u00fcr Engagement und Besch\u00e4ftigung erhalten.<\/p>\n<p><strong>MiM Kunskapscentrum, mehr als zwei Jahrzehnte Arbeit mit jungen Menschen<\/strong><\/p>\n<p>Yllka Sheqiri leitet au\u00dferdem das MiM Kunskapscentrum, eine gemeinn\u00fctzige Organisation, die seit 1997 mit jungen Menschen arbeitet, die von sozialer Ausgrenzung betroffen sind.<\/p>\n<p>Ziel der Organisation ist es, junge Menschen dabei zu unterst\u00fctzen, Einfluss auf ihr eigenes Leben und auf die Gesellschaft zu nehmen. Mit ihren Programmen unterst\u00fctzt MiM Kunskapscentrum Jugendliche auf dem Weg in Besch\u00e4ftigung und Studium, bildet junge F\u00fchrungspers\u00f6nlichkeiten aus und schafft M\u00f6glichkeiten f\u00fcr gesellschaftliches Engagement sowie eine sinnvollere Freizeitgestaltung.<\/p>\n<p><a href=\"https:\/\/www.albinfo.ch\/wp-content\/uploads\/2026\/09\/img_2690.jpeg\"><img loading=\"lazy\" decoding=\"async\" class=\"alignnone wp-image-948319\" src=\"https:\/\/www.albinfo.ch\/wp-content\/uploads\/2026\/09\/img_2690-240x300.jpeg\" alt=\"\" width=\"500\" height=\"625\" srcset=\"https:\/\/www.albinfo.at\/wp-content\/uploads\/2026\/09\/img_2690-240x300.jpeg 240w, https:\/\/www.albinfo.at\/wp-content\/uploads\/2026\/09\/img_2690-819x1024.jpeg 819w, https:\/\/www.albinfo.at\/wp-content\/uploads\/2026\/09\/img_2690-768x960.jpeg 768w, https:\/\/www.albinfo.at\/wp-content\/uploads\/2026\/09\/img_2690-317x396.jpeg 317w, https:\/\/www.albinfo.at\/wp-content\/uploads\/2026\/09\/img_2690-80x100.jpeg 80w, https:\/\/www.albinfo.at\/wp-content\/uploads\/2026\/09\/img_2690-140x175.jpeg 140w, https:\/\/www.albinfo.at\/wp-content\/uploads\/2026\/09\/img_2690.jpeg 1080w\" sizes=\"auto, (max-width: 500px) 100vw, 500px\" \/><\/a><\/p>\n<p>&nbsp;<\/p>\n<p><strong>Eine Erfolgsgeschichte, die weitergeht<\/strong><\/p>\n<p>Die Nominierung f\u00fcr den &#8220;M\u00e4dchenpreis 2026&#8221; ist eine weitere Anerkennung f\u00fcr die Arbeit von Yllka Sheqiri in der schwedischen Gesellschaft.<\/p>\n<p>Von der Schaffung von R\u00e4umen f\u00fcr junge M\u00e4dchen \u00fcber die Entwicklung von F\u00fchrungskompetenzen bis hin zur Schaffung von Bildungs- und Besch\u00e4ftigungsm\u00f6glichkeiten basiert ihr Engagement auf einer klaren Idee: Junge Menschen sollen die M\u00f6glichkeit haben, ihr eigenes Leben mitzugestalten und sich aktiv an der Gesellschaft zu beteiligen.<\/p>\n<p>F\u00fcr eine Frau mit Wurzeln im Kosovo steht diese Nominierung zugleich f\u00fcr eine weitere Erfolgsgeschichte der albanischen Diaspora in Schweden, eine Geschichte, die zeigt, dass Engagement f\u00fcr die Gemeinschaft und die Schaffung von Chancen f\u00fcr j\u00fcngere Generationen zu konkreter gesellschaftlicher Wirkung f\u00fchren k\u00f6nnen.\/Albinfo.ch<\/p>\n","protected":false},"excerpt":{"rendered":"<p>Von der St\u00e4rkung junger M\u00e4dchen bis zur Schaffung von Chancen f\u00fcr Jugendliche wird Yllka Sheqiri weiterhin f\u00fcr ihr Engagement in der schwedischen Gesellschaft gew\u00fcrdigt.<\/p>\n","protected":false},"author":31,"featured_media":948318,"comment_status":"closed","ping_status":"closed","sticky":false,"template":"","format":"standard","meta":{"footnotes":""},"categories":[23263,24636,1134,1135,3952,23262,24631,1129,1133],"tags":[],"vendi":[],"content_country":[29888,31836,31837],"class_list":["post-948526","post","type-post","status-publish","format-standard","has-post-thumbnail","hentry","category-kosova-de-2","category-nachrichten-de-4","category-integration","category-frauen","category-kosova-de","category-at-balkani-de","category-nachrichten-de-2","category-ch-balkan","category-e-diaspora-de","content_country-zvicer","content_country-austria-de","content_country-germany-de"],"acf":[],"_links":{"self":[{"href":"https:\/\/www.albinfo.at\/de\/wp-json\/wp\/v2\/posts\/948526","targetHints":{"allow":["GET"]}}],"collection":[{"href":"https:\/\/www.albinfo.at\/de\/wp-json\/wp\/v2\/posts"}],"about":[{"href":"https:\/\/www.albinfo.at\/de\/wp-json\/wp\/v2\/types\/post"}],"author":[{"embeddable":true,"href":"https:\/\/www.albinfo.at\/de\/wp-json\/wp\/v2\/users\/31"}],"replies":[{"embeddable":true,"href":"https:\/\/www.albinfo.at\/de\/wp-json\/wp\/v2\/comments?post=948526"}],"version-history":[{"count":1,"href":"https:\/\/www.albinfo.at\/de\/wp-json\/wp\/v2\/posts\/948526\/revisions"}],"predecessor-version":[{"id":948527,"href":"https:\/\/www.albinfo.at\/de\/wp-json\/wp\/v2\/posts\/948526\/revisions\/948527"}],"wp:featuredmedia":[{"embeddable":true,"href":"https:\/\/www.albinfo.at\/de\/wp-json\/wp\/v2\/media\/948318"}],"wp:attachment":[{"href":"https:\/\/www.albinfo.at\/de\/wp-json\/wp\/v2\/media?parent=948526"}],"wp:term":[{"taxonomy":"category","embeddable":true,"href":"https:\/\/www.albinfo.at\/de\/wp-json\/wp\/v2\/categories?post=948526"},{"taxonomy":"post_tag","embeddable":true,"href":"https:\/\/www.albinfo.at\/de\/wp-json\/wp\/v2\/tags?post=948526"},{"taxonomy":"vendi","embeddable":true,"href":"https:\/\/www.albinfo.at\/de\/wp-json\/wp\/v2\/vendi?post=948526"},{"taxonomy":"content_country","embeddable":true,"href":"https:\/\/www.albinfo.at\/de\/wp-json\/wp\/v2\/content_country?post=948526"}],"curies":[{"name":"wp","href":"https:\/\/api.w.org\/{rel}","templated":true}]}}