{"id":948298,"date":"2026-08-31T22:45:34","date_gmt":"2026-08-31T20:45:34","guid":{"rendered":"https:\/\/www.albinfo.ch\/thirrje-diaspores-me-16-shtator-te-gjithe-ne-hage\/"},"modified":"2026-09-01T01:50:04","modified_gmt":"2026-08-31T23:50:04","slug":"thirrje-diaspores-me-16-shtator-te-gjithe-ne-hage","status":"publish","type":"post","link":"https:\/\/www.albinfo.at\/de\/thirrje-diaspores-me-16-shtator-te-gjithe-ne-hage\/","title":{"rendered":"Aufruf an die Diaspora: Am 16. September alle nach Den Haag"},"content":{"rendered":"<p>Der Abgeordnete der Demokratischen Partei des Kosovo (PDK), Artan Behrami, hat die Diaspora dazu aufgerufen, am 16. September in Den Haag pr\u00e4sent zu sein.<\/p>\n<p>In einem Beitrag im Rahmen der Plattform &#8220;Freiheit hat einen Namen&#8221; rief Behrami die B\u00fcrger aus der Diaspora dazu auf, gemeinsam mit ihren Familien nach Den Haag zu reisen. Den 16. September bezeichnete er als einen wichtigen Tag f\u00fcr den Kosovo.<\/p>\n<p>In seiner Botschaft erinnerte Behrami an die Unterst\u00fctzung der Diaspora f\u00fcr die F\u00fchrungspers\u00f6nlichkeiten der Kosovo-Befreiungsarmee w\u00e4hrend der sechs Jahre des Gerichtsverfahrens in Den Haag.<\/p>\n<p>&#8220;Sechs Jahre lang standen wir gemeinsam an der Seite der U\u00c7K-F\u00fchrung&#8221;, heisst es in dem von Behrami ver\u00f6ffentlichten Aufruf. Er betonte, dass die Unterst\u00fctzer sowohl bei den Gerichtsverhandlungen als auch vor dem Gerichtsgeb\u00e4ude pr\u00e4sent gewesen seien.<\/p>\n<p>Behrami rief die B\u00fcrger der Diaspora dazu auf, am 16. September in Den Haag zu sein, und bezeichnete diesen Tag nach seinen Worten als einen Tag, &#8220;der sich nicht wiederholt&#8221;.<\/p>\n<p>&#8220;Diaspora, Gross und Klein, gemeinsam mit euren Familien, am 16. September alle nach Den Haag!&#8221;, heisst es am Ende des Aufrufs.<\/p>\n<p>Er appellierte an eine starke Beteiligung und an die Einheit der Diaspora und erinnerte an ihre Pr\u00e4senz w\u00e4hrend der sechs Jahre des Verfahrens in Den Haag.<\/p>\n<p><a href=\"https:\/\/www.albinfo.ch\/wp-content\/uploads\/2026\/08\/screenshot_20260831_212715_facebook.jpg\"><img loading=\"lazy\" decoding=\"async\" class=\"alignnone size-large wp-image-948236\" src=\"https:\/\/www.albinfo.ch\/wp-content\/uploads\/2026\/08\/screenshot_20260831_212715_facebook-813x1024.jpg\" alt=\"\" width=\"640\" height=\"806\" srcset=\"https:\/\/www.albinfo.at\/wp-content\/uploads\/2026\/08\/screenshot_20260831_212715_facebook-813x1024.jpg 813w, https:\/\/www.albinfo.at\/wp-content\/uploads\/2026\/08\/screenshot_20260831_212715_facebook-238x300.jpg 238w, https:\/\/www.albinfo.at\/wp-content\/uploads\/2026\/08\/screenshot_20260831_212715_facebook-768x967.jpg 768w, https:\/\/www.albinfo.at\/wp-content\/uploads\/2026\/08\/screenshot_20260831_212715_facebook-314x396.jpg 314w, https:\/\/www.albinfo.at\/wp-content\/uploads\/2026\/08\/screenshot_20260831_212715_facebook-79x100.jpg 79w, https:\/\/www.albinfo.at\/wp-content\/uploads\/2026\/08\/screenshot_20260831_212715_facebook-139x175.jpg 139w, https:\/\/www.albinfo.at\/wp-content\/uploads\/2026\/08\/screenshot_20260831_212715_facebook.jpg 1079w\" sizes=\"auto, (max-width: 640px) 100vw, 640px\" \/><\/a><\/p>\n","protected":false},"excerpt":{"rendered":"<p>Der Abgeordnete der Demokratischen Partei des Kosovo (PDK), Artan Behrami, hat die Diaspora dazu aufgerufen, am 16. September in Den Haag pr\u00e4sent zu sein. In einem Beitrag im Rahmen der Plattform &#8220;Freiheit hat einen Namen&#8221; rief Behrami die B\u00fcrger aus der Diaspora dazu auf, gemeinsam mit ihren Familien nach Den Haag zu reisen. Den 16. [&hellip;]<\/p>\n","protected":false},"author":40,"featured_media":948241,"comment_status":"closed","ping_status":"closed","sticky":false,"template":"","format":"standard","meta":{"footnotes":""},"categories":[24636,24631,1133],"tags":[],"vendi":[],"content_country":[29888,31836,31837],"class_list":["post-948298","post","type-post","status-publish","format-standard","has-post-thumbnail","hentry","category-nachrichten-de-4","category-nachrichten-de-2","category-e-diaspora-de","content_country-zvicer","content_country-austria-de","content_country-germany-de"],"acf":[],"_links":{"self":[{"href":"https:\/\/www.albinfo.at\/de\/wp-json\/wp\/v2\/posts\/948298","targetHints":{"allow":["GET"]}}],"collection":[{"href":"https:\/\/www.albinfo.at\/de\/wp-json\/wp\/v2\/posts"}],"about":[{"href":"https:\/\/www.albinfo.at\/de\/wp-json\/wp\/v2\/types\/post"}],"author":[{"embeddable":true,"href":"https:\/\/www.albinfo.at\/de\/wp-json\/wp\/v2\/users\/40"}],"replies":[{"embeddable":true,"href":"https:\/\/www.albinfo.at\/de\/wp-json\/wp\/v2\/comments?post=948298"}],"version-history":[{"count":1,"href":"https:\/\/www.albinfo.at\/de\/wp-json\/wp\/v2\/posts\/948298\/revisions"}],"predecessor-version":[{"id":948299,"href":"https:\/\/www.albinfo.at\/de\/wp-json\/wp\/v2\/posts\/948298\/revisions\/948299"}],"wp:featuredmedia":[{"embeddable":true,"href":"https:\/\/www.albinfo.at\/de\/wp-json\/wp\/v2\/media\/948241"}],"wp:attachment":[{"href":"https:\/\/www.albinfo.at\/de\/wp-json\/wp\/v2\/media?parent=948298"}],"wp:term":[{"taxonomy":"category","embeddable":true,"href":"https:\/\/www.albinfo.at\/de\/wp-json\/wp\/v2\/categories?post=948298"},{"taxonomy":"post_tag","embeddable":true,"href":"https:\/\/www.albinfo.at\/de\/wp-json\/wp\/v2\/tags?post=948298"},{"taxonomy":"vendi","embeddable":true,"href":"https:\/\/www.albinfo.at\/de\/wp-json\/wp\/v2\/vendi?post=948298"},{"taxonomy":"content_country","embeddable":true,"href":"https:\/\/www.albinfo.at\/de\/wp-json\/wp\/v2\/content_country?post=948298"}],"curies":[{"name":"wp","href":"https:\/\/api.w.org\/{rel}","templated":true}]}}