{"id":948290,"date":"2026-08-31T21:45:23","date_gmt":"2026-08-31T19:45:23","guid":{"rendered":"https:\/\/www.albinfo.ch\/shqiptaret-nder-komunitetet-me-banesat-me-te-vogla-ne-zvicer\/"},"modified":"2026-09-01T01:43:49","modified_gmt":"2026-08-31T23:43:49","slug":"shqiptaret-nder-komunitetet-me-banesat-me-te-vogla-ne-zvicer","status":"publish","type":"post","link":"https:\/\/www.albinfo.at\/de\/shqiptaret-nder-komunitetet-me-banesat-me-te-vogla-ne-zvicer\/","title":{"rendered":"Albaner geh\u00f6ren zu den Gemeinschaften mit den kleinsten Wohnungen in der Schweiz"},"content":{"rendered":"<p>Ein ausf\u00fchrlicher Artikel der Zeitung Blick befasst sich mit dem Wohnraum in der Schweiz und analysiert dessen Verteilung nach den verschiedenen Bev\u00f6lkerungsgruppen. &#8220;Der Wohnraum ist in der Schweiz ungleich verteilt. Je nach Nationalit\u00e4t gibt es erhebliche Unterschiede.<\/p>\n<p>So verf\u00fcgen Schweizer B\u00fcrger im Allgemeinen \u00fcber doppelt so viel Wohnraum pro Person wie Staatsangeh\u00f6rige aus Nordmazedonien, die hier leben&#8221;, heisst es in dem Artikel.<\/p>\n<p>Staatsangeh\u00f6rige aus Nordmazedonien verf\u00fcgen mit 25,1 Quadratmetern pro Person \u00fcber den geringsten Wohnraum, wobei bekannt ist, dass mehr als 90 Prozent von ihnen Albaner sind, berichtet albinfo.ch. In Appenzell Innerrhoden verf\u00fcgen Schweizer Einpersonenhaushalte dagegen \u00fcber 96 Quadratmeter Wohnfl\u00e4che, w\u00e4hrend ausl\u00e4ndische Haushalte 66,2 Quadratmeter haben.<\/p>\n<p>Doch auch unter den Ausl\u00e4ndern gibt es deutliche Unterschiede. Briten verf\u00fcgen beispielsweise \u00fcber Wohnungen, die fast so gross sind wie jene der Schweizer. Eine Frau mit nordmazedonischer Staatsangeh\u00f6rigkeit hat im Durchschnitt nur halb so viel Wohnraum wie eine Schweizerin. Dies zeigen die Bundesstatistiken. Die Zeitung Blick hat die Daten gemeinsam mit dem Soziologen Ganga Jey Aratnam ausgewertet.<\/p>\n<p>Portugal, T\u00fcrkei, Serbien, Kosovo und Nordmazedonien: Dies sind die Nationalit\u00e4ten mit dem geringsten Wohnraum. Die Werte reichen von 25,1 Quadratmetern pro Person bei Staatsangeh\u00f6rigen aus Nordmazedonien bis zu 31,5 Quadratmetern bei Portugiesen. &#8220;Diese Ausl\u00e4nder k\u00f6nnen sich die hohen Mieten f\u00fcr grosse Wohnungen nicht leisten&#8221;, sagt Jey Aratnam. Zudem arbeiten sie h\u00e4ufiger in schlechter bezahlten Berufen.<\/p>\n<p>&#8220;Hinzu kommt: W\u00e4hrend junge Schweizer aus dem Elternhaus ausziehen und eine eigene Wohnung beziehen, ist dies beispielsweise in kosovarischen Familien aus kulturellen Gr\u00fcnden weniger \u00fcblich&#8221;, betont die Zeitung. Dadurch leben mehr Menschen in einem Familienhaushalt, was zu weniger Wohnraum pro Person und weniger Privatsph\u00e4re f\u00fchrt.<\/p>\n<p><strong>Die Schweizer kennen die Tricks und profitieren davon<\/strong><\/p>\n<p>Unabh\u00e4ngig vom Kanton verf\u00fcgen Schweizer Haushalte \u00fcberall \u00fcber deutlich mehr Wohnraum als ausl\u00e4ndische Haushalte. Die Unterschiede k\u00f6nnen bis zu 30 Prozent betragen. In Appenzell Innerrhoden verf\u00fcgen Schweizer Einpersonenhaushalte \u00fcber 96 Quadratmeter Wohnfl\u00e4che, ausl\u00e4ndische Haushalte dagegen nur \u00fcber 66,2 Quadratmeter. In Uri hat ein Schweizer Einpersonenhaushalt beispielsweise 88,6 Quadratmeter zur Verf\u00fcgung. Ausl\u00e4ndische Einpersonenhaushalte verf\u00fcgen hingegen nur \u00fcber 66,5 Quadratmeter, also \u00fcber mehr als ein Zimmer weniger.<\/p>\n<p>&#8220;Deutsche und Niederl\u00e4nder beanspruchten fr\u00fcher mehr Wohnraum als die Schweizer&#8221;, sagt Jey Aratnam. Es gibt mehrere Gr\u00fcnde daf\u00fcr, weshalb die Schweizer inzwischen &#8220;aufgeholt&#8221; haben. Einerseits leben mehr Rentner allein in grossen Wohnungen oder H\u00e4usern, nachdem ihre Kinder ausgezogen sind. Gleichzeitig leben auch viele junge Schweizer allein.<\/p>\n<p>&#8220;Die Schweizer Bev\u00f6lkerung kann sich die Mieten ebenfalls leisten&#8221;, sagt Jey Aratnam. Zudem verf\u00fcgen Einheimische h\u00e4ufig \u00fcber bessere Netzwerke und k\u00f6nnen deshalb schneller und einfacher gr\u00f6ssere und g\u00fcnstigere Wohnungen finden, insbesondere in Wohnbaugenossenschaften in den grossen St\u00e4dten.<\/p>\n<p>In Genf leben Ausl\u00e4nder in Mehrpersonenhaushalten auf vergleichsweise engem Raum. Dort stehen ihnen 28,1 Quadratmeter pro Person zur Verf\u00fcgung, w\u00e4hrend Schweizer Einwohner in Genf 36,3 Quadratmeter haben. Landesweit verf\u00fcgen Schweizer Mehrpersonenhaushalte im Thurgau \u00fcber den meisten Wohnraum. Schweizer Einwohner haben dort 50,7 Quadratmeter Wohnfl\u00e4che pro Person zur Verf\u00fcgung, gegen\u00fcber 34,3 Quadratmetern bei ausl\u00e4ndischen Einwohnern.<\/p>\n<p>Unter den Schweizer Haushalten weist Basel-Stadt mit 39 Quadratmetern pro Person den zweitniedrigsten Wert nach Genf auf. In den st\u00e4dtischen Kantonen sind die Mieten h\u00f6her, w\u00e4hrend in l\u00e4ndlicheren Kantonen viele Einfamilienh\u00e4user zu finden sind, berichtet albinfo.ch.<\/p>\n<p>Hohe Mieten sind jedoch nicht der einzige Grund, wie Jey Aratnam erkl\u00e4rt. &#8220;Vor allem in Basel gibt es viele gesch\u00fctzte Geb\u00e4ude&#8221;, sagt der Soziologe. Die M\u00f6glichkeiten f\u00fcr Erweiterungen sind begrenzt. &#8220;Und Wohnbaugenossenschaften gehen sparsam mit dem Boden um, w\u00e4hrend grosse Wohnungen bei Neubauten in l\u00e4ndlichen Gebieten boomen.&#8221;<\/p>\n<p><strong>Sollten Rentner Platz machen?<\/strong><\/p>\n<p>Rentner verf\u00fcgen \u00fcber deutlich mehr Wohnraum. Sie leben auf 72,2 Quadratmetern pro Person, w\u00e4hrend der Schweizer Durchschnitt bei 46,6 Quadratmetern liegt. Der Grund l\u00e4sst sich einfach erkl\u00e4ren: Rentner besitzen h\u00e4ufig ein Haus, das urspr\u00fcnglich mit gen\u00fcgend Platz f\u00fcr eine ganze Familie gebaut wurde. Obwohl sie nach dem Auszug ihrer Kinder keine zus\u00e4tzlichen Zimmer mehr ben\u00f6tigen, machen ihre niedrigen Hypothekarkosten einen Umzug in eine kleinere Wohnung oft finanziell unattraktiv.<\/p>\n<p>&nbsp;<\/p>\n","protected":false},"excerpt":{"rendered":"<p>Schweizer B\u00fcrger verf\u00fcgen im Allgemeinen \u00fcber doppelt so viel Wohnraum pro Person wie Staatsangeh\u00f6rige aus Nordmazedonien, dem Kosovo usw., die hier leben.<\/p>\n","protected":false},"author":4,"featured_media":208393,"comment_status":"closed","ping_status":"closed","sticky":false,"template":"","format":"standard","meta":{"footnotes":""},"categories":[24636,1134,1141,24006,24631,1133,1140],"tags":[],"vendi":[],"content_country":[29888,31836,31837],"class_list":["post-948290","post","type-post","status-publish","format-standard","has-post-thumbnail","hentry","category-nachrichten-de-4","category-integration","category-themen","category-lajme-jeta-ne-zvicer-de","category-nachrichten-de-2","category-e-diaspora-de","category-leben-in-der-schweiz","content_country-zvicer","content_country-austria-de","content_country-germany-de"],"acf":[],"_links":{"self":[{"href":"https:\/\/www.albinfo.at\/de\/wp-json\/wp\/v2\/posts\/948290","targetHints":{"allow":["GET"]}}],"collection":[{"href":"https:\/\/www.albinfo.at\/de\/wp-json\/wp\/v2\/posts"}],"about":[{"href":"https:\/\/www.albinfo.at\/de\/wp-json\/wp\/v2\/types\/post"}],"author":[{"embeddable":true,"href":"https:\/\/www.albinfo.at\/de\/wp-json\/wp\/v2\/users\/4"}],"replies":[{"embeddable":true,"href":"https:\/\/www.albinfo.at\/de\/wp-json\/wp\/v2\/comments?post=948290"}],"version-history":[{"count":2,"href":"https:\/\/www.albinfo.at\/de\/wp-json\/wp\/v2\/posts\/948290\/revisions"}],"predecessor-version":[{"id":948292,"href":"https:\/\/www.albinfo.at\/de\/wp-json\/wp\/v2\/posts\/948290\/revisions\/948292"}],"wp:featuredmedia":[{"embeddable":true,"href":"https:\/\/www.albinfo.at\/de\/wp-json\/wp\/v2\/media\/208393"}],"wp:attachment":[{"href":"https:\/\/www.albinfo.at\/de\/wp-json\/wp\/v2\/media?parent=948290"}],"wp:term":[{"taxonomy":"category","embeddable":true,"href":"https:\/\/www.albinfo.at\/de\/wp-json\/wp\/v2\/categories?post=948290"},{"taxonomy":"post_tag","embeddable":true,"href":"https:\/\/www.albinfo.at\/de\/wp-json\/wp\/v2\/tags?post=948290"},{"taxonomy":"vendi","embeddable":true,"href":"https:\/\/www.albinfo.at\/de\/wp-json\/wp\/v2\/vendi?post=948290"},{"taxonomy":"content_country","embeddable":true,"href":"https:\/\/www.albinfo.at\/de\/wp-json\/wp\/v2\/content_country?post=948290"}],"curies":[{"name":"wp","href":"https:\/\/api.w.org\/{rel}","templated":true}]}}