{"id":948282,"date":"2026-08-31T20:45:09","date_gmt":"2026-08-31T18:45:09","guid":{"rendered":"https:\/\/www.albinfo.ch\/edhe-nje-perpjekje-per-zbardhjen-e-fatit-te-te-zhdukurve-me-dhune-nga-kosova\/"},"modified":"2026-09-01T01:35:47","modified_gmt":"2026-08-31T23:35:47","slug":"edhe-nje-perpjekje-per-zbardhjen-e-fatit-te-te-zhdukurve-me-dhune-nga-kosova","status":"publish","type":"post","link":"https:\/\/www.albinfo.at\/de\/edhe-nje-perpjekje-per-zbardhjen-e-fatit-te-te-zhdukurve-me-dhune-nga-kosova\/","title":{"rendered":"Ein weiterer Versuch, das Schicksal der gewaltsam verschwundenen Personen aus dem Kosovo aufzukl\u00e4ren"},"content":{"rendered":"<p>Heute traf sich eine Delegation, bestehend aus Herrn Andin Hoti, Minister in der Regierung der Republik Kosovo, Frau Mirishahe Limani Hiler, Gr\u00fcnderin und Pr\u00e4sidentin des Kulturvereins &#8220;Dora D\u2019Istria&#8221; in Genf, sowie weiteren Unterst\u00fctzern aus der albanischen Diaspora am Sitz der Vereinten Nationen in Genf mit Vertretern des UN-Ausschusses gegen das Verschwindenlassen und des B\u00fcros des Hohen Kommissars der Vereinten Nationen f\u00fcr Menschenrechte.<\/p>\n<p><a href=\"https:\/\/www.albinfo.ch\/wp-content\/uploads\/2026\/08\/okb-delegacioni.jpg\"><img loading=\"lazy\" decoding=\"async\" class=\"alignnone wp-image-948189\" src=\"https:\/\/www.albinfo.ch\/wp-content\/uploads\/2026\/08\/okb-delegacioni.jpg\" alt=\"\" width=\"650\" height=\"508\" srcset=\"https:\/\/www.albinfo.at\/wp-content\/uploads\/2026\/08\/okb-delegacioni.jpg 1536w, https:\/\/www.albinfo.at\/wp-content\/uploads\/2026\/08\/okb-delegacioni-300x234.jpg 300w, https:\/\/www.albinfo.at\/wp-content\/uploads\/2026\/08\/okb-delegacioni-1024x800.jpg 1024w, https:\/\/www.albinfo.at\/wp-content\/uploads\/2026\/08\/okb-delegacioni-768x600.jpg 768w, https:\/\/www.albinfo.at\/wp-content\/uploads\/2026\/08\/okb-delegacioni-507x396.jpg 507w, https:\/\/www.albinfo.at\/wp-content\/uploads\/2026\/08\/okb-delegacioni-128x100.jpg 128w, https:\/\/www.albinfo.at\/wp-content\/uploads\/2026\/08\/okb-delegacioni-224x175.jpg 224w\" sizes=\"auto, (max-width: 650px) 100vw, 650px\" \/><\/a><\/p>\n<p>&#8220;Bei dem Treffen haben wir die Frage der w\u00e4hrend des Krieges im Kosovo gewaltsam verschwundenen Personen angesprochen und ein st\u00e4rkeres internationales Engagement gefordert, um ihr Schicksal aufzukl\u00e4ren. Auch mehr als ein Vierteljahrhundert nach dem Ende des Krieges warten die Familien weiterhin auf Antworten \u00fcber das Schicksal ihrer Angeh\u00f6rigen&#8221;, sagt Herr Hoti gegen\u00fcber albinfo.ch.<\/p>\n<p>&#8220;Da Serbien Vertragsstaat des Internationalen \u00dcbereinkommens zum Schutz aller Personen vor dem Verschwindenlassen ist, haben wir gefordert, dass es f\u00fcr die Erf\u00fcllung der sich aus diesem \u00dcbereinkommen ergebenden Verpflichtungen zur Verantwortung gezogen wird. Dazu geh\u00f6ren die Pflicht zur Zusammenarbeit bei der Aufkl\u00e4rung des Schicksals und des Aufenthaltsortes vermisster Personen, die Bereitstellung relevanter Informationen sowie die Gew\u00e4hrleistung des Rechts der Familien, die Wahrheit zu erfahren&#8221;, hei\u00dft es weiter.<\/p>\n<p>&#8220;Den Vertretern der UNO wurde zudem ein offizielles Ersuchen mit dem Titel &#8220;Brief aus dem Kosovo&#8221; \u00fcbergeben, mit dem eine Intensivierung der internationalen Bem\u00fchungen gefordert wird, um Informationen und Dokumente zu sichern, die bei der Lokalisierung vermisster Personen, der Aufkl\u00e4rung der Umst\u00e4nde ihres Verschwindens und der F\u00f6rderung der Gerechtigkeit helfen k\u00f6nnen.<\/p>\n<p>Die Frage der gewaltsam verschwundenen Personen darf weder zum Opfer der Zeit noch des politischen Willens werden. Die Familien haben das Recht, die Wahrheit zu erfahren.<\/p>\n<p>Das Treffen fand in einer konstruktiven Atmosph\u00e4re statt, wobei klar der Wunsch zum Ausdruck gebracht wurde, die Zusammenarbeit auch in Zukunft fortzusetzen. Zugleich wurde die Rolle der albanischen Zivilgesellschaft in Genf besonders gew\u00fcrdigt&#8221;, hei\u00dft es abschlie\u00dfend.<\/p>\n<p>&nbsp;<\/p>\n<p>&nbsp;<\/p>\n","protected":false},"excerpt":{"rendered":"<p>Die kosovarische Delegation \u00fcbergab dem UN-Ausschuss gegen das Verschwindenlassen ein offizielles Ersuchen zu den Vermissten aus dem Kosovo<\/p>\n","protected":false},"author":4,"featured_media":948198,"comment_status":"closed","ping_status":"closed","sticky":false,"template":"","format":"standard","meta":{"footnotes":""},"categories":[24636,3952,24631,1129,1133],"tags":[],"vendi":[31847],"content_country":[29888,31836,31837],"class_list":["post-948282","post","type-post","status-publish","format-standard","has-post-thumbnail","hentry","category-nachrichten-de-4","category-kosova-de","category-nachrichten-de-2","category-ch-balkan","category-e-diaspora-de","vendi-genf","content_country-zvicer","content_country-austria-de","content_country-germany-de"],"acf":[],"_links":{"self":[{"href":"https:\/\/www.albinfo.at\/de\/wp-json\/wp\/v2\/posts\/948282","targetHints":{"allow":["GET"]}}],"collection":[{"href":"https:\/\/www.albinfo.at\/de\/wp-json\/wp\/v2\/posts"}],"about":[{"href":"https:\/\/www.albinfo.at\/de\/wp-json\/wp\/v2\/types\/post"}],"author":[{"embeddable":true,"href":"https:\/\/www.albinfo.at\/de\/wp-json\/wp\/v2\/users\/4"}],"replies":[{"embeddable":true,"href":"https:\/\/www.albinfo.at\/de\/wp-json\/wp\/v2\/comments?post=948282"}],"version-history":[{"count":2,"href":"https:\/\/www.albinfo.at\/de\/wp-json\/wp\/v2\/posts\/948282\/revisions"}],"predecessor-version":[{"id":948284,"href":"https:\/\/www.albinfo.at\/de\/wp-json\/wp\/v2\/posts\/948282\/revisions\/948284"}],"wp:featuredmedia":[{"embeddable":true,"href":"https:\/\/www.albinfo.at\/de\/wp-json\/wp\/v2\/media\/948198"}],"wp:attachment":[{"href":"https:\/\/www.albinfo.at\/de\/wp-json\/wp\/v2\/media?parent=948282"}],"wp:term":[{"taxonomy":"category","embeddable":true,"href":"https:\/\/www.albinfo.at\/de\/wp-json\/wp\/v2\/categories?post=948282"},{"taxonomy":"post_tag","embeddable":true,"href":"https:\/\/www.albinfo.at\/de\/wp-json\/wp\/v2\/tags?post=948282"},{"taxonomy":"vendi","embeddable":true,"href":"https:\/\/www.albinfo.at\/de\/wp-json\/wp\/v2\/vendi?post=948282"},{"taxonomy":"content_country","embeddable":true,"href":"https:\/\/www.albinfo.at\/de\/wp-json\/wp\/v2\/content_country?post=948282"}],"curies":[{"name":"wp","href":"https:\/\/api.w.org\/{rel}","templated":true}]}}