{"id":948267,"date":"2026-08-31T14:45:55","date_gmt":"2026-08-31T12:45:55","guid":{"rendered":"https:\/\/www.albinfo.ch\/lvv-dhe-ldk-arriten-pajtimin-bekim-sejdiu-kandidat-i-perbashket-per-president\/"},"modified":"2026-09-01T01:16:49","modified_gmt":"2026-08-31T23:16:49","slug":"lvv-dhe-ldk-arriten-pajtimin-bekim-sejdiu-kandidat-i-perbashket-per-president","status":"publish","type":"post","link":"https:\/\/www.albinfo.at\/de\/lvv-dhe-ldk-arriten-pajtimin-bekim-sejdiu-kandidat-i-perbashket-per-president\/","title":{"rendered":"LVV und LDK haben sich geeinigt: Bekim Sejdiu als gemeinsamer Pr\u00e4sidentschaftskandidat"},"content":{"rendered":"<p>Die Bewegung Vet\u00ebvendosje (LVV) und die Demokratische Liga des Kosovo (LDK) haben sich darauf geeinigt, Bekim Sejdiu als Kandidaten f\u00fcr das Amt des Pr\u00e4sidenten des Kosovo aufzustellen.<\/p>\n<p>Die Einigung wurde am Montag, dem 31. August, vom LDK-Vorsitzenden Lumir Abdixhiku nach einem Treffen mit dem LVV-Vorsitzenden Albin Kurti bekannt gegeben.<\/p>\n<p>&#8220;Von allen vorgeschlagenen Namen haben wir uns auf einen Namen geeinigt, und das ist Prof. Dr. Bekim Sejdiu&#8221;, sagte Abdixhiku.<\/p>\n<p>Vor den Medien erkl\u00e4rte Sejdiu, dass er den Vorschlag angenommen habe, als Pr\u00e4sidentschaftskandidat anzutreten, wobei er den politischen Kontext ber\u00fccksichtigt habe, in dem sich der Kosovo derzeit befindet.<\/p>\n<p>&#8220;Das erf\u00fcllt mich mit Ehre, angesichts des Vertrauens, das mir beide politischen Parteien entgegengebracht haben&#8221;, sagte Sejdiu vor den Medien.<\/p>\n<p>Bekim Sejdiu ist Professor f\u00fcr Rechtswissenschaften an der Universit\u00e4t Prishtina und ehemaliger Richter am Verfassungsgericht des Kosovo.<\/p>\n<p>Er war zudem im diplomatischen Dienst des Kosovo t\u00e4tig, unter anderem als Botschafter des Kosovo in der T\u00fcrkei und als Generalkonsul in New York.<\/p>\n<p>&nbsp;<\/p>\n","protected":false},"excerpt":{"rendered":"<p>Die Einigung wurde am Montag, dem 31. August, vom LDK-Vorsitzenden Lumir Abdixhiku nach einem Treffen mit dem LVV-Vorsitzenden Albin Kurti bekannt gegeben.<\/p>\n","protected":false},"author":4,"featured_media":948136,"comment_status":"closed","ping_status":"closed","sticky":false,"template":"","format":"standard","meta":{"footnotes":""},"categories":[3952,24631,1129],"tags":[],"vendi":[],"content_country":[29888,31836,31837],"class_list":["post-948267","post","type-post","status-publish","format-standard","has-post-thumbnail","hentry","category-kosova-de","category-nachrichten-de-2","category-ch-balkan","content_country-zvicer","content_country-austria-de","content_country-germany-de"],"acf":[],"_links":{"self":[{"href":"https:\/\/www.albinfo.at\/de\/wp-json\/wp\/v2\/posts\/948267","targetHints":{"allow":["GET"]}}],"collection":[{"href":"https:\/\/www.albinfo.at\/de\/wp-json\/wp\/v2\/posts"}],"about":[{"href":"https:\/\/www.albinfo.at\/de\/wp-json\/wp\/v2\/types\/post"}],"author":[{"embeddable":true,"href":"https:\/\/www.albinfo.at\/de\/wp-json\/wp\/v2\/users\/4"}],"replies":[{"embeddable":true,"href":"https:\/\/www.albinfo.at\/de\/wp-json\/wp\/v2\/comments?post=948267"}],"version-history":[{"count":1,"href":"https:\/\/www.albinfo.at\/de\/wp-json\/wp\/v2\/posts\/948267\/revisions"}],"predecessor-version":[{"id":948268,"href":"https:\/\/www.albinfo.at\/de\/wp-json\/wp\/v2\/posts\/948267\/revisions\/948268"}],"wp:featuredmedia":[{"embeddable":true,"href":"https:\/\/www.albinfo.at\/de\/wp-json\/wp\/v2\/media\/948136"}],"wp:attachment":[{"href":"https:\/\/www.albinfo.at\/de\/wp-json\/wp\/v2\/media?parent=948267"}],"wp:term":[{"taxonomy":"category","embeddable":true,"href":"https:\/\/www.albinfo.at\/de\/wp-json\/wp\/v2\/categories?post=948267"},{"taxonomy":"post_tag","embeddable":true,"href":"https:\/\/www.albinfo.at\/de\/wp-json\/wp\/v2\/tags?post=948267"},{"taxonomy":"vendi","embeddable":true,"href":"https:\/\/www.albinfo.at\/de\/wp-json\/wp\/v2\/vendi?post=948267"},{"taxonomy":"content_country","embeddable":true,"href":"https:\/\/www.albinfo.at\/de\/wp-json\/wp\/v2\/content_country?post=948267"}],"curies":[{"name":"wp","href":"https:\/\/api.w.org\/{rel}","templated":true}]}}