{"id":948259,"date":"2026-08-31T10:45:33","date_gmt":"2026-08-31T08:45:33","guid":{"rendered":"https:\/\/www.albinfo.ch\/dy-mbremje-nje-plage-gjeneva-kerkon-pergjigje-per-te-zhdukurit-e-kosoves\/"},"modified":"2026-09-01T01:05:57","modified_gmt":"2026-08-31T23:05:57","slug":"dy-mbremje-nje-plage-gjeneva-kerkon-pergjigje-per-te-zhdukurit-e-kosoves","status":"publish","type":"post","link":"https:\/\/www.albinfo.at\/de\/dy-mbremje-nje-plage-gjeneva-kerkon-pergjigje-per-te-zhdukurit-e-kosoves\/","title":{"rendered":"Zwei Abende, eine Wunde: Genf fordert Antworten zu den Vermissten im Kosovo"},"content":{"rendered":"<p>Siebenundzwanzig Jahre nach dem Krieg warten die Familien der Vermissten weiterhin auf Antworten. Am 30. August wurde Genf erneut zu dem Ort, an dem Wahrheit, die \u00d6ffnung der Archive und Gerechtigkeit gefordert wurden. Doch am selben Tag fanden auch zwei getrennte Veranstaltungen f\u00fcr dieselbe Sache statt, wodurch unter den Teilnehmenden auch die Frage der Koordination in den Vordergrund r\u00fcckte.<\/p>\n<p>Siebenundzwanzig Jahre nach dem Krieg im Kosovo gelten weiterhin mehr als 1.500 Menschen als vermisst. Hinter diesen Zahlen stehen Namen, Familien und Menschen, die noch immer darauf warten zu erfahren, was mit ihren Angeh\u00f6rigen geschehen ist.<\/p>\n<p><a href=\"https:\/\/www.albinfo.ch\/wp-content\/uploads\/2026\/08\/konsullja-gjeneve-2.jpg\"><img loading=\"lazy\" decoding=\"async\" class=\"alignnone wp-image-948103\" src=\"https:\/\/www.albinfo.ch\/wp-content\/uploads\/2026\/08\/konsullja-gjeneve-2.jpg\" alt=\"\" width=\"508\" height=\"400\" srcset=\"https:\/\/www.albinfo.at\/wp-content\/uploads\/2026\/08\/konsullja-gjeneve-2.jpg 1536w, https:\/\/www.albinfo.at\/wp-content\/uploads\/2026\/08\/konsullja-gjeneve-2-300x236.jpg 300w, https:\/\/www.albinfo.at\/wp-content\/uploads\/2026\/08\/konsullja-gjeneve-2-1024x807.jpg 1024w, https:\/\/www.albinfo.at\/wp-content\/uploads\/2026\/08\/konsullja-gjeneve-2-768x605.jpg 768w, https:\/\/www.albinfo.at\/wp-content\/uploads\/2026\/08\/konsullja-gjeneve-2-503x396.jpg 503w, https:\/\/www.albinfo.at\/wp-content\/uploads\/2026\/08\/konsullja-gjeneve-2-127x100.jpg 127w, https:\/\/www.albinfo.at\/wp-content\/uploads\/2026\/08\/konsullja-gjeneve-2-222x175.jpg 222w\" sizes=\"auto, (max-width: 508px) 100vw, 508px\" \/><\/a><\/p>\n<p>Am 30. August, dem Internationalen Tag der Opfer des Verschwindenlassens, wurde auch in Genf auf diese noch immer offene Wunde des Kosovo aufmerksam gemacht. Verschiedene Veranstaltungen brachten Angeh\u00f6rige, institutionelle Vertreter, Diplomaten, Aktivisten und Mitglieder der albanischen Diaspora zusammen.<\/p>\n<p>Im Laufe des Tages fand der Marsch f\u00fcr Gerechtigkeit statt, organisiert vom Kulturverein &#8220;Dora d\u2019Istria&#8221; in Zusammenarbeit mit Partnervereinen und Partnerorganisationen. Die Teilnehmenden marschierten durch Genf und forderten Gerechtigkeit sowie die Aufkl\u00e4rung des Schicksals der w\u00e4hrend des Kosovo-Krieges verschwundenen Personen.<\/p>\n<p>Am selben Tag, jedoch im Rahmen eines separaten Programms, organisierte das Generalkonsulat der Republik Kosovo in Genf in Zusammenarbeit mit Jardin des Disparus in Meyrin eine Reihe von Gedenkveranstaltungen.<\/p>\n<p><strong>Von &#8220;Immer noch warten?&#8221; bis &#8220;Ferdonija&#8221;<\/strong><\/p>\n<p>Das Programm des Konsulats begann um 11:00 Uhr mit der Er\u00f6ffnung der Ausstellung &#8220;Immer noch warten?&#8221; des K\u00fcnstlers Artan Korenica. Um 18:00 Uhr wurden die Aktivit\u00e4ten mit einer Diskussionsrunde \u00fcber vermisste Personen fortgesetzt, w\u00e4hrend um 20:00 Uhr der Dokumentarfilm &#8220;Ferdonija&#8221; in albanischer Sprache mit englischen Untertiteln gezeigt wurde.<\/p>\n<p>&nbsp;<\/p>\n<p><a href=\"https:\/\/www.albinfo.ch\/wp-content\/uploads\/2026\/08\/786888535_2602484686860223_4903886085019440477_n.jpg\"><img loading=\"lazy\" decoding=\"async\" class=\"alignnone wp-image-948109\" src=\"https:\/\/www.albinfo.ch\/wp-content\/uploads\/2026\/08\/786888535_2602484686860223_4903886085019440477_n.jpg\" alt=\"\" width=\"650\" height=\"488\" srcset=\"https:\/\/www.albinfo.at\/wp-content\/uploads\/2026\/08\/786888535_2602484686860223_4903886085019440477_n.jpg 2048w, https:\/\/www.albinfo.at\/wp-content\/uploads\/2026\/08\/786888535_2602484686860223_4903886085019440477_n-300x225.jpg 300w, https:\/\/www.albinfo.at\/wp-content\/uploads\/2026\/08\/786888535_2602484686860223_4903886085019440477_n-1024x768.jpg 1024w, https:\/\/www.albinfo.at\/wp-content\/uploads\/2026\/08\/786888535_2602484686860223_4903886085019440477_n-768x576.jpg 768w, https:\/\/www.albinfo.at\/wp-content\/uploads\/2026\/08\/786888535_2602484686860223_4903886085019440477_n-1536x1152.jpg 1536w, https:\/\/www.albinfo.at\/wp-content\/uploads\/2026\/08\/786888535_2602484686860223_4903886085019440477_n-528x396.jpg 528w, https:\/\/www.albinfo.at\/wp-content\/uploads\/2026\/08\/786888535_2602484686860223_4903886085019440477_n-133x100.jpg 133w, https:\/\/www.albinfo.at\/wp-content\/uploads\/2026\/08\/786888535_2602484686860223_4903886085019440477_n-233x175.jpg 233w\" sizes=\"auto, (max-width: 650px) 100vw, 650px\" \/><\/a><\/p>\n<p>An der Veranstaltung nahmen unter anderem der Botschafter der Republik Kosovo, Mentor Latifi, die Konsulin Floreta Kabashi, Agron Limani, Vorsitzender der Regierungskommission f\u00fcr vermisste Personen, Kushtrim Gara, Leiter der Einheit dieser Kommission, die Co-Pr\u00e4sidentinnen von Jardin des Disparus Jenny Bettancourt und Catherine Haus, die B\u00fcrgermeisterin von Meyrin Xhevrie Osmani, Angeh\u00f6rige vermisster Personen, Vertreter der albanischen Gemeinschaft sowie weitere G\u00e4ste teil.<\/p>\n<p>Unter den Anwesenden war auch Ueli Leuenberger, ehemaliger Nationalrat und ehemaliger Pr\u00e4sident der Gr\u00fcnen Schweiz, der f\u00fcr sein langj\u00e4hriges Engagement zugunsten der albanischen Gemeinschaft und des Kosovo bekannt ist. Als Gr\u00fcnder der Albanischen Volkshochschule in Genf war Leuenberger \u00fcber die Jahre hinweg an zahlreichen Initiativen und Aktivit\u00e4ten beteiligt, die mit dem Kosovo und der albanischen Frage verbunden waren.<\/p>\n<p>Doch die gr\u00f6sste Last des Abends trugen die Familien. Hinter den Diskussionen \u00fcber Archive, Institutionen und politische Prozesse stehen Menschen, die seit 27 Jahren auf eine Antwort zum Schicksal ihrer Angeh\u00f6rigen warten.<\/p>\n<p><strong>&#8220;Die Familien warten seit Langem&#8221;<\/strong><\/p>\n<p>In ihrer Rede betonte Konsulin Floreta Kabashi, dass die Diskussionsrunde darauf abzielte, die Frage der vermissten Personen konkret und auf institutioneller Ebene zu behandeln: Wo steht der Prozess, welche Herausforderungen bestehen und wie sieht der weitere Weg aus?<\/p>\n<p>Sie erinnerte an das Recht der Familien, die Wahrheit zu erfahren, und richtete eine klare Botschaft aus:<\/p>\n<p>&#8220;Die Familien warten seit Langem und haben das Recht, Antworten zu erhalten.&#8221;<\/p>\n<p>Kabashi rief zu einem st\u00e4rkeren Engagement der internationalen Gemeinschaft und zu mehr Druck auf Serbien auf, damit die Archive ge\u00f6ffnet und Informationen bereitgestellt werden, die bei der Suche nach den vermissten Personen helfen k\u00f6nnten.<\/p>\n<p>Auch Agron Limani stellte die Familien in den Mittelpunkt der Diskussion und bezeichnete die Frage der vermissten Personen als eine der schwersten Wunden, die nach einem Krieg zur\u00fcckbleiben.<\/p>\n<p>&#8220;F\u00fcr die Familien endete der Krieg nicht vollst\u00e4ndig mit dem Abzug der serbischen Polizei, des Milit\u00e4rs und der paramilit\u00e4rischen Kr\u00e4fte, denn das Fehlen von Informationen \u00fcber das Schicksal ihrer Angeh\u00f6rigen ist weiterhin Teil ihres Lebens.&#8221;<\/p>\n<p><a href=\"https:\/\/www.albinfo.ch\/wp-content\/uploads\/2026\/08\/dita-e-te-zhdukurve.jpg\"><img loading=\"lazy\" decoding=\"async\" class=\"alignnone wp-image-948112\" src=\"https:\/\/www.albinfo.ch\/wp-content\/uploads\/2026\/08\/dita-e-te-zhdukurve.jpg\" alt=\"\" width=\"650\" height=\"488\" srcset=\"https:\/\/www.albinfo.at\/wp-content\/uploads\/2026\/08\/dita-e-te-zhdukurve.jpg 2048w, https:\/\/www.albinfo.at\/wp-content\/uploads\/2026\/08\/dita-e-te-zhdukurve-300x225.jpg 300w, https:\/\/www.albinfo.at\/wp-content\/uploads\/2026\/08\/dita-e-te-zhdukurve-1024x768.jpg 1024w, https:\/\/www.albinfo.at\/wp-content\/uploads\/2026\/08\/dita-e-te-zhdukurve-768x576.jpg 768w, https:\/\/www.albinfo.at\/wp-content\/uploads\/2026\/08\/dita-e-te-zhdukurve-1536x1152.jpg 1536w, https:\/\/www.albinfo.at\/wp-content\/uploads\/2026\/08\/dita-e-te-zhdukurve-528x396.jpg 528w, https:\/\/www.albinfo.at\/wp-content\/uploads\/2026\/08\/dita-e-te-zhdukurve-133x100.jpg 133w, https:\/\/www.albinfo.at\/wp-content\/uploads\/2026\/08\/dita-e-te-zhdukurve-233x175.jpg 233w\" sizes=\"auto, (max-width: 650px) 100vw, 650px\" \/><\/a><\/p>\n<p><strong>Zwei Hindernisse: Informationen und Zeit<\/strong><\/p>\n<p>Auf die Frage von Albinfo.ch nach den konkreten Schwierigkeiten, die die Suche und Identifizierung vermisster Personen weiterhin behindern, nannte Kushtrim Gara zwei zentrale Herausforderungen: den Mangel an verl\u00e4sslichen Informationen und den Faktor Zeit.<\/p>\n<p>Ihm zufolge h\u00e4ngt der Mangel an Informationen unmittelbar auch mit der fehlenden Zusammenarbeit der serbischen Seite zusammen, darunter der Zugang zu Archiven und die Umsetzung der bisher eingegangenen Verpflichtungen.<\/p>\n<p>27 Jahre nach dem Krieg erschwert zudem der Lauf der Zeit den Prozess zus\u00e4tzlich: Generationen wechseln, die Arbeit vor Ort wird komplexer und sterbliche \u00dcberreste, die in vielen F\u00e4llen verlagert oder fragmentiert wurden, machen die Identifizierung noch schwieriger.<\/p>\n<p>Gara fasste diese Realit\u00e4t in einem Satz zusammen, der den Kern der Diskussion traf:<\/p>\n<p>&#8220;Wenn die Zeit Wunden heilt, ist es bei den Familien und Angeh\u00f6rigen der vermissten Personen genau umgekehrt. Die Zeit macht diese offene Wunde noch schwerer.&#8221;<\/p>\n<p>Auch Catherine Haus, Co-Pr\u00e4sidentin von Jardin des Disparus, sprach \u00fcber die fortlaufende Zusammenarbeit mit der albanischen Gemeinschaft und \u00fcber die Notwendigkeit, das Engagement f\u00fcr die vermissten Personen und ihre Familien gemeinsam fortzusetzen.<\/p>\n<p>Im Saal befanden sich auch Angeh\u00f6rige vermisster Personen, darunter Lutfije Ademi Vokshi, die Schwester von Dr. Adem Ademi.<\/p>\n<p>Das Programm des Konsulats endete mit dem Dokumentarfilm &#8220;Ferdonija&#8221; und verlagerte damit den Fokus von den institutionellen Mechanismen auf die menschlichste Dimension dieser Trag\u00f6die: das Warten, die Erinnerung und den Schmerz der Familien.<\/p>\n<p><strong>Zwei Abende, eine Wunde<\/strong><\/p>\n<p>Doch der 30. August in Genf machte auch eine andere Realit\u00e4t sichtbar.<\/p>\n<p><a href=\"https:\/\/www.albinfo.ch\/wp-content\/uploads\/2026\/08\/788370168_1420891706805747_7898129502792765304_n.jpg\"><img loading=\"lazy\" decoding=\"async\" class=\"alignnone wp-image-948119\" src=\"https:\/\/www.albinfo.ch\/wp-content\/uploads\/2026\/08\/788370168_1420891706805747_7898129502792765304_n.jpg\" alt=\"\" width=\"650\" height=\"488\" srcset=\"https:\/\/www.albinfo.at\/wp-content\/uploads\/2026\/08\/788370168_1420891706805747_7898129502792765304_n.jpg 2048w, https:\/\/www.albinfo.at\/wp-content\/uploads\/2026\/08\/788370168_1420891706805747_7898129502792765304_n-300x225.jpg 300w, https:\/\/www.albinfo.at\/wp-content\/uploads\/2026\/08\/788370168_1420891706805747_7898129502792765304_n-1024x768.jpg 1024w, https:\/\/www.albinfo.at\/wp-content\/uploads\/2026\/08\/788370168_1420891706805747_7898129502792765304_n-768x576.jpg 768w, https:\/\/www.albinfo.at\/wp-content\/uploads\/2026\/08\/788370168_1420891706805747_7898129502792765304_n-1536x1152.jpg 1536w, https:\/\/www.albinfo.at\/wp-content\/uploads\/2026\/08\/788370168_1420891706805747_7898129502792765304_n-528x396.jpg 528w, https:\/\/www.albinfo.at\/wp-content\/uploads\/2026\/08\/788370168_1420891706805747_7898129502792765304_n-133x100.jpg 133w, https:\/\/www.albinfo.at\/wp-content\/uploads\/2026\/08\/788370168_1420891706805747_7898129502792765304_n-233x175.jpg 233w\" sizes=\"auto, (max-width: 650px) 100vw, 650px\" \/><\/a><\/p>\n<p>F\u00fcr dieselbe Sache, am selben Tag und in derselben Stadt, fanden zwei getrennte Veranstaltungen statt. Die eine stand im Zusammenhang mit dem Marsch f\u00fcr Gerechtigkeit und den begleitenden Aktivit\u00e4ten, w\u00e4hrend die andere Teil des Programms des Generalkonsulats des Kosovo und von Jardin des Disparus war.<\/p>\n<p>Bei der anderen Veranstaltung war auch Andin Hoti anwesend. Er ist Minister f\u00fcr Arbeit, Familie und die Werte des Befreiungskrieges in der Regierung des Kosovo und zugleich der Sohn des Aktivisten und Intellektuellen Ukshin Hoti, dessen Schicksal bis heute ungekl\u00e4rt ist. F\u00fcr Andin Hoti hat die Frage der vermissten Personen daher eine doppelte Dimension: eine institutionelle, aber auch eine zutiefst pers\u00f6nliche.<\/p>\n<p>Einige Landsleute, die an der Veranstaltung des Konsulats teilgenommen hatten, gingen sp\u00e4ter auch zu der anderen Veranstaltung. In ihren Gespr\u00e4chen wurde auch die Frage gestellt, warum die Aktivit\u00e4ten f\u00fcr eine Sache, die alle verbindet, getrennt organisiert worden waren.<\/p>\n<p>Dies ist nicht zwangsl\u00e4ufig ein Beweis f\u00fcr eine Spaltung und kann ohne Fakten auch nicht als solche interpretiert werden. Die Frage nach der Koordination bleibt jedoch berechtigt, insbesondere wenn es um ein Thema geht, das \u00fcber Institutionen, Organisationen oder Einzelpersonen hinaus eine gemeinsame Wunde ber\u00fchrt.<\/p>\n<p>Denn alle waren aus demselben Grund dort: f\u00fcr jene, die fehlen.<\/p>\n<p>Zwei Abende. Eine Stadt. Ein Datum. Dieselbe Wunde.<\/p>\n<p>Die Familien der vermissten Personen verlangen nicht nur Gedenken. Sie verlangen Informationen, die Wahrheit und das Recht zu erfahren, was mit ihren Angeh\u00f6rigen geschehen ist.<\/p>\n<p>Nach 27 Jahren liegt vielleicht genau darin die st\u00e4rkste Botschaft des 30. August in Genf:<\/p>\n<p>Die Veranstaltungen k\u00f6nnen getrennt organisiert werden. Doch der Schmerz, die Erinnerung und die Suche nach der Wahrheit sind gemeinsam.<\/p>\n<p>Und die Zeit, wie an diesem Abend gesagt wurde, &#8220;macht diese offene Wunde noch schwerer&#8221;.<\/p>\n<p><strong>Zamira Bytyqi, Genf<\/strong><\/p>\n<p>&nbsp;<\/p>\n","protected":false},"excerpt":{"rendered":"<p>Am 30. August, dem Internationalen Tag der Opfer des Verschwindenlassens, wurde auch in Genf auf diese noch immer offene Wunde des Kosovo aufmerksam gemacht.<\/p>\n","protected":false},"author":4,"featured_media":948102,"comment_status":"closed","ping_status":"closed","sticky":false,"template":"","format":"standard","meta":{"footnotes":""},"categories":[34918,24636,1134,3952,24631,1129,1133,1138],"tags":[],"vendi":[31847],"content_country":[29888,31836,31837],"class_list":["post-948259","post","type-post","status-publish","format-standard","has-post-thumbnail","hentry","category-andere-de-5","category-nachrichten-de-4","category-integration","category-kosova-de","category-nachrichten-de-2","category-ch-balkan","category-e-diaspora-de","category-kultur","vendi-genf","content_country-zvicer","content_country-austria-de","content_country-germany-de"],"acf":[],"_links":{"self":[{"href":"https:\/\/www.albinfo.at\/de\/wp-json\/wp\/v2\/posts\/948259","targetHints":{"allow":["GET"]}}],"collection":[{"href":"https:\/\/www.albinfo.at\/de\/wp-json\/wp\/v2\/posts"}],"about":[{"href":"https:\/\/www.albinfo.at\/de\/wp-json\/wp\/v2\/types\/post"}],"author":[{"embeddable":true,"href":"https:\/\/www.albinfo.at\/de\/wp-json\/wp\/v2\/users\/4"}],"replies":[{"embeddable":true,"href":"https:\/\/www.albinfo.at\/de\/wp-json\/wp\/v2\/comments?post=948259"}],"version-history":[{"count":2,"href":"https:\/\/www.albinfo.at\/de\/wp-json\/wp\/v2\/posts\/948259\/revisions"}],"predecessor-version":[{"id":948261,"href":"https:\/\/www.albinfo.at\/de\/wp-json\/wp\/v2\/posts\/948259\/revisions\/948261"}],"wp:featuredmedia":[{"embeddable":true,"href":"https:\/\/www.albinfo.at\/de\/wp-json\/wp\/v2\/media\/948102"}],"wp:attachment":[{"href":"https:\/\/www.albinfo.at\/de\/wp-json\/wp\/v2\/media?parent=948259"}],"wp:term":[{"taxonomy":"category","embeddable":true,"href":"https:\/\/www.albinfo.at\/de\/wp-json\/wp\/v2\/categories?post=948259"},{"taxonomy":"post_tag","embeddable":true,"href":"https:\/\/www.albinfo.at\/de\/wp-json\/wp\/v2\/tags?post=948259"},{"taxonomy":"vendi","embeddable":true,"href":"https:\/\/www.albinfo.at\/de\/wp-json\/wp\/v2\/vendi?post=948259"},{"taxonomy":"content_country","embeddable":true,"href":"https:\/\/www.albinfo.at\/de\/wp-json\/wp\/v2\/content_country?post=948259"}],"curies":[{"name":"wp","href":"https:\/\/api.w.org\/{rel}","templated":true}]}}