{"id":948088,"date":"2026-08-30T19:45:40","date_gmt":"2026-08-30T17:45:40","guid":{"rendered":"https:\/\/www.albinfo.ch\/marshi-per-drejtesi-ne-gjeneve-hap-aktivitetin-kushtuar-te-zhdukurve-me-dhune\/"},"modified":"2026-08-31T01:54:08","modified_gmt":"2026-08-30T23:54:08","slug":"marshi-per-drejtesi-ne-gjeneve-hap-aktivitetin-kushtuar-te-zhdukurve-me-dhune","status":"publish","type":"post","link":"https:\/\/www.albinfo.at\/de\/marshi-per-drejtesi-ne-gjeneve-hap-aktivitetin-kushtuar-te-zhdukurve-me-dhune\/","title":{"rendered":"&#8220;Der Marsch f\u00fcr Gerechtigkeit&#8221; in Genf er\u00f6ffnet die Veranstaltung zum Thema der gewaltsam Verschwundenen"},"content":{"rendered":"<p>Die Sonne stieg an diesem f\u00fcr Ende August typisch hei\u00dfen Tag immer h\u00f6her, w\u00e4hrend sich eine vielf\u00e4ltige Gruppe von Albanern, Schweizern und weiteren Teilnehmern darauf vorbereitete, den &#8220;Marsch f\u00fcr Gerechtigkeit&#8221; durch die Stra\u00dfen Genfs zu beginnen. Dem Start ging eine Begr\u00fc\u00dfungsrede des ehemaligen Stadtpr\u00e4sidenten von Genf, R\u00e9my Pagani, voraus, der an die Bedeutung des Internationalen Tages der Opfer des Verschwindenlassens sowie an die humanit\u00e4re Tradition der Stadt Genf erinnerte.<\/p>\n<p><a href=\"https:\/\/www.albinfo.ch\/wp-content\/uploads\/2026\/08\/grupoi-marshimi.jpg\"><img loading=\"lazy\" decoding=\"async\" class=\"alignnone wp-image-947978\" src=\"https:\/\/www.albinfo.ch\/wp-content\/uploads\/2026\/08\/grupoi-marshimi.jpg\" alt=\"\" width=\"650\" height=\"468\" srcset=\"https:\/\/www.albinfo.at\/wp-content\/uploads\/2026\/08\/grupoi-marshimi.jpg 2048w, https:\/\/www.albinfo.at\/wp-content\/uploads\/2026\/08\/grupoi-marshimi-300x216.jpg 300w, https:\/\/www.albinfo.at\/wp-content\/uploads\/2026\/08\/grupoi-marshimi-1024x738.jpg 1024w, https:\/\/www.albinfo.at\/wp-content\/uploads\/2026\/08\/grupoi-marshimi-768x554.jpg 768w, https:\/\/www.albinfo.at\/wp-content\/uploads\/2026\/08\/grupoi-marshimi-1536x1107.jpg 1536w, https:\/\/www.albinfo.at\/wp-content\/uploads\/2026\/08\/grupoi-marshimi-549x396.jpg 549w, https:\/\/www.albinfo.at\/wp-content\/uploads\/2026\/08\/grupoi-marshimi-139x100.jpg 139w, https:\/\/www.albinfo.at\/wp-content\/uploads\/2026\/08\/grupoi-marshimi-243x175.jpg 243w\" sizes=\"auto, (max-width: 650px) 100vw, 650px\" \/><\/a><\/p>\n<p class=\"isSelectedEnd\">Der &#8220;Marsch&#8230;&#8221; bildete den zentralen Punkt dieser vielseitigen Veranstaltung anl\u00e4sslich des 30. August, der seit Jahren im offiziellen Kalender internationaler Organisationen als Internationaler Tag der Opfer des Verschwindenlassens verankert ist.<\/p>\n<p>An der Spitze dieser Organisation, die in diesem Jahr ihre zweite Ausgabe erlebt, steht der Kulturverein &#8220;Dora D\u2019Istria&#8221; mit Sitz in Genf, genauer gesagt dessen Pr\u00e4sidentin Mirishahe Hiler Limani. Nach der guten Arbeit im vergangenen Jahr schlossen sich dieser Initiative auch mehrere weitere Vereine, Organisationen und Einzelpersonen aus Genf und dar\u00fcber hinaus an.<\/p>\n<p><a href=\"https:\/\/www.albinfo.ch\/wp-content\/uploads\/2026\/08\/pagani.jpg\"><img loading=\"lazy\" decoding=\"async\" class=\"alignnone wp-image-947993\" src=\"https:\/\/www.albinfo.ch\/wp-content\/uploads\/2026\/08\/pagani.jpg\" alt=\"\" width=\"650\" height=\"465\" srcset=\"https:\/\/www.albinfo.at\/wp-content\/uploads\/2026\/08\/pagani.jpg 2048w, https:\/\/www.albinfo.at\/wp-content\/uploads\/2026\/08\/pagani-300x214.jpg 300w, https:\/\/www.albinfo.at\/wp-content\/uploads\/2026\/08\/pagani-1024x732.jpg 1024w, https:\/\/www.albinfo.at\/wp-content\/uploads\/2026\/08\/pagani-768x549.jpg 768w, https:\/\/www.albinfo.at\/wp-content\/uploads\/2026\/08\/pagani-1536x1098.jpg 1536w, https:\/\/www.albinfo.at\/wp-content\/uploads\/2026\/08\/pagani-554x396.jpg 554w, https:\/\/www.albinfo.at\/wp-content\/uploads\/2026\/08\/pagani-140x100.jpg 140w, https:\/\/www.albinfo.at\/wp-content\/uploads\/2026\/08\/pagani-245x175.jpg 245w\" sizes=\"auto, (max-width: 650px) 100vw, 650px\" \/><\/a><\/p>\n<p class=\"isSelectedEnd\">Der &#8220;Marsch f\u00fcr Gerechtigkeit&#8221; f\u00fchrte \u00fcber eine Strecke von rund zwei Kilometern und endete auf dem Platz vor den Vereinten Nationen, genauer gesagt bei dem ber\u00fchmten &#8220;Broken Chair&#8221; in der Mitte des Platzes. Der Zug bestand aus Aktivisten, Albanern, Schweizern und Angeh\u00f6rigen anderer Gemeinschaften. Angef\u00fchrt wurde er vom amtierenden Minister der Regierung des Kosovo, Herrn Andin Hoti, sowie von mehreren Vertretern der Institutionen des Kantons, der Stadt und der Gemeinden von Genf.<\/p>\n<p>Mitglieder albanischer Kulturvereine aus Genf und anderen St\u00e4dten in ihren sch\u00f6nen Nationaltrachten sowie Mitglieder des albanischen Motorradclubs &#8220;Shqiponja&#8221; verliehen dem Zug zus\u00e4tzlich Farbe.<\/p>\n<p><a href=\"https:\/\/www.albinfo.ch\/wp-content\/uploads\/2026\/08\/cd1e662f-d738-4e7d-b14c-33259bdcece7.jpg\"><img loading=\"lazy\" decoding=\"async\" class=\"alignnone wp-image-947960\" src=\"https:\/\/www.albinfo.ch\/wp-content\/uploads\/2026\/08\/cd1e662f-d738-4e7d-b14c-33259bdcece7.jpg\" alt=\"\" width=\"650\" height=\"473\" srcset=\"https:\/\/www.albinfo.at\/wp-content\/uploads\/2026\/08\/cd1e662f-d738-4e7d-b14c-33259bdcece7.jpg 2048w, https:\/\/www.albinfo.at\/wp-content\/uploads\/2026\/08\/cd1e662f-d738-4e7d-b14c-33259bdcece7-300x218.jpg 300w, https:\/\/www.albinfo.at\/wp-content\/uploads\/2026\/08\/cd1e662f-d738-4e7d-b14c-33259bdcece7-1024x745.jpg 1024w, https:\/\/www.albinfo.at\/wp-content\/uploads\/2026\/08\/cd1e662f-d738-4e7d-b14c-33259bdcece7-768x559.jpg 768w, https:\/\/www.albinfo.at\/wp-content\/uploads\/2026\/08\/cd1e662f-d738-4e7d-b14c-33259bdcece7-1536x1118.jpg 1536w, https:\/\/www.albinfo.at\/wp-content\/uploads\/2026\/08\/cd1e662f-d738-4e7d-b14c-33259bdcece7-544x396.jpg 544w, https:\/\/www.albinfo.at\/wp-content\/uploads\/2026\/08\/cd1e662f-d738-4e7d-b14c-33259bdcece7-137x100.jpg 137w, https:\/\/www.albinfo.at\/wp-content\/uploads\/2026\/08\/cd1e662f-d738-4e7d-b14c-33259bdcece7-241x175.jpg 241w\" sizes=\"auto, (max-width: 650px) 100vw, 650px\" \/><\/a><\/p>\n<p>W\u00e4hrend sich der Zug n\u00e4herte, fand auf dem Platz vor dem Sitz der UNO bereits eine k\u00fcnstlerische Performance statt, die den w\u00e4hrend des Kosovo-Krieges gewaltsam Verschwundenen gewidmet war und vom K\u00fcnstler Ram\u00eb Dardania vorbereitet worden war. Er hatte eine eindrucksvolle k\u00fcnstlerische Idee umgesetzt, indem er Kleidungsst\u00fccke, verschiedene Gegenst\u00e4nde und Kinderspielzeug zusammengetragen hatte, die den Schmerz \u00fcber das Fehlen jener symbolisierten, die der Krieg genommen hatte. Die schwere Atmosph\u00e4re, die von der Performance ausging, wurde zus\u00e4tzlich durch das Spiel auf der Lahuta des Musikers Ibrahim Gjaferaj verst\u00e4rkt. Eine Szene, die ersch\u00fctternde Emotionen aus dem Krieg und den Trag\u00f6dien, die er mit sich bringt, vermittelte.<\/p>\n<p><a href=\"https:\/\/www.albinfo.ch\/wp-content\/uploads\/2026\/08\/b1243dab-f66f-4e3c-8685-b14e8d176938.jpg\"><img loading=\"lazy\" decoding=\"async\" class=\"alignnone wp-image-947954\" src=\"https:\/\/www.albinfo.ch\/wp-content\/uploads\/2026\/08\/b1243dab-f66f-4e3c-8685-b14e8d176938.jpg\" alt=\"\" width=\"650\" height=\"490\" srcset=\"https:\/\/www.albinfo.at\/wp-content\/uploads\/2026\/08\/b1243dab-f66f-4e3c-8685-b14e8d176938.jpg 2048w, https:\/\/www.albinfo.at\/wp-content\/uploads\/2026\/08\/b1243dab-f66f-4e3c-8685-b14e8d176938-300x226.jpg 300w, https:\/\/www.albinfo.at\/wp-content\/uploads\/2026\/08\/b1243dab-f66f-4e3c-8685-b14e8d176938-1024x773.jpg 1024w, https:\/\/www.albinfo.at\/wp-content\/uploads\/2026\/08\/b1243dab-f66f-4e3c-8685-b14e8d176938-768x579.jpg 768w, https:\/\/www.albinfo.at\/wp-content\/uploads\/2026\/08\/b1243dab-f66f-4e3c-8685-b14e8d176938-1536x1159.jpg 1536w, https:\/\/www.albinfo.at\/wp-content\/uploads\/2026\/08\/b1243dab-f66f-4e3c-8685-b14e8d176938-525x396.jpg 525w, https:\/\/www.albinfo.at\/wp-content\/uploads\/2026\/08\/b1243dab-f66f-4e3c-8685-b14e8d176938-133x100.jpg 133w, https:\/\/www.albinfo.at\/wp-content\/uploads\/2026\/08\/b1243dab-f66f-4e3c-8685-b14e8d176938-232x175.jpg 232w\" sizes=\"auto, (max-width: 650px) 100vw, 650px\" \/><\/a><\/p>\n<p>Der Zug ist nun auf dem Platz angekommen, und es ist Zeit, die Botschaft der Veranstaltung zu vermitteln. Zahlreiche Redner, angefangen bei Minister Hoti und der Parlamentspr\u00e4sidentin des Kantons und der Republik Genf, ergriffen das Wort und betonten die Bedeutung des Tages der Opfer des Verschwindenlassens sowie die Notwendigkeit, die Erinnerung an die Vermissten zu bewahren, um zur Aufkl\u00e4rung ihres Schicksals beizutragen.<\/p>\n<p>Durch das Programm f\u00fchrte Lisa Mazzone, Pr\u00e4sidentin der Gr\u00fcnen Schweiz, eine auf nationaler Ebene bekannte Politikerin und Mitglied des Organisationsrates dieser Veranstaltung.<\/p>\n<p><a href=\"https:\/\/www.albinfo.ch\/wp-content\/uploads\/2026\/08\/a583fa33-d291-4062-b0c0-45ca1a1c3817.jpg\"><img loading=\"lazy\" decoding=\"async\" class=\"alignnone wp-image-947951\" src=\"https:\/\/www.albinfo.ch\/wp-content\/uploads\/2026\/08\/a583fa33-d291-4062-b0c0-45ca1a1c3817.jpg\" alt=\"\" width=\"650\" height=\"509\" srcset=\"https:\/\/www.albinfo.at\/wp-content\/uploads\/2026\/08\/a583fa33-d291-4062-b0c0-45ca1a1c3817.jpg 2048w, https:\/\/www.albinfo.at\/wp-content\/uploads\/2026\/08\/a583fa33-d291-4062-b0c0-45ca1a1c3817-300x235.jpg 300w, https:\/\/www.albinfo.at\/wp-content\/uploads\/2026\/08\/a583fa33-d291-4062-b0c0-45ca1a1c3817-1024x802.jpg 1024w, https:\/\/www.albinfo.at\/wp-content\/uploads\/2026\/08\/a583fa33-d291-4062-b0c0-45ca1a1c3817-768x602.jpg 768w, https:\/\/www.albinfo.at\/wp-content\/uploads\/2026\/08\/a583fa33-d291-4062-b0c0-45ca1a1c3817-1536x1203.jpg 1536w, https:\/\/www.albinfo.at\/wp-content\/uploads\/2026\/08\/a583fa33-d291-4062-b0c0-45ca1a1c3817-506x396.jpg 506w, https:\/\/www.albinfo.at\/wp-content\/uploads\/2026\/08\/a583fa33-d291-4062-b0c0-45ca1a1c3817-128x100.jpg 128w, https:\/\/www.albinfo.at\/wp-content\/uploads\/2026\/08\/a583fa33-d291-4062-b0c0-45ca1a1c3817-223x175.jpg 223w\" sizes=\"auto, (max-width: 650px) 100vw, 650px\" \/><\/a><\/p>\n<p>Als erster Redner betonte der Minister f\u00fcr Arbeit, Familie und die Werte des Befreiungskrieges, Andin Hoti, unter anderem, dass er in erster Linie als Sohn eines gewaltsam Verschwundenen sprach, der Ikone des albanischen Widerstands, Ukshin Hoti.<\/p>\n<p><a href=\"https:\/\/www.albinfo.ch\/wp-content\/uploads\/2026\/08\/gjeneve-hoti.jpg\"><img loading=\"lazy\" decoding=\"async\" class=\"alignnone wp-image-947969\" src=\"https:\/\/www.albinfo.ch\/wp-content\/uploads\/2026\/08\/gjeneve-hoti.jpg\" alt=\"\" width=\"650\" height=\"488\" srcset=\"https:\/\/www.albinfo.at\/wp-content\/uploads\/2026\/08\/gjeneve-hoti.jpg 2048w, https:\/\/www.albinfo.at\/wp-content\/uploads\/2026\/08\/gjeneve-hoti-300x225.jpg 300w, https:\/\/www.albinfo.at\/wp-content\/uploads\/2026\/08\/gjeneve-hoti-1024x768.jpg 1024w, https:\/\/www.albinfo.at\/wp-content\/uploads\/2026\/08\/gjeneve-hoti-768x576.jpg 768w, https:\/\/www.albinfo.at\/wp-content\/uploads\/2026\/08\/gjeneve-hoti-1536x1152.jpg 1536w, https:\/\/www.albinfo.at\/wp-content\/uploads\/2026\/08\/gjeneve-hoti-528x396.jpg 528w, https:\/\/www.albinfo.at\/wp-content\/uploads\/2026\/08\/gjeneve-hoti-133x100.jpg 133w, https:\/\/www.albinfo.at\/wp-content\/uploads\/2026\/08\/gjeneve-hoti-233x175.jpg 233w\" sizes=\"auto, (max-width: 650px) 100vw, 650px\" \/><\/a><\/p>\n<p>Anschlie\u00dfend ergriff die Parlamentspr\u00e4sidentin des Kantons und der Republik Genf, Frau Dilar Baryak, das Wort. Nach ihr sprachen die Stadtpr\u00e4sidentin von Genf, Frau Christina Kitsos, Atdhe Hetemi, Direktor des Instituts f\u00fcr Kriegsverbrechen im Kosovo, sowie die Gemeindepr\u00e4sidentin von Meyrin, Frau Xhevrije Osmani, eine Politikerin mit albanischen Wurzeln.<\/p>\n<p><a href=\"https:\/\/www.albinfo.ch\/wp-content\/uploads\/2026\/08\/kryetarja-e-gjeneves.jpg\"><img loading=\"lazy\" decoding=\"async\" class=\"alignnone wp-image-947981\" src=\"https:\/\/www.albinfo.ch\/wp-content\/uploads\/2026\/08\/kryetarja-e-gjeneves.jpg\" alt=\"\" width=\"650\" height=\"488\" srcset=\"https:\/\/www.albinfo.at\/wp-content\/uploads\/2026\/08\/kryetarja-e-gjeneves.jpg 2048w, https:\/\/www.albinfo.at\/wp-content\/uploads\/2026\/08\/kryetarja-e-gjeneves-300x225.jpg 300w, https:\/\/www.albinfo.at\/wp-content\/uploads\/2026\/08\/kryetarja-e-gjeneves-1024x768.jpg 1024w, https:\/\/www.albinfo.at\/wp-content\/uploads\/2026\/08\/kryetarja-e-gjeneves-768x576.jpg 768w, https:\/\/www.albinfo.at\/wp-content\/uploads\/2026\/08\/kryetarja-e-gjeneves-1536x1152.jpg 1536w, https:\/\/www.albinfo.at\/wp-content\/uploads\/2026\/08\/kryetarja-e-gjeneves-528x396.jpg 528w, https:\/\/www.albinfo.at\/wp-content\/uploads\/2026\/08\/kryetarja-e-gjeneves-133x100.jpg 133w, https:\/\/www.albinfo.at\/wp-content\/uploads\/2026\/08\/kryetarja-e-gjeneves-233x175.jpg 233w\" sizes=\"auto, (max-width: 650px) 100vw, 650px\" \/><\/a><\/p>\n<p>Auch Vertreter anderer in Genf lebender Gemeinschaften, die ebenfalls mit der schmerzhaften Problematik der Verschwundenen konfrontiert sind, sprachen \u00fcber die Bedeutung des Gedenkens an den Internationalen Tag der Opfer des Verschwindenlassens. Im Namen der argentinischen Gemeinschaft sprach Patricia Peres Catan, f\u00fcr die ukrainische Gemeinschaft Irena Parfeniuk und weitere.<\/p>\n<p><a href=\"https:\/\/www.albinfo.ch\/wp-content\/uploads\/2026\/08\/be651ef1-04c8-45d5-b7fb-a0b37073f690.jpg\"><img loading=\"lazy\" decoding=\"async\" class=\"alignnone wp-image-947957\" src=\"https:\/\/www.albinfo.ch\/wp-content\/uploads\/2026\/08\/be651ef1-04c8-45d5-b7fb-a0b37073f690.jpg\" alt=\"\" width=\"650\" height=\"482\" srcset=\"https:\/\/www.albinfo.at\/wp-content\/uploads\/2026\/08\/be651ef1-04c8-45d5-b7fb-a0b37073f690.jpg 2048w, https:\/\/www.albinfo.at\/wp-content\/uploads\/2026\/08\/be651ef1-04c8-45d5-b7fb-a0b37073f690-300x223.jpg 300w, https:\/\/www.albinfo.at\/wp-content\/uploads\/2026\/08\/be651ef1-04c8-45d5-b7fb-a0b37073f690-1024x760.jpg 1024w, https:\/\/www.albinfo.at\/wp-content\/uploads\/2026\/08\/be651ef1-04c8-45d5-b7fb-a0b37073f690-768x570.jpg 768w, https:\/\/www.albinfo.at\/wp-content\/uploads\/2026\/08\/be651ef1-04c8-45d5-b7fb-a0b37073f690-1536x1140.jpg 1536w, https:\/\/www.albinfo.at\/wp-content\/uploads\/2026\/08\/be651ef1-04c8-45d5-b7fb-a0b37073f690-534x396.jpg 534w, https:\/\/www.albinfo.at\/wp-content\/uploads\/2026\/08\/be651ef1-04c8-45d5-b7fb-a0b37073f690-135x100.jpg 135w, https:\/\/www.albinfo.at\/wp-content\/uploads\/2026\/08\/be651ef1-04c8-45d5-b7fb-a0b37073f690-236x175.jpg 236w\" sizes=\"auto, (max-width: 650px) 100vw, 650px\" \/><\/a><\/p>\n<p>Die Redner berichteten von unterschiedlichen Erfahrungen ihrer Gemeinschaften mit dem gewaltsamen Verschwindenlassen. Diese Erlebnisse und Geschichten liefen in einem Punkt zusammen: der Notwendigkeit, die Opfer nicht zu vergessen, denn &#8220;Solange wir uns an sie erinnern, leben sie&#8221;, wie auch das inspirierende Motto der Veranstaltung lautet, die in diesem Jahr zum zweiten Mal in Genf stattfindet.<\/p>\n<p><a href=\"https:\/\/www.albinfo.ch\/wp-content\/uploads\/2026\/08\/marshi-motoristat.jpg\"><img loading=\"lazy\" decoding=\"async\" class=\"alignnone wp-image-947987\" src=\"https:\/\/www.albinfo.ch\/wp-content\/uploads\/2026\/08\/marshi-motoristat.jpg\" alt=\"\" width=\"650\" height=\"468\" srcset=\"https:\/\/www.albinfo.at\/wp-content\/uploads\/2026\/08\/marshi-motoristat.jpg 2048w, https:\/\/www.albinfo.at\/wp-content\/uploads\/2026\/08\/marshi-motoristat-300x216.jpg 300w, https:\/\/www.albinfo.at\/wp-content\/uploads\/2026\/08\/marshi-motoristat-1024x738.jpg 1024w, https:\/\/www.albinfo.at\/wp-content\/uploads\/2026\/08\/marshi-motoristat-768x553.jpg 768w, https:\/\/www.albinfo.at\/wp-content\/uploads\/2026\/08\/marshi-motoristat-1536x1106.jpg 1536w, https:\/\/www.albinfo.at\/wp-content\/uploads\/2026\/08\/marshi-motoristat-550x396.jpg 550w, https:\/\/www.albinfo.at\/wp-content\/uploads\/2026\/08\/marshi-motoristat-139x100.jpg 139w, https:\/\/www.albinfo.at\/wp-content\/uploads\/2026\/08\/marshi-motoristat-243x175.jpg 243w\" sizes=\"auto, (max-width: 650px) 100vw, 650px\" \/><\/a><\/p>\n<p>Nach dem &#8220;Marsch f\u00fcr Gerechtigkeit&#8221; findet am Abend eine Gedenkveranstaltung zu Ehren von Ukshin Hoti statt, einer der bekanntesten vermissten Personen aus dem Kosovo-Krieg. Bei dieser Gelegenheit wird S\u00e9bastien Gricourt das Buch &#8220;Gespr\u00e4ch durch die Gitterst\u00e4be&#8221; vorstellen, das den Briefwechsel zwischen Ukshin Hoti und Ismail Kadare in den 1990er-Jahren dokumentiert.<\/p>\n","protected":false},"excerpt":{"rendered":"<p>Mit dem &#8220;Marsch f\u00fcr Gerechtigkeit&#8221;, organisiert von &#8220;Dora D\u2019Istria&#8221; und weiteren Vereinigungen, wurde in Genf am 30. August der Internationale Tag der Opfer des Verschwindenlassens begangen.<\/p>\n","protected":false},"author":4,"featured_media":947992,"comment_status":"closed","ping_status":"closed","sticky":false,"template":"","format":"standard","meta":{"footnotes":""},"categories":[24636,1134,1141,1144,24006,24631,1133,1140,1158,1412,2015],"tags":[],"vendi":[],"content_country":[29888,31836,31837],"class_list":["post-948088","post","type-post","status-publish","format-standard","has-post-thumbnail","hentry","category-nachrichten-de-4","category-integration","category-themen","category-veranstaltungen","category-lajme-jeta-ne-zvicer-de","category-nachrichten-de-2","category-e-diaspora-de","category-leben-in-der-schweiz","category-themen-vor-ort","category-newsletter-de","category-newsletter-media-de","content_country-zvicer","content_country-austria-de","content_country-germany-de"],"acf":[],"_links":{"self":[{"href":"https:\/\/www.albinfo.at\/de\/wp-json\/wp\/v2\/posts\/948088","targetHints":{"allow":["GET"]}}],"collection":[{"href":"https:\/\/www.albinfo.at\/de\/wp-json\/wp\/v2\/posts"}],"about":[{"href":"https:\/\/www.albinfo.at\/de\/wp-json\/wp\/v2\/types\/post"}],"author":[{"embeddable":true,"href":"https:\/\/www.albinfo.at\/de\/wp-json\/wp\/v2\/users\/4"}],"replies":[{"embeddable":true,"href":"https:\/\/www.albinfo.at\/de\/wp-json\/wp\/v2\/comments?post=948088"}],"version-history":[{"count":2,"href":"https:\/\/www.albinfo.at\/de\/wp-json\/wp\/v2\/posts\/948088\/revisions"}],"predecessor-version":[{"id":948090,"href":"https:\/\/www.albinfo.at\/de\/wp-json\/wp\/v2\/posts\/948088\/revisions\/948090"}],"wp:featuredmedia":[{"embeddable":true,"href":"https:\/\/www.albinfo.at\/de\/wp-json\/wp\/v2\/media\/947992"}],"wp:attachment":[{"href":"https:\/\/www.albinfo.at\/de\/wp-json\/wp\/v2\/media?parent=948088"}],"wp:term":[{"taxonomy":"category","embeddable":true,"href":"https:\/\/www.albinfo.at\/de\/wp-json\/wp\/v2\/categories?post=948088"},{"taxonomy":"post_tag","embeddable":true,"href":"https:\/\/www.albinfo.at\/de\/wp-json\/wp\/v2\/tags?post=948088"},{"taxonomy":"vendi","embeddable":true,"href":"https:\/\/www.albinfo.at\/de\/wp-json\/wp\/v2\/vendi?post=948088"},{"taxonomy":"content_country","embeddable":true,"href":"https:\/\/www.albinfo.at\/de\/wp-json\/wp\/v2\/content_country?post=948088"}],"curies":[{"name":"wp","href":"https:\/\/api.w.org\/{rel}","templated":true}]}}