{"id":948074,"date":"2026-08-30T15:45:07","date_gmt":"2026-08-30T13:45:07","guid":{"rendered":"https:\/\/www.albinfo.ch\/prani-diplomatike-virtuale-sherbime-konsullore-per-diasporen-kudo-dhe-ne-cdo-kohe\/"},"modified":"2026-08-31T01:36:18","modified_gmt":"2026-08-30T23:36:18","slug":"prani-diplomatike-virtuale-sherbime-konsullore-per-diasporen-kudo-dhe-ne-cdo-kohe","status":"publish","type":"post","link":"https:\/\/www.albinfo.at\/de\/prani-diplomatike-virtuale-sherbime-konsullore-per-diasporen-kudo-dhe-ne-cdo-kohe\/","title":{"rendered":"\u201cVirtuelle diplomatische Pr\u00e4senz\u201d, konsularische Dienstleistungen f\u00fcr die Diaspora \u00fcberall und jederzeit"},"content":{"rendered":"<p class=\"isSelectedEnd\">Der albanische Minister f\u00fcr Europa und ausw\u00e4rtige Angelegenheiten, Ferit Hoxha, hat angek\u00fcndigt, dass sein Ministerium daran arbeitet, die Verfahren weiter zu vereinfachen und die konsularischen Dienstleistungen n\u00e4her an die B\u00fcrger zu bringen, insbesondere an jene, die au\u00dferhalb Albaniens leben, berichtet albinfo.ch.<\/p>\n<p class=\"isSelectedEnd\">In einer in den sozialen Netzwerken ver\u00f6ffentlichten Videobotschaft teilte Hoxha mit, dass im Zeitraum von 2017 bis 2026 insgesamt 1 Million 378 Tausend konsularische Dienstleistungen bearbeitet wurden.<\/p>\n<p class=\"isSelectedEnd\">Seinen Angaben zufolge wurden von 2019 bis Juni 2026 insgesamt 4,3 Millionen Beglaubigungen bearbeitet, w\u00e4hrend seit 2021 mehr als 203 Tausend Antr\u00e4ge f\u00fcr e-Visa registriert wurden.<\/p>\n<p class=\"isSelectedEnd\">Zu den angek\u00fcndigten Neuerungen geh\u00f6rt die Einf\u00fchrung eines Virtuellen Assistenten, der den B\u00fcrgern antworten und sie ohne zeitliche Einschr\u00e4nkungen zum jeweiligen Dienst weiterleiten soll.<\/p>\n<p>&#8220;Konkret arbeiten wir an der Einf\u00fchrung eines Virtuellen Assistenten, der keine festen \u00d6ffnungszeiten haben wird, jederzeit, auf jede Frage und von \u00fcberall aus antwortet und die Antragsteller zum entsprechenden Dienst weiterleitet&#8221;, sagte Hoxha.<\/p>\n<p class=\"isSelectedEnd\">VIDEO:\u00a0 \u00a0 \u00a0 \u00a0 \u00a0 \u00a0 \u00a0 \u00a0 \u00a0 \u00a0 \u00a0 \u00a0 \u00a0 \u00a0 \u00a0 \u00a0 <iframe loading=\"lazy\" style=\"border: none; overflow: hidden;\" src=\"https:\/\/www.facebook.com\/plugins\/video.php?height=476&amp;href=https%3A%2F%2Fwww.facebook.com%2Freel%2F3014405482238690%2F&amp;show_text=false&amp;width=267&amp;t=0\" width=\"267\" height=\"476\" frameborder=\"0\" scrolling=\"no\" allowfullscreen=\"allowfullscreen\"><\/iframe><\/p>\n<p>Bei den konsularischen Dienstleistungen ist au\u00dferdem die Einf\u00fchrung von QR-Codes vorgesehen, \u00fcber die B\u00fcrger die erhaltene Dienstleistung bewerten und Beschwerden einreichen k\u00f6nnen.<\/p>\n<p>Hoxha k\u00fcndigte an, dass in K\u00fcrze auch eine &#8220;Virtuelle diplomatische Pr\u00e4senz&#8221; eingerichtet werden soll. Sie soll als zentrale digitale Anlaufstelle f\u00fcr Informationen und konsularische Dienstleistungen dienen, insbesondere f\u00fcr B\u00fcrger, die sich in L\u00e4ndern befinden, in denen Albanien keine physische diplomatische Vertretung hat.<\/p>\n<p>&#8220;Wir wollen von der bisherigen Praxis, bei der der B\u00fcrger zum Staat geht, zu einem Ansatz \u00fcbergehen, bei dem der Staat zum B\u00fcrger kommt und ihm jederzeit nahe ist&#8221;, erkl\u00e4rte der Minister.<\/p>\n<p>F\u00fcr Albaner, die im Ausland leben, k\u00f6nnte der Ausbau der Online-Dienstleistungen die Notwendigkeit verringern, f\u00fcr bestimmte Verfahren zu Botschaften und Konsulaten zu reisen.<\/p>\n<p>Die Direktorin f\u00fcr konsularische Angelegenheiten im albanischen Ministerium f\u00fcr Europa und ausw\u00e4rtige Angelegenheiten, Irida La\u00e7i, teilte mit, dass derzeit 32 Dienstleistungen online angeboten werden.<\/p>\n<p>Davon erfordern 22 nicht zwingend die pers\u00f6nliche Anwesenheit des B\u00fcrgers. In F\u00e4llen, in denen die Art der Dienstleistung dies erm\u00f6glicht, k\u00f6nnen die Dokumente auch per Post versandt werden.<\/p>\n<p>&nbsp;<\/p>\n","protected":false},"excerpt":{"rendered":"<p>Albanien bereitet sich darauf vor, die digitalen Dienstleistungen f\u00fcr seine im Ausland lebenden B\u00fcrger weiter auszubauen. Dazu soll eine \u201cVirtuelle diplomatische Pr\u00e4senz\u201d geschaffen werden, eine zentrale digitale Anlaufstelle, die Informationen und konsularische Dienstleistungen auch in L\u00e4ndern anbieten soll, in denen es keine physische Vertretung gibt.<\/p>\n","protected":false},"author":6,"featured_media":947911,"comment_status":"closed","ping_status":"closed","sticky":false,"template":"","format":"standard","meta":{"footnotes":""},"categories":[33056,10649,24636,1134,23264,1130,23269,23262,24635,1129,1133],"tags":[],"vendi":[],"content_country":[],"class_list":["post-948074","post","type-post","status-publish","format-standard","has-post-thumbnail","hentry","category-de-balkani-de","category-albanien","category-nachrichten-de-4","category-integration","category-albania","category-aktuell","category-news","category-at-balkani-de","category-nachrichten-de-3","category-ch-balkan","category-e-diaspora-de"],"acf":[],"_links":{"self":[{"href":"https:\/\/www.albinfo.at\/de\/wp-json\/wp\/v2\/posts\/948074","targetHints":{"allow":["GET"]}}],"collection":[{"href":"https:\/\/www.albinfo.at\/de\/wp-json\/wp\/v2\/posts"}],"about":[{"href":"https:\/\/www.albinfo.at\/de\/wp-json\/wp\/v2\/types\/post"}],"author":[{"embeddable":true,"href":"https:\/\/www.albinfo.at\/de\/wp-json\/wp\/v2\/users\/6"}],"replies":[{"embeddable":true,"href":"https:\/\/www.albinfo.at\/de\/wp-json\/wp\/v2\/comments?post=948074"}],"version-history":[{"count":2,"href":"https:\/\/www.albinfo.at\/de\/wp-json\/wp\/v2\/posts\/948074\/revisions"}],"predecessor-version":[{"id":948076,"href":"https:\/\/www.albinfo.at\/de\/wp-json\/wp\/v2\/posts\/948074\/revisions\/948076"}],"wp:featuredmedia":[{"embeddable":true,"href":"https:\/\/www.albinfo.at\/de\/wp-json\/wp\/v2\/media\/947911"}],"wp:attachment":[{"href":"https:\/\/www.albinfo.at\/de\/wp-json\/wp\/v2\/media?parent=948074"}],"wp:term":[{"taxonomy":"category","embeddable":true,"href":"https:\/\/www.albinfo.at\/de\/wp-json\/wp\/v2\/categories?post=948074"},{"taxonomy":"post_tag","embeddable":true,"href":"https:\/\/www.albinfo.at\/de\/wp-json\/wp\/v2\/tags?post=948074"},{"taxonomy":"vendi","embeddable":true,"href":"https:\/\/www.albinfo.at\/de\/wp-json\/wp\/v2\/vendi?post=948074"},{"taxonomy":"content_country","embeddable":true,"href":"https:\/\/www.albinfo.at\/de\/wp-json\/wp\/v2\/content_country?post=948074"}],"curies":[{"name":"wp","href":"https:\/\/api.w.org\/{rel}","templated":true}]}}