{"id":948067,"date":"2026-08-30T11:45:46","date_gmt":"2026-08-30T09:45:46","guid":{"rendered":"https:\/\/www.albinfo.ch\/rregulla-te-reja-ne-aeroportin-e-shkupit-nga-1-shtatori\/"},"modified":"2026-08-31T01:28:16","modified_gmt":"2026-08-30T23:28:16","slug":"rregulla-te-reja-ne-aeroportin-e-shkupit-nga-1-shtatori","status":"publish","type":"post","link":"https:\/\/www.albinfo.at\/de\/rregulla-te-reja-ne-aeroportin-e-shkupit-nga-1-shtatori\/","title":{"rendered":"Neue Regeln am Flughafen Skopje ab dem 1. September"},"content":{"rendered":"<p>Ab dem 1. September 2026 treten am Internationalen Flughafen Skopje neue Regeln f\u00fcr die Nutzung der &#8220;Hug &amp; Fly&#8221;-Zone in Kraft, die sich vor dem Terminalgeb\u00e4ude befindet.<\/p>\n<p>Nach Angaben des Flughafenbetreibers k\u00f6nnen Autofahrer weiterhin bis zu 10 Minuten kostenlos halten, um Passagiere abzusetzen oder abzuholen. Diese M\u00f6glichkeit gilt jedoch f\u00fcr dasselbe Fahrzeug nur einmal innerhalb von 24 Stunden, berichtet albinfo.ch.<\/p>\n<p>Die Ein- und Ausfahrt der Fahrzeuge wird \u00fcber ein automatisches Kennzeichenerkennungssystem kontrolliert. Ziel ist es, den Verkehrsfluss besser zu steuern, insbesondere in Zeiten mit erh\u00f6htem Passagieraufkommen.<\/p>\n<p>Mit der \u00c4nderung sollen unn\u00f6tige Aufenthalte von Fahrzeugen vor dem Terminal vermieden und gleichzeitig ein sicherer und leichter Zugang f\u00fcr Reisende und Begleitpersonen erm\u00f6glicht werden.<\/p>\n<p>F\u00fcr Personen, die l\u00e4nger bleiben m\u00fcssen, steht weiterhin der Flughafenparkplatz mit rund 1.200 Stellpl\u00e4tzen f\u00fcr Fahrzeuge und sechs Busstellpl\u00e4tzen zur Verf\u00fcgung.<\/p>\n","protected":false},"excerpt":{"rendered":"<p>Die &#8220;Hug &#038; Fly&#8221;-Zone kann innerhalb von 24 Stunden nur einmal kostenlos genutzt werden, f\u00fcr Stopps von bis zu 10 Minuten.<\/p>\n","protected":false},"author":6,"featured_media":947857,"comment_status":"closed","ping_status":"closed","sticky":false,"template":"","format":"standard","meta":{"footnotes":""},"categories":[33056,24626,23265,23262,24625,1129],"tags":[],"vendi":[],"content_country":[],"class_list":["post-948067","post","type-post","status-publish","format-standard","has-post-thumbnail","hentry","category-de-balkani-de","category-nord-macedonia-de-2","category-nord-macedonia","category-at-balkani-de","category-nord-macedonia-de","category-ch-balkan"],"acf":[],"_links":{"self":[{"href":"https:\/\/www.albinfo.at\/de\/wp-json\/wp\/v2\/posts\/948067","targetHints":{"allow":["GET"]}}],"collection":[{"href":"https:\/\/www.albinfo.at\/de\/wp-json\/wp\/v2\/posts"}],"about":[{"href":"https:\/\/www.albinfo.at\/de\/wp-json\/wp\/v2\/types\/post"}],"author":[{"embeddable":true,"href":"https:\/\/www.albinfo.at\/de\/wp-json\/wp\/v2\/users\/6"}],"replies":[{"embeddable":true,"href":"https:\/\/www.albinfo.at\/de\/wp-json\/wp\/v2\/comments?post=948067"}],"version-history":[{"count":1,"href":"https:\/\/www.albinfo.at\/de\/wp-json\/wp\/v2\/posts\/948067\/revisions"}],"predecessor-version":[{"id":948068,"href":"https:\/\/www.albinfo.at\/de\/wp-json\/wp\/v2\/posts\/948067\/revisions\/948068"}],"wp:featuredmedia":[{"embeddable":true,"href":"https:\/\/www.albinfo.at\/de\/wp-json\/wp\/v2\/media\/947857"}],"wp:attachment":[{"href":"https:\/\/www.albinfo.at\/de\/wp-json\/wp\/v2\/media?parent=948067"}],"wp:term":[{"taxonomy":"category","embeddable":true,"href":"https:\/\/www.albinfo.at\/de\/wp-json\/wp\/v2\/categories?post=948067"},{"taxonomy":"post_tag","embeddable":true,"href":"https:\/\/www.albinfo.at\/de\/wp-json\/wp\/v2\/tags?post=948067"},{"taxonomy":"vendi","embeddable":true,"href":"https:\/\/www.albinfo.at\/de\/wp-json\/wp\/v2\/vendi?post=948067"},{"taxonomy":"content_country","embeddable":true,"href":"https:\/\/www.albinfo.at\/de\/wp-json\/wp\/v2\/content_country?post=948067"}],"curies":[{"name":"wp","href":"https:\/\/api.w.org\/{rel}","templated":true}]}}