{"id":947829,"date":"2026-08-29T13:55:27","date_gmt":"2026-08-29T11:55:27","guid":{"rendered":"https:\/\/www.albinfo.ch\/gjeneve-andin-hoti-merr-pjese-ne-aktivitetet-kushtuar-viktimave-te-zhdukjes-me-force\/"},"modified":"2026-08-30T01:37:07","modified_gmt":"2026-08-29T23:37:07","slug":"gjeneve-andin-hoti-merr-pjese-ne-aktivitetet-kushtuar-viktimave-te-zhdukjes-me-force","status":"publish","type":"post","link":"https:\/\/www.albinfo.at\/de\/gjeneve-andin-hoti-merr-pjese-ne-aktivitetet-kushtuar-viktimave-te-zhdukjes-me-force\/","title":{"rendered":"Minister Hoti wird in Genf vom UN-Ausschuss gegen das Verschwindenlassen empfangen"},"content":{"rendered":"<p>Der Minister f\u00fcr Arbeit, Familie und die Werte des Befreiungskrieges, Andin Hoti, wird morgen, am 30. August 2026, an den in Genf organisierten Aktivit\u00e4ten anl\u00e4sslich des Internationalen Tages der Opfer des Verschwindenlassens teilnehmen. Dazu geh\u00f6ren der &#8220;Marsch f\u00fcr Gerechtigkeit&#8221;, der vom Parc des Cropettes bis zum Place des Nations in Genf f\u00fchren wird, sowie ein Abend, der Ukshin Hoti gewidmet ist. Albinfo.ch ist Medienpartner dieser Aktivit\u00e4ten.<\/p>\n<p>Seine Teilnahme an dieser Veranstaltung, gemeinsam mit Vertretern der Regierungskommission f\u00fcr vermisste Personen und des Instituts f\u00fcr die w\u00e4hrend des Krieges im Kosovo begangenen Verbrechen, hat eine besondere Bedeutung. Herr Hoti wird die Stimme der Familien der vermissten Personen im Kosovo vertreten, die weiterhin Wahrheit, Gerechtigkeit und das Recht fordern, das Schicksal ihrer Angeh\u00f6rigen zu erfahren.<\/p>\n<p>Am Montag, dem 31. August 2026, wird Herr Andin Hoti zudem Teil der Delegation sein, die im Palais des Nations in Genf vom Ausschuss der Vereinten Nationen gegen das Verschwindenlassen empfangen wird.<\/p>\n<p>Bei diesem Treffen wird das Dokument &#8220;Brief aus dem Kosovo&#8221; \u00fcbergeben. Darin werden Herr Hoti, auch als Vertreter der Familien der Opfer des Verschwindenlassens aus dem Kosovo, sowie Vertreter der schweizerisch-albanischen Zivilgesellschaft aus Genf und Paris die internationale Gemeinschaft dazu aufrufen, ihr Engagement zur Aufkl\u00e4rung des Schicksals der vermissten Personen im Kosovo zu verst\u00e4rken.<\/p>\n<p>Die Delegation wird von Frau Mirishahe Limani Hiler, Organisatorin der Veranstaltung und engagierte Menschenrechtsaktivistin, koordiniert und geleitet.<\/p>\n<p>Die Botschaft ist klar: Die Familien k\u00f6nnen nicht weiterhin in Ungewissheit und im Warten leben. Wahrheit, Gerechtigkeit und das Recht, das Schicksal der gewaltsam Verschwundenen zu kennen, sind grundlegende Rechte, die nicht verweigert werden d\u00fcrfen.<\/p>\n","protected":false},"excerpt":{"rendered":"<p>Am 31. August 2026 wird er Teil der Delegation sein, die im Palais des Nations in Genf vom Ausschuss der Vereinten Nationen gegen das Verschwindenlassen empfangen wird.<\/p>\n","protected":false},"author":4,"featured_media":935864,"comment_status":"closed","ping_status":"closed","sticky":false,"template":"","format":"standard","meta":{"footnotes":""},"categories":[34872,24636,1141,3952,24006,24631,1129,1133,1140],"tags":[],"vendi":[31847],"content_country":[29888,31836,31837],"class_list":["post-947829","post","type-post","status-publish","format-standard","has-post-thumbnail","hentry","category-evente-de","category-nachrichten-de-4","category-themen","category-kosova-de","category-lajme-jeta-ne-zvicer-de","category-nachrichten-de-2","category-ch-balkan","category-e-diaspora-de","category-leben-in-der-schweiz","vendi-genf","content_country-zvicer","content_country-austria-de","content_country-germany-de"],"acf":[],"_links":{"self":[{"href":"https:\/\/www.albinfo.at\/de\/wp-json\/wp\/v2\/posts\/947829","targetHints":{"allow":["GET"]}}],"collection":[{"href":"https:\/\/www.albinfo.at\/de\/wp-json\/wp\/v2\/posts"}],"about":[{"href":"https:\/\/www.albinfo.at\/de\/wp-json\/wp\/v2\/types\/post"}],"author":[{"embeddable":true,"href":"https:\/\/www.albinfo.at\/de\/wp-json\/wp\/v2\/users\/4"}],"replies":[{"embeddable":true,"href":"https:\/\/www.albinfo.at\/de\/wp-json\/wp\/v2\/comments?post=947829"}],"version-history":[{"count":1,"href":"https:\/\/www.albinfo.at\/de\/wp-json\/wp\/v2\/posts\/947829\/revisions"}],"predecessor-version":[{"id":947830,"href":"https:\/\/www.albinfo.at\/de\/wp-json\/wp\/v2\/posts\/947829\/revisions\/947830"}],"wp:featuredmedia":[{"embeddable":true,"href":"https:\/\/www.albinfo.at\/de\/wp-json\/wp\/v2\/media\/935864"}],"wp:attachment":[{"href":"https:\/\/www.albinfo.at\/de\/wp-json\/wp\/v2\/media?parent=947829"}],"wp:term":[{"taxonomy":"category","embeddable":true,"href":"https:\/\/www.albinfo.at\/de\/wp-json\/wp\/v2\/categories?post=947829"},{"taxonomy":"post_tag","embeddable":true,"href":"https:\/\/www.albinfo.at\/de\/wp-json\/wp\/v2\/tags?post=947829"},{"taxonomy":"vendi","embeddable":true,"href":"https:\/\/www.albinfo.at\/de\/wp-json\/wp\/v2\/vendi?post=947829"},{"taxonomy":"content_country","embeddable":true,"href":"https:\/\/www.albinfo.at\/de\/wp-json\/wp\/v2\/content_country?post=947829"}],"curies":[{"name":"wp","href":"https:\/\/api.w.org\/{rel}","templated":true}]}}