{"id":947802,"date":"2026-08-29T11:45:46","date_gmt":"2026-08-29T09:45:46","guid":{"rendered":"https:\/\/www.albinfo.ch\/dua-lipa-pritet-ti-jape-nje-ngjyre-nderkombetare-festivalit-te-sanremos\/"},"modified":"2026-08-30T01:19:44","modified_gmt":"2026-08-29T23:19:44","slug":"dua-lipa-pritet-ti-jape-nje-ngjyre-nderkombetare-festivalit-te-sanremos","status":"publish","type":"post","link":"https:\/\/www.albinfo.at\/de\/dua-lipa-pritet-ti-jape-nje-ngjyre-nderkombetare-festivalit-te-sanremos\/","title":{"rendered":"Dua Lipa soll dem Sanremo-Festival eine internationale Note verleihen"},"content":{"rendered":"<p>Das Sanremo-Festival 2027 k\u00f6nnte durch eine m\u00f6gliche Teilnahme von Dua Lipa und weiteren prominenten Namen eine besonders internationale Note erhalten. Erste Gespr\u00e4che laufen bereits, w\u00e4hrend das Teilnehmerfeld zunehmend Gestalt annimmt.<\/p>\n<p>Dua Lipa liebt Italien. Und Italien liebt Dua Lipa. Dazwischen steht Sanremo, wo der britische Popstar mit kosovarisch-albanischen Wurzeln bereits aufgetreten ist&#8221;, schreibt die bekannte italienische Zeitung Il Messaggero, berichtet albinfo.ch. Nach ihrer Hochzeit mit Callum Turner, die auf Sizilien gefeiert wurde, k\u00f6nnte die S\u00e4ngerin f\u00fcr das kommende Festival nach Italien zur\u00fcckkehren.<\/p>\n<p>Stefano De Martino plant offenbar einen echten &#8220;Coup&#8221;, um seiner ersten Ausgabe noch mehr internationale Attraktivit\u00e4t zu verleihen. Gleichzeitig schreiten die Auswahl der Songs und die Vorbereitungen auch w\u00e4hrend eines Aufenthalts in Los Angeles voran. Eine R\u00fcckkehr von Dua Lipa ins Ariston w\u00e4re ein wahr gewordener Traum.<\/p>\n<p>Angesichts des heutigen internationalen Status von Dua Lipa mag es wie ein Traum erscheinen, ihren Namen mit dem kommenden Sanremo-Festival in Verbindung zu bringen. Treue Zuschauer werden sich jedoch erinnern: Bereits 2020 war sie als Gast im Ariston dabei. Es war das erste Festival unter der Leitung von Amadeus und zugleich der Beginn eines f\u00fcnfj\u00e4hrigen Zyklus. Dua Lipa trat am 7. Februar w\u00e4hrend des vierten Abends auf.<\/p>\n<p>Sie sang &#8220;Don&#8217;t Start Now&#8221; mit einer spektakul\u00e4ren Choreografie, begleitet von acht T\u00e4nzern. Es war auch aus anderen Gr\u00fcnden ein besonderes Sanremo, die damals niemand vorhersehen konnte: Nur wenige Wochen sp\u00e4ter sollte Italien wegen Covid-19 den Ausnahmezustand ausrufen, w\u00e4hrend die folgende Ausgabe im Jahr 2021 ohne Publikum im Ariston stattfand.<\/p>\n<p>Laut Adnkronos pr\u00fcft Stefano De Martino die M\u00f6glichkeit, Dua Lipa f\u00fcr einen Abend des Festivals als Co-Moderatorin zu engagieren. Die Verhandlungen sollen sich bereits in einem fortgeschrittenen Stadium befinden, obwohl es bislang weder von der RAI noch von den Festivalorganisatoren eine offizielle Best\u00e4tigung gibt.<\/p>\n<p>Noch ist unklar, ob ihre m\u00f6gliche Teilnahme mit einem bestimmten Abend verbunden w\u00e4re. Angesichts ihres internationalen Formats k\u00f6nnte sie jedoch zum H\u00f6hepunkt des Er\u00f6ffnungsabends oder des Finales werden, berichtet albinfo.ch. Auch die gro\u00dfe Neuerung des Abends &#8220;Performance&#8221;, bei dem in diesem Jahr Italiens Vertreter f\u00fcr den Eurovision Song Contest ausgew\u00e4hlt werden soll, w\u00e4re eine M\u00f6glichkeit.<\/p>\n<p>Es gibt bereits eine interessante Verbindung zu Dua Lipa: Im Jahr 2022 arbeitete TaP Music, damals das Management der S\u00e4ngerin, mit der BBC bei der Auswahl des britischen Vertreters f\u00fcr den Eurovision Song Contest zusammen. Sam Ryder wurde mit &#8220;Space Man&#8221; ausgew\u00e4hlt und belegte im Finale in Turin den zweiten Platz. Es war das beste britische Ergebnis seit mehr als zwanzig Jahren. Derzeit sind w\u00e4hrend des Sanremo-Festivals, das vom 16. bis 20. Februar 2027 im Teatro Ariston stattfinden wird, keine Konzerte von Dua Lipa geplant.<\/p>\n","protected":false},"excerpt":{"rendered":"<p>Der Festivalchef pr\u00fcft die M\u00f6glichkeit, Dua Lipa f\u00fcr einen Abend des Sanremo-Festivals als Co-Moderatorin zu engagieren.<\/p>\n","protected":false},"author":4,"featured_media":942274,"comment_status":"closed","ping_status":"closed","sticky":false,"template":"","format":"standard","meta":{"footnotes":""},"categories":[24659,24631,1138,1157],"tags":[],"vendi":[],"content_country":[29888,31836,31837],"class_list":["post-947802","post","type-post","status-publish","format-standard","has-post-thumbnail","hentry","category-musik","category-nachrichten-de-2","category-kultur","category-welt","content_country-zvicer","content_country-austria-de","content_country-germany-de"],"acf":[],"_links":{"self":[{"href":"https:\/\/www.albinfo.at\/de\/wp-json\/wp\/v2\/posts\/947802","targetHints":{"allow":["GET"]}}],"collection":[{"href":"https:\/\/www.albinfo.at\/de\/wp-json\/wp\/v2\/posts"}],"about":[{"href":"https:\/\/www.albinfo.at\/de\/wp-json\/wp\/v2\/types\/post"}],"author":[{"embeddable":true,"href":"https:\/\/www.albinfo.at\/de\/wp-json\/wp\/v2\/users\/4"}],"replies":[{"embeddable":true,"href":"https:\/\/www.albinfo.at\/de\/wp-json\/wp\/v2\/comments?post=947802"}],"version-history":[{"count":1,"href":"https:\/\/www.albinfo.at\/de\/wp-json\/wp\/v2\/posts\/947802\/revisions"}],"predecessor-version":[{"id":947803,"href":"https:\/\/www.albinfo.at\/de\/wp-json\/wp\/v2\/posts\/947802\/revisions\/947803"}],"wp:featuredmedia":[{"embeddable":true,"href":"https:\/\/www.albinfo.at\/de\/wp-json\/wp\/v2\/media\/942274"}],"wp:attachment":[{"href":"https:\/\/www.albinfo.at\/de\/wp-json\/wp\/v2\/media?parent=947802"}],"wp:term":[{"taxonomy":"category","embeddable":true,"href":"https:\/\/www.albinfo.at\/de\/wp-json\/wp\/v2\/categories?post=947802"},{"taxonomy":"post_tag","embeddable":true,"href":"https:\/\/www.albinfo.at\/de\/wp-json\/wp\/v2\/tags?post=947802"},{"taxonomy":"vendi","embeddable":true,"href":"https:\/\/www.albinfo.at\/de\/wp-json\/wp\/v2\/vendi?post=947802"},{"taxonomy":"content_country","embeddable":true,"href":"https:\/\/www.albinfo.at\/de\/wp-json\/wp\/v2\/content_country?post=947802"}],"curies":[{"name":"wp","href":"https:\/\/api.w.org\/{rel}","templated":true}]}}