{"id":947794,"date":"2026-08-29T10:45:43","date_gmt":"2026-08-29T08:45:43","guid":{"rendered":"https:\/\/www.albinfo.ch\/rama-shpll-rekordin-1-7-milione-pasagjere-gjate-gushtit-ne-aeroportin-e-tiranes\/"},"modified":"2026-08-30T01:15:18","modified_gmt":"2026-08-29T23:15:18","slug":"rama-shpll-rekordin-1-7-milione-pasagjere-gjate-gushtit-ne-aeroportin-e-tiranes","status":"publish","type":"post","link":"https:\/\/www.albinfo.at\/de\/rama-shpll-rekordin-1-7-milione-pasagjere-gjate-gushtit-ne-aeroportin-e-tiranes\/","title":{"rendered":"Rama verk\u00fcndet einen Rekord: 1,7 Millionen Passagiere im August am Flughafen Tirana"},"content":{"rendered":"<p>Der internationale Flughafen Tirana verzeichnet seit geraumer Zeit Rekorde im Luftverkehr, sowohl auf dem Balkan als auch dar\u00fcber hinaus. Ministerpr\u00e4sident Edi Rama hat nun einen weiteren Rekord bekannt gegeben: Vom 1. bis 27. August wurden am Flughafen 1,717 Millionen Passagiere abgefertigt.<\/p>\n<p>In seinem Facebook-Beitrag ging Rama auch auf den Rekord vom 17. August ein, als am internationalen Flughafen Tirana innerhalb eines Tages 60.291 Passagiere abgefertigt und 326 Fl\u00fcge durchgef\u00fchrt wurden.<\/p>\n<p>Auch im Juli wurden hohe Zahlen registriert. Nach den vom Ministerpr\u00e4sidenten ver\u00f6ffentlichten Angaben wurden am Flughafen rund 1,65 Millionen Passagiere abgefertigt. Das entspricht einem Anstieg von 28,1% gegen\u00fcber Juli des Vorjahres.<\/p>\n<p><iframe loading=\"lazy\" style=\"border: none; overflow: hidden;\" src=\"https:\/\/www.facebook.com\/plugins\/video.php?height=314&amp;href=https%3A%2F%2Fwww.facebook.com%2Freel%2F1678720076551018%2F&amp;show_text=false&amp;width=560&amp;t=0\" width=\"560\" height=\"314\" frameborder=\"0\" scrolling=\"no\" allowfullscreen=\"allowfullscreen\"><\/iframe><\/p>\n<p>Rama betont, dass die europ\u00e4ische Organisation f\u00fcr Zivilluftfahrt Tirana in ihrem Bericht vom April 2026 \u00fcber den Flughafenverkehr erneut als den Flughafen mit dem schnellsten monatlichen Wachstum in der Kategorie der gro\u00dfen Flugh\u00e4fen eingestuft hat.<\/p>\n<p>&#8220;Die hohen Passagierzahlen am internationalen Flughafen Tirana setzen sich fort. Allein in diesem Monat wurden bis zum 27. August 1,717 Millionen Passagiere abgefertigt. Einen Rekord gab es am 17. August, als der Flughafen an nur einem Tag 60.291 Passagiere abfertigte und 326 Fl\u00fcge durchf\u00fchrte. Auch im Juli wurden am internationalen Flughafen Tirana fast 1,65 Millionen Passagiere abgefertigt, 28,1% mehr als im gleichen Monat des Vorjahres. In ihrem Bericht vom April 2026 \u00fcber den Flughafenverkehr stufte die europ\u00e4ische Organisation f\u00fcr Zivilluftfahrt Tirana erneut als den Flughafen mit dem schnellsten monatlichen Wachstum in der Kategorie der gro\u00dfen Flugh\u00e4fen ein&#8221;, schreibt der Ministerpr\u00e4sident.<\/p>\n<p>&nbsp;<\/p>\n","protected":false},"excerpt":{"rendered":"<p>Er ging auch auf den Rekord vom 17. August ein, als am Flughafen Tirana innerhalb eines Tages 60.291 Passagiere abgefertigt und 326 Fl\u00fcge durchgef\u00fchrt wurden.<\/p>\n","protected":false},"author":4,"featured_media":827180,"comment_status":"closed","ping_status":"closed","sticky":false,"template":"","format":"standard","meta":{"footnotes":""},"categories":[10649,24631,1129],"tags":[],"vendi":[],"content_country":[29888,31836,31837],"class_list":["post-947794","post","type-post","status-publish","format-standard","has-post-thumbnail","hentry","category-albanien","category-nachrichten-de-2","category-ch-balkan","content_country-zvicer","content_country-austria-de","content_country-germany-de"],"acf":[],"_links":{"self":[{"href":"https:\/\/www.albinfo.at\/de\/wp-json\/wp\/v2\/posts\/947794","targetHints":{"allow":["GET"]}}],"collection":[{"href":"https:\/\/www.albinfo.at\/de\/wp-json\/wp\/v2\/posts"}],"about":[{"href":"https:\/\/www.albinfo.at\/de\/wp-json\/wp\/v2\/types\/post"}],"author":[{"embeddable":true,"href":"https:\/\/www.albinfo.at\/de\/wp-json\/wp\/v2\/users\/4"}],"replies":[{"embeddable":true,"href":"https:\/\/www.albinfo.at\/de\/wp-json\/wp\/v2\/comments?post=947794"}],"version-history":[{"count":2,"href":"https:\/\/www.albinfo.at\/de\/wp-json\/wp\/v2\/posts\/947794\/revisions"}],"predecessor-version":[{"id":947796,"href":"https:\/\/www.albinfo.at\/de\/wp-json\/wp\/v2\/posts\/947794\/revisions\/947796"}],"wp:featuredmedia":[{"embeddable":true,"href":"https:\/\/www.albinfo.at\/de\/wp-json\/wp\/v2\/media\/827180"}],"wp:attachment":[{"href":"https:\/\/www.albinfo.at\/de\/wp-json\/wp\/v2\/media?parent=947794"}],"wp:term":[{"taxonomy":"category","embeddable":true,"href":"https:\/\/www.albinfo.at\/de\/wp-json\/wp\/v2\/categories?post=947794"},{"taxonomy":"post_tag","embeddable":true,"href":"https:\/\/www.albinfo.at\/de\/wp-json\/wp\/v2\/tags?post=947794"},{"taxonomy":"vendi","embeddable":true,"href":"https:\/\/www.albinfo.at\/de\/wp-json\/wp\/v2\/vendi?post=947794"},{"taxonomy":"content_country","embeddable":true,"href":"https:\/\/www.albinfo.at\/de\/wp-json\/wp\/v2\/content_country?post=947794"}],"curies":[{"name":"wp","href":"https:\/\/api.w.org\/{rel}","templated":true}]}}