{"id":947526,"date":"2026-08-28T13:45:13","date_gmt":"2026-08-28T11:45:13","guid":{"rendered":"https:\/\/www.albinfo.ch\/lorik-cana-shoqeron-sportistet-e-shqiperise-dhe-te-kosoves-ne-vizite-fshatit-arberesh\/"},"modified":"2026-08-29T01:31:13","modified_gmt":"2026-08-28T23:31:13","slug":"lorik-cana-shoqeron-sportistet-e-shqiperise-dhe-te-kosoves-ne-vizite-fshatit-arberesh","status":"publish","type":"post","link":"https:\/\/www.albinfo.at\/de\/lorik-cana-shoqeron-sportistet-e-shqiperise-dhe-te-kosoves-ne-vizite-fshatit-arberesh\/","title":{"rendered":"Lorik Cana begleitet Sportler aus Albanien und dem Kosovo bei einem Besuch in einem Arb\u00ebresh-Dorf"},"content":{"rendered":"<p>Die Ikone des albanischen Fussballs, Lorik Cana, der auch f\u00fcr sein Engagement zur F\u00f6rderung der albanischen Kultur bekannt ist, hat in einem Facebook-Beitrag ein Erlebnis von seinem Treffen mit den Teilnehmenden aus Albanien und dem Kosovo bei den Mittelmeerspielen in Taranto mit der \u00d6ffentlichkeit geteilt.<\/p>\n<p>&#8220;W\u00e4hrend meines Aufenthalts in der ersten Woche der Mittelmeerspiele Taranto 2026 | Giochi del Mediterraneo hatte ich die Ehre, die offiziellen Delegationen des Albanischen Olympischen Komitees und des Olympischen Komitees des Kosovo bei einem institutionellen und br\u00fcderlichen Besuch im Arb\u00ebresh-Dorf San Marzano di San Giuseppe zu begleiten&#8221;, schreibt Cana.<\/p>\n<p><a href=\"https:\/\/www.albinfo.ch\/wp-content\/uploads\/2026\/08\/786543159_1625246075637505_9141637225435909554_n.jpg\"><img loading=\"lazy\" decoding=\"async\" class=\"alignnone wp-image-947376\" src=\"https:\/\/www.albinfo.ch\/wp-content\/uploads\/2026\/08\/786543159_1625246075637505_9141637225435909554_n.jpg\" alt=\"\" width=\"650\" height=\"433\" srcset=\"https:\/\/www.albinfo.at\/wp-content\/uploads\/2026\/08\/786543159_1625246075637505_9141637225435909554_n.jpg 2048w, https:\/\/www.albinfo.at\/wp-content\/uploads\/2026\/08\/786543159_1625246075637505_9141637225435909554_n-300x200.jpg 300w, https:\/\/www.albinfo.at\/wp-content\/uploads\/2026\/08\/786543159_1625246075637505_9141637225435909554_n-1024x682.jpg 1024w, https:\/\/www.albinfo.at\/wp-content\/uploads\/2026\/08\/786543159_1625246075637505_9141637225435909554_n-768x512.jpg 768w, https:\/\/www.albinfo.at\/wp-content\/uploads\/2026\/08\/786543159_1625246075637505_9141637225435909554_n-1536x1023.jpg 1536w, https:\/\/www.albinfo.at\/wp-content\/uploads\/2026\/08\/786543159_1625246075637505_9141637225435909554_n-586x389.jpg 586w, https:\/\/www.albinfo.at\/wp-content\/uploads\/2026\/08\/786543159_1625246075637505_9141637225435909554_n-210x141.jpg 210w, https:\/\/www.albinfo.at\/wp-content\/uploads\/2026\/08\/786543159_1625246075637505_9141637225435909554_n-587x391.jpg 587w, https:\/\/www.albinfo.at\/wp-content\/uploads\/2026\/08\/786543159_1625246075637505_9141637225435909554_n-150x100.jpg 150w, https:\/\/www.albinfo.at\/wp-content\/uploads\/2026\/08\/786543159_1625246075637505_9141637225435909554_n-263x175.jpg 263w\" sizes=\"auto, (max-width: 650px) 100vw, 650px\" \/><\/a><\/p>\n<p>&#8220;Auf der Piazza Casalini und w\u00e4hrend des offiziellen Treffens im Palazzo della Cultura wurden wir von den lokalen Beh\u00f6rden und den Bewohnern der Gemeinschaft empfangen, die uns einen herzlichen und aussergew\u00f6hnlichen Empfang bereiteten. Dieser Besuch fand auch im Rahmen des Projekts &#8220;UDHA \u2013 Ein Blut, eine Sprache, ein Ehrenwort&#8221; statt, das von der &#8220;Lorik Cana 5 Foundation&#8221; organisiert wird und darauf abzielt, die kulturellen Verbindungen zu den Arb\u00ebresh-Gemeinschaften in Italien zu st\u00e4rken.<\/p>\n<p>Es war eine gute Gelegenheit, Sportdiplomatie und unsere Geschichte miteinander zu verbinden. Die Vertreter des Albanischen Nationalen Olympischen Komitees (KOKSH) und des Olympischen Komitees des Kosovo hatten die Gelegenheit, der Stadt San Marzano f\u00fcr ihre kontinuierliche Unterst\u00fctzung sowie f\u00fcr die hervorragende Bewahrung der Sprache und der Traditionen \u00fcber die Jahrhunderte hinweg zu danken.&#8221;<\/p>\n<p><a href=\"https:\/\/www.albinfo.ch\/wp-content\/uploads\/2026\/08\/786898972_1625246225637490_132650172265314904_n.jpg\"><img loading=\"lazy\" decoding=\"async\" class=\"alignnone wp-image-947379\" src=\"https:\/\/www.albinfo.ch\/wp-content\/uploads\/2026\/08\/786898972_1625246225637490_132650172265314904_n.jpg\" alt=\"\" width=\"650\" height=\"433\" srcset=\"https:\/\/www.albinfo.at\/wp-content\/uploads\/2026\/08\/786898972_1625246225637490_132650172265314904_n.jpg 2048w, https:\/\/www.albinfo.at\/wp-content\/uploads\/2026\/08\/786898972_1625246225637490_132650172265314904_n-300x200.jpg 300w, https:\/\/www.albinfo.at\/wp-content\/uploads\/2026\/08\/786898972_1625246225637490_132650172265314904_n-1024x682.jpg 1024w, https:\/\/www.albinfo.at\/wp-content\/uploads\/2026\/08\/786898972_1625246225637490_132650172265314904_n-768x512.jpg 768w, https:\/\/www.albinfo.at\/wp-content\/uploads\/2026\/08\/786898972_1625246225637490_132650172265314904_n-1536x1023.jpg 1536w, https:\/\/www.albinfo.at\/wp-content\/uploads\/2026\/08\/786898972_1625246225637490_132650172265314904_n-586x389.jpg 586w, https:\/\/www.albinfo.at\/wp-content\/uploads\/2026\/08\/786898972_1625246225637490_132650172265314904_n-210x141.jpg 210w, https:\/\/www.albinfo.at\/wp-content\/uploads\/2026\/08\/786898972_1625246225637490_132650172265314904_n-587x391.jpg 587w, https:\/\/www.albinfo.at\/wp-content\/uploads\/2026\/08\/786898972_1625246225637490_132650172265314904_n-150x100.jpg 150w, https:\/\/www.albinfo.at\/wp-content\/uploads\/2026\/08\/786898972_1625246225637490_132650172265314904_n-263x175.jpg 263w\" sizes=\"auto, (max-width: 650px) 100vw, 650px\" \/><\/a><\/p>\n<p>&#8220;Dieses Treffen erhielt eine noch besondere Bedeutung, da die Zukunft dieses grossen Ereignisses uns geh\u00f6rt. Es war eine Ehre, \u00fcber unseren gemeinsamen sportlichen Weg zu sprechen, insbesondere mit Blick darauf, dass die n\u00e4chste Ausgabe der Mittelmeerspiele im Jahr 2030 verdientermassen in Prishtina ausgetragen wird.<\/p>\n<p>Ein besonderer Dank gilt B\u00fcrgermeister Francesco Leo und Lorenzo Lonoce f\u00fcr den offiziellen Empfang, den zahlreichen Vereinen, die unsere Kultur jeden Tag lebendig halten, sowie allen B\u00fcrgerinnen und B\u00fcrgern, die uns mit Respekt umgeben und uns das Gef\u00fchl gegeben haben, zu Hause zu sein&#8221;, schreibt Lorik Cana abschliessend.<\/p>\n<p><a href=\"https:\/\/www.albinfo.ch\/wp-content\/uploads\/2026\/08\/785214318_1625246292304150_7802409123659467501_n.jpg\"><img loading=\"lazy\" decoding=\"async\" class=\"alignnone wp-image-947373\" src=\"https:\/\/www.albinfo.ch\/wp-content\/uploads\/2026\/08\/785214318_1625246292304150_7802409123659467501_n.jpg\" alt=\"\" width=\"650\" height=\"433\" srcset=\"https:\/\/www.albinfo.at\/wp-content\/uploads\/2026\/08\/785214318_1625246292304150_7802409123659467501_n.jpg 2048w, https:\/\/www.albinfo.at\/wp-content\/uploads\/2026\/08\/785214318_1625246292304150_7802409123659467501_n-300x200.jpg 300w, https:\/\/www.albinfo.at\/wp-content\/uploads\/2026\/08\/785214318_1625246292304150_7802409123659467501_n-1024x682.jpg 1024w, https:\/\/www.albinfo.at\/wp-content\/uploads\/2026\/08\/785214318_1625246292304150_7802409123659467501_n-768x512.jpg 768w, https:\/\/www.albinfo.at\/wp-content\/uploads\/2026\/08\/785214318_1625246292304150_7802409123659467501_n-1536x1023.jpg 1536w, https:\/\/www.albinfo.at\/wp-content\/uploads\/2026\/08\/785214318_1625246292304150_7802409123659467501_n-586x389.jpg 586w, https:\/\/www.albinfo.at\/wp-content\/uploads\/2026\/08\/785214318_1625246292304150_7802409123659467501_n-210x141.jpg 210w, https:\/\/www.albinfo.at\/wp-content\/uploads\/2026\/08\/785214318_1625246292304150_7802409123659467501_n-587x391.jpg 587w, https:\/\/www.albinfo.at\/wp-content\/uploads\/2026\/08\/785214318_1625246292304150_7802409123659467501_n-150x100.jpg 150w, https:\/\/www.albinfo.at\/wp-content\/uploads\/2026\/08\/785214318_1625246292304150_7802409123659467501_n-263x175.jpg 263w\" sizes=\"auto, (max-width: 650px) 100vw, 650px\" \/><\/a><\/p>\n","protected":false},"excerpt":{"rendered":"<p>&#8220;Es war eine gute Gelegenheit, Sportdiplomatie und unsere Geschichte miteinander zu verbinden&#8221;<\/p>\n","protected":false},"author":4,"featured_media":947384,"comment_status":"closed","ping_status":"closed","sticky":false,"template":"","format":"standard","meta":{"footnotes":""},"categories":[10649,24641,3952,24631,1129,1139],"tags":[],"vendi":[],"content_country":[29888,31836,31837],"class_list":["post-947526","post","type-post","status-publish","format-standard","has-post-thumbnail","hentry","category-albanien","category-andere-de-2","category-kosova-de","category-nachrichten-de-2","category-ch-balkan","category-sport","content_country-zvicer","content_country-austria-de","content_country-germany-de"],"acf":[],"_links":{"self":[{"href":"https:\/\/www.albinfo.at\/de\/wp-json\/wp\/v2\/posts\/947526","targetHints":{"allow":["GET"]}}],"collection":[{"href":"https:\/\/www.albinfo.at\/de\/wp-json\/wp\/v2\/posts"}],"about":[{"href":"https:\/\/www.albinfo.at\/de\/wp-json\/wp\/v2\/types\/post"}],"author":[{"embeddable":true,"href":"https:\/\/www.albinfo.at\/de\/wp-json\/wp\/v2\/users\/4"}],"replies":[{"embeddable":true,"href":"https:\/\/www.albinfo.at\/de\/wp-json\/wp\/v2\/comments?post=947526"}],"version-history":[{"count":1,"href":"https:\/\/www.albinfo.at\/de\/wp-json\/wp\/v2\/posts\/947526\/revisions"}],"predecessor-version":[{"id":947527,"href":"https:\/\/www.albinfo.at\/de\/wp-json\/wp\/v2\/posts\/947526\/revisions\/947527"}],"wp:featuredmedia":[{"embeddable":true,"href":"https:\/\/www.albinfo.at\/de\/wp-json\/wp\/v2\/media\/947384"}],"wp:attachment":[{"href":"https:\/\/www.albinfo.at\/de\/wp-json\/wp\/v2\/media?parent=947526"}],"wp:term":[{"taxonomy":"category","embeddable":true,"href":"https:\/\/www.albinfo.at\/de\/wp-json\/wp\/v2\/categories?post=947526"},{"taxonomy":"post_tag","embeddable":true,"href":"https:\/\/www.albinfo.at\/de\/wp-json\/wp\/v2\/tags?post=947526"},{"taxonomy":"vendi","embeddable":true,"href":"https:\/\/www.albinfo.at\/de\/wp-json\/wp\/v2\/vendi?post=947526"},{"taxonomy":"content_country","embeddable":true,"href":"https:\/\/www.albinfo.at\/de\/wp-json\/wp\/v2\/content_country?post=947526"}],"curies":[{"name":"wp","href":"https:\/\/api.w.org\/{rel}","templated":true}]}}