{"id":920097,"date":"2026-05-01T15:51:11","date_gmt":"2026-05-01T13:51:11","guid":{"rendered":"https:\/\/www.albinfo.ch\/ffk-prezanton-fanellat-e-reja-te-kosoves-te-prodhuara-nga-adidas\/"},"modified":"2026-05-01T23:56:08","modified_gmt":"2026-05-01T21:56:08","slug":"ffk-prezanton-fanellat-e-reja-te-kosoves-te-prodhuara-nga-adidas","status":"publish","type":"post","link":"https:\/\/www.albinfo.at\/de\/ffk-prezanton-fanellat-e-reja-te-kosoves-te-prodhuara-nga-adidas\/","title":{"rendered":"Der FFK pr\u00e4sentiert die neuen Trikots des Kosovo, hergestellt von Adidas"},"content":{"rendered":"<p data-start=\"556\" data-end=\"841\">Der Fu\u00dfballverband des Kosovo FFK hat offiziell die neuen Trikots der kosovarischen Nationalmannschaft vorgestellt, die vom bekannten Sportartikelhersteller Adidas produziert wurden und im neuen Zyklus der europ\u00e4ischen Wettbewerbe verwendet werden, berichtet albinfo.ch.<\/p>\n<p data-start=\"843\" data-end=\"1104\" data-is-last-node=\"\" data-is-only-node=\"\">Laut Mitteilung des FFK haben die neuen Trikots ein individuelles Design, das die Identit\u00e4t und Symbolik der kosovarischen Nationalmannschaft widerspiegelt, im Rahmen der Zusammenarbeit mit der UEFA und des Programms f\u00fcr Sportausr\u00fcstung der nationalen Verb\u00e4nde.<\/p>\n<p><img loading=\"lazy\" decoding=\"async\" class=\"alignnone wp-image-919937\" src=\"https:\/\/www.albinfo.ch\/wp-content\/uploads\/2026\/05\/img_9205-1024x795.jpeg\" alt=\"\" width=\"500\" height=\"388\" srcset=\"https:\/\/www.albinfo.at\/wp-content\/uploads\/2026\/05\/img_9205-1024x795.jpeg 1024w, https:\/\/www.albinfo.at\/wp-content\/uploads\/2026\/05\/img_9205-300x233.jpeg 300w, https:\/\/www.albinfo.at\/wp-content\/uploads\/2026\/05\/img_9205-768x597.jpeg 768w, https:\/\/www.albinfo.at\/wp-content\/uploads\/2026\/05\/img_9205-510x396.jpeg 510w, https:\/\/www.albinfo.at\/wp-content\/uploads\/2026\/05\/img_9205-129x100.jpeg 129w, https:\/\/www.albinfo.at\/wp-content\/uploads\/2026\/05\/img_9205-225x175.jpeg 225w, https:\/\/www.albinfo.at\/wp-content\/uploads\/2026\/05\/img_9205.jpeg 1080w\" sizes=\"auto, (max-width: 500px) 100vw, 500px\" \/> <img loading=\"lazy\" decoding=\"async\" class=\"alignnone wp-image-919940\" src=\"https:\/\/www.albinfo.ch\/wp-content\/uploads\/2026\/05\/img_9206-1024x796.jpeg\" alt=\"\" width=\"500\" height=\"389\" srcset=\"https:\/\/www.albinfo.at\/wp-content\/uploads\/2026\/05\/img_9206-1024x796.jpeg 1024w, https:\/\/www.albinfo.at\/wp-content\/uploads\/2026\/05\/img_9206-300x233.jpeg 300w, https:\/\/www.albinfo.at\/wp-content\/uploads\/2026\/05\/img_9206-768x597.jpeg 768w, https:\/\/www.albinfo.at\/wp-content\/uploads\/2026\/05\/img_9206-510x396.jpeg 510w, https:\/\/www.albinfo.at\/wp-content\/uploads\/2026\/05\/img_9206-129x100.jpeg 129w, https:\/\/www.albinfo.at\/wp-content\/uploads\/2026\/05\/img_9206-225x175.jpeg 225w, https:\/\/www.albinfo.at\/wp-content\/uploads\/2026\/05\/img_9206.jpeg 1440w\" sizes=\"auto, (max-width: 500px) 100vw, 500px\" \/><\/p>\n<p>Der FFK hat mitgeteilt, dass diese Trikots in den n\u00e4chsten zwei Saisons verwendet werden sollen, mit dem Ziel, die Pr\u00e4sentationsstandards der Nationalmannschaft zu erh\u00f6hen und den Kosovo auf der internationalen B\u00fchne m\u00f6glichst w\u00fcrdig zu vertreten, berichtet albinfo.ch.<\/p>\n","protected":false},"excerpt":{"rendered":"<p>Die neuen Trikots sollen in den n\u00e4chsten zwei Saisons verwendet werden<\/p>\n","protected":false},"author":31,"featured_media":919935,"comment_status":"closed","ping_status":"closed","sticky":false,"template":"","format":"standard","meta":{"footnotes":""},"categories":[3952,4023,24631,1129,1139],"tags":[],"vendi":[],"content_country":[29888,31837],"class_list":["post-920097","post","type-post","status-publish","format-standard","has-post-thumbnail","hentry","category-kosova-de","category-futboll-de","category-nachrichten-de-2","category-ch-balkan","category-sport","content_country-zvicer","content_country-germany-de"],"acf":[],"_links":{"self":[{"href":"https:\/\/www.albinfo.at\/de\/wp-json\/wp\/v2\/posts\/920097","targetHints":{"allow":["GET"]}}],"collection":[{"href":"https:\/\/www.albinfo.at\/de\/wp-json\/wp\/v2\/posts"}],"about":[{"href":"https:\/\/www.albinfo.at\/de\/wp-json\/wp\/v2\/types\/post"}],"author":[{"embeddable":true,"href":"https:\/\/www.albinfo.at\/de\/wp-json\/wp\/v2\/users\/31"}],"replies":[{"embeddable":true,"href":"https:\/\/www.albinfo.at\/de\/wp-json\/wp\/v2\/comments?post=920097"}],"version-history":[{"count":2,"href":"https:\/\/www.albinfo.at\/de\/wp-json\/wp\/v2\/posts\/920097\/revisions"}],"predecessor-version":[{"id":920099,"href":"https:\/\/www.albinfo.at\/de\/wp-json\/wp\/v2\/posts\/920097\/revisions\/920099"}],"wp:featuredmedia":[{"embeddable":true,"href":"https:\/\/www.albinfo.at\/de\/wp-json\/wp\/v2\/media\/919935"}],"wp:attachment":[{"href":"https:\/\/www.albinfo.at\/de\/wp-json\/wp\/v2\/media?parent=920097"}],"wp:term":[{"taxonomy":"category","embeddable":true,"href":"https:\/\/www.albinfo.at\/de\/wp-json\/wp\/v2\/categories?post=920097"},{"taxonomy":"post_tag","embeddable":true,"href":"https:\/\/www.albinfo.at\/de\/wp-json\/wp\/v2\/tags?post=920097"},{"taxonomy":"vendi","embeddable":true,"href":"https:\/\/www.albinfo.at\/de\/wp-json\/wp\/v2\/vendi?post=920097"},{"taxonomy":"content_country","embeddable":true,"href":"https:\/\/www.albinfo.at\/de\/wp-json\/wp\/v2\/content_country?post=920097"}],"curies":[{"name":"wp","href":"https:\/\/api.w.org\/{rel}","templated":true}]}}