{"id":919926,"date":"2026-05-01T11:50:38","date_gmt":"2026-05-01T09:50:38","guid":{"rendered":"https:\/\/www.albinfo.ch\/milani-ia-beson-ardon-jasharit-mesfushen-pas-lendimit-te-modriqit\/"},"modified":"2026-05-01T14:34:16","modified_gmt":"2026-05-01T12:34:16","slug":"milani-ia-beson-ardon-jasharit-mesfushen-pas-lendimit-te-modriqit","status":"publish","type":"post","link":"https:\/\/www.albinfo.at\/de\/milani-ia-beson-ardon-jasharit-mesfushen-pas-lendimit-te-modriqit\/","title":{"rendered":"Milan vertraut das Mittelfeld Ardon Jashari nach der Verletzung von Modriq an"},"content":{"rendered":"<p data-start=\"1328\" data-end=\"1539\">Der albanische Mittelfeldspieler Ardon Jashari wird voraussichtlich zum Saisonende eine Schl\u00fcsselrolle beim AC Milan \u00fcbernehmen, nach der schweren Verletzung von Luka Modriq, berichtet albinfo.ch.<\/p>\n<p data-start=\"1541\" data-end=\"1740\">Der 40 j\u00e4hrige Mittelfeldspieler erlitt beim torlosen Unentschieden gegen Juventus am Sonntagabend eine doppelte Jochbeinfraktur und hinterl\u00e4sst Milan ohne eine der wichtigsten Figuren im Mittelfeld.<\/p>\n<p data-start=\"1742\" data-end=\"1932\">Laut &#8220;milanpress.it&#8221; wird Jashari in den verbleibenden vier Spielen eine gro\u00dfe Verantwortung \u00fcbernehmen und die M\u00f6glichkeit haben, das Vertrauen von Trainer Massimiliano Allegri zu gewinnen.<\/p>\n<p data-start=\"1934\" data-end=\"2080\">&#8220;Nach der Verletzung von Modriq hat Jashari noch vier Spiele, um das Vertrauen von Trainer Allegri zu gewinnen&#8221;, schreibt das italienische Medium.<\/p>\n<p data-start=\"2082\" data-end=\"2307\">Auch andere Medien in Italien berichten, dass der 23 J\u00e4hrige als Favorit gilt, in den letzten Spielen der Saison in der Startelf zu stehen, in einer Phase, in der der Klub um die Qualifikation f\u00fcr die Champions League k\u00e4mpft.<\/p>\n<p data-start=\"2309\" data-end=\"2538\">Jashari wechselte im vergangenen Sommer vom Club Brugge f\u00fcr 35 Millionen Euro zum AC Milan, hatte jedoch in seiner ersten Saison begrenzte Einsatzzeiten, auch aufgrund einer Verletzung, die ihn f\u00fcr eine Zeit au\u00dfer Gefecht setzte.<\/p>\n<p data-start=\"2540\" data-end=\"2614\" data-is-last-node=\"\" data-is-only-node=\"\">Bisher hat er in dieser Saison 14 Spiele in allen Wettbewerben absolviert.\/Albinfo.ch<\/p>\n","protected":false},"excerpt":{"rendered":"<p>Jashari d\u00fcrfte in den letzten vier Spielen der Saison mehr Einsatzzeit erhalten<\/p>\n","protected":false},"author":31,"featured_media":853348,"comment_status":"closed","ping_status":"closed","sticky":false,"template":"","format":"standard","meta":{"footnotes":""},"categories":[4023,24631,1139],"tags":[],"vendi":[],"content_country":[29888,31836,31837],"class_list":["post-919926","post","type-post","status-publish","format-standard","has-post-thumbnail","hentry","category-futboll-de","category-nachrichten-de-2","category-sport","content_country-zvicer","content_country-austria-de","content_country-germany-de"],"acf":[],"_links":{"self":[{"href":"https:\/\/www.albinfo.at\/de\/wp-json\/wp\/v2\/posts\/919926","targetHints":{"allow":["GET"]}}],"collection":[{"href":"https:\/\/www.albinfo.at\/de\/wp-json\/wp\/v2\/posts"}],"about":[{"href":"https:\/\/www.albinfo.at\/de\/wp-json\/wp\/v2\/types\/post"}],"author":[{"embeddable":true,"href":"https:\/\/www.albinfo.at\/de\/wp-json\/wp\/v2\/users\/31"}],"replies":[{"embeddable":true,"href":"https:\/\/www.albinfo.at\/de\/wp-json\/wp\/v2\/comments?post=919926"}],"version-history":[{"count":2,"href":"https:\/\/www.albinfo.at\/de\/wp-json\/wp\/v2\/posts\/919926\/revisions"}],"predecessor-version":[{"id":919928,"href":"https:\/\/www.albinfo.at\/de\/wp-json\/wp\/v2\/posts\/919926\/revisions\/919928"}],"wp:featuredmedia":[{"embeddable":true,"href":"https:\/\/www.albinfo.at\/de\/wp-json\/wp\/v2\/media\/853348"}],"wp:attachment":[{"href":"https:\/\/www.albinfo.at\/de\/wp-json\/wp\/v2\/media?parent=919926"}],"wp:term":[{"taxonomy":"category","embeddable":true,"href":"https:\/\/www.albinfo.at\/de\/wp-json\/wp\/v2\/categories?post=919926"},{"taxonomy":"post_tag","embeddable":true,"href":"https:\/\/www.albinfo.at\/de\/wp-json\/wp\/v2\/tags?post=919926"},{"taxonomy":"vendi","embeddable":true,"href":"https:\/\/www.albinfo.at\/de\/wp-json\/wp\/v2\/vendi?post=919926"},{"taxonomy":"content_country","embeddable":true,"href":"https:\/\/www.albinfo.at\/de\/wp-json\/wp\/v2\/content_country?post=919926"}],"curies":[{"name":"wp","href":"https:\/\/api.w.org\/{rel}","templated":true}]}}